{"id":31836,"date":"2021-01-28T20:30:48","date_gmt":"2021-01-28T20:30:48","guid":{"rendered":"https:\/\/www.achimbrueckner.de\/dxradio\/php\/wordpress\/?p=31836"},"modified":"2021-01-28T20:30:48","modified_gmt":"2021-01-28T20:30:48","slug":"aus-fur-galei-zahal","status":"publish","type":"post","link":"https:\/\/www.achimbrueckner.de\/dxradio\/php\/wordpress\/?p=31836","title":{"rendered":"Aus f\u00fcr Galei Zahal?"},"content":{"rendered":"<p><a href=\"https:\/\/www.juedische-allgemeine.de\/israel\/aus-fuer-galei-zahal\/\" rel=\"noopener\" target=\"_blank\">https:\/\/www.juedische-allgemeine.de\/israel\/aus-fuer-galei-zahal\/<\/a><\/p>\n","protected":false},"excerpt":{"rendered":"<p>https:\/\/www.juedische-allgemeine.de\/israel\/aus-fuer-galei-zahal\/<\/p>\n","protected":false},"author":1,"featured_media":0,"comment_status":"closed","ping_status":"open","sticky":false,"template":"","format":"standard","meta":{"_jetpack_memberships_contains_paid_content":false,"footnotes":"","jetpack_publicize_message":"","jetpack_publicize_feature_enabled":true,"jetpack_social_post_already_shared":true,"jetpack_social_options":{"image_generator_settings":{"template":"highway","default_image_id":0,"font":"","enabled":false},"version":2}},"categories":[1],"tags":[],"class_list":["post-31836","post","type-post","status-publish","format-standard","hentry","category-deutsch"],"jetpack_publicize_connections":[],"jetpack_featured_media_url":"","jetpack_sharing_enabled":true,"jetpack_shortlink":"https:\/\/wp.me\/p5CDmr-8hu","jetpack-related-posts":[{"id":44287,"url":"https:\/\/www.achimbrueckner.de\/dxradio\/php\/wordpress\/?p=44287","url_meta":{"origin":31836,"position":0},"title":"Israel: Galei Zahal vor dem Aus","author":"Administrator","date":"November 14, 2025","format":false,"excerpt":"https:\/\/www.radioblog.eu\/2025\/11\/14\/israel-galei-zahal-vor-dem-aus\/","rel":"","context":"In &quot;Deutsch&quot;","block_context":{"text":"Deutsch","link":"https:\/\/www.achimbrueckner.de\/dxradio\/php\/wordpress\/?cat=1"},"img":{"alt_text":"","src":"","width":0,"height":0},"classes":[]},{"id":44683,"url":"https:\/\/www.achimbrueckner.de\/dxradio\/php\/wordpress\/?p=44683","url_meta":{"origin":31836,"position":1},"title":"Israel: Gericht untersagt Schlie\u00dfung von Galei Zahal","author":"Administrator","date":"December 31, 2025","format":false,"excerpt":"https:\/\/www.radioblog.eu\/2025\/12\/30\/israel-gericht-untersagt-schliessung-von-galei-zahal\/","rel":"","context":"In &quot;Deutsch&quot;","block_context":{"text":"Deutsch","link":"https:\/\/www.achimbrueckner.de\/dxradio\/php\/wordpress\/?cat=1"},"img":{"alt_text":"","src":"","width":0,"height":0},"classes":[]},{"id":117,"url":"https:\/\/www.achimbrueckner.de\/dxradio\/php\/wordpress\/?p=117","url_meta":{"origin":31836,"position":2},"title":"Galei Zahal","author":"Administrator","date":"October 13, 2006","format":false,"excerpt":"Galei Zahal is on 6973 Khz at 2240 Utc in Hebrew with SINPO 24433. Plays some local pop-songs and announcements. Galei Zahal is israels's armed forces radio.","rel":"","context":"In &quot;reception&quot;","block_context":{"text":"reception","link":"https:\/\/www.achimbrueckner.de\/dxradio\/php\/wordpress\/?cat=4"},"img":{"alt_text":"","src":"","width":0,"height":0},"classes":[]},{"id":40785,"url":"https:\/\/www.achimbrueckner.de\/dxradio\/php\/wordpress\/?p=40785","url_meta":{"origin":31836,"position":3},"title":"QSL FROM GALEI ZAHAL, 1287 KHz","author":"Administrator","date":"January 9, 2024","format":false,"excerpt":"https:\/\/swli05639fr.blogspot.com\/2024\/01\/qsl-from-galei-zahal-1287-khz.html","rel":"","context":"In &quot;English&quot;","block_context":{"text":"English","link":"https:\/\/www.achimbrueckner.de\/dxradio\/php\/wordpress\/?cat=2"},"img":{"alt_text":"","src":"","width":0,"height":0},"classes":[]},{"id":5202,"url":"https:\/\/www.achimbrueckner.de\/dxradio\/php\/wordpress\/?p=5202","url_meta":{"origin":31836,"position":4},"title":"Galey Zahal off air mediumwave","author":"Administrator","date":"July 13, 2015","format":false,"excerpt":"Ein Korrespondent schreibt mir: \"Here is a little update from Israel. Galey Zahal is not using anymore MW frequencies, unfortunately only FM.\" Dann w\u00e4re 945 und 1368 kHz nun also auch off-air, so wie 1224 und 1305. Info via A-DX","rel":"","context":"In &quot;Deutsch&quot;","block_context":{"text":"Deutsch","link":"https:\/\/www.achimbrueckner.de\/dxradio\/php\/wordpress\/?cat=1"},"img":{"alt_text":"","src":"","width":0,"height":0},"classes":[]},{"id":29614,"url":"https:\/\/www.achimbrueckner.de\/dxradio\/php\/wordpress\/?p=29614","url_meta":{"origin":31836,"position":5},"title":"Aus f\u00fcr das M\u00fcnchner Institut f\u00fcr Rundfunktechnik","author":"Administrator","date":"July 31, 2020","format":false,"excerpt":"https:\/\/www.sueddeutsche.de\/medien\/verhandlungen-gescheitert-aus-fuer-das-muenchner-institut-fuer-rundfunktechnik-1.4986091","rel":"","context":"In &quot;Deutsch&quot;","block_context":{"text":"Deutsch","link":"https:\/\/www.achimbrueckner.de\/dxradio\/php\/wordpress\/?cat=1"},"img":{"alt_text":"","src":"","width":0,"height":0},"classes":[]}],"_links":{"self":[{"href":"https:\/\/www.achimbrueckner.de\/dxradio\/php\/wordpress\/index.php?rest_route=\/wp\/v2\/posts\/31836","targetHints":{"allow":["GET"]}}],"collection":[{"href":"https:\/\/www.achimbrueckner.de\/dxradio\/php\/wordpress\/index.php?rest_route=\/wp\/v2\/posts"}],"about":[{"href":"https:\/\/www.achimbrueckner.de\/dxradio\/php\/wordpress\/index.php?rest_route=\/wp\/v2\/types\/post"}],"author":[{"embeddable":true,"href":"https:\/\/www.achimbrueckner.de\/dxradio\/php\/wordpress\/index.php?rest_route=\/wp\/v2\/users\/1"}],"replies":[{"embeddable":true,"href":"https:\/\/www.achimbrueckner.de\/dxradio\/php\/wordpress\/index.php?rest_route=%2Fwp%2Fv2%2Fcomments&post=31836"}],"version-history":[{"count":0,"href":"https:\/\/www.achimbrueckner.de\/dxradio\/php\/wordpress\/index.php?rest_route=\/wp\/v2\/posts\/31836\/revisions"}],"wp:attachment":[{"href":"https:\/\/www.achimbrueckner.de\/dxradio\/php\/wordpress\/index.php?rest_route=%2Fwp%2Fv2%2Fmedia&parent=31836"}],"wp:term":[{"taxonomy":"category","embeddable":true,"href":"https:\/\/www.achimbrueckner.de\/dxradio\/php\/wordpress\/index.php?rest_route=%2Fwp%2Fv2%2Fcategories&post=31836"},{"taxonomy":"post_tag","embeddable":true,"href":"https:\/\/www.achimbrueckner.de\/dxradio\/php\/wordpress\/index.php?rest_route=%2Fwp%2Fv2%2Ftags&post=31836"}],"curies":[{"name":"wp","href":"https:\/\/api.w.org\/{rel}","templated":true}]}}