{"id":31846,"date":"2021-01-31T16:26:33","date_gmt":"2021-01-31T16:26:33","guid":{"rendered":"https:\/\/www.achimbrueckner.de\/dxradio\/php\/wordpress\/?p=31846"},"modified":"2021-01-31T16:26:33","modified_gmt":"2021-01-31T16:26:33","slug":"medium-wave-offset-atlas-all-10-khz-channels-24-hours","status":"publish","type":"post","link":"https:\/\/www.achimbrueckner.de\/dxradio\/php\/wordpress\/?p=31846","title":{"rendered":"MEDIUM WAVE: OFFSET ATLAS \u2013 ALL 10 KHZ CHANNELS, 24 HOURS"},"content":{"rendered":"<p><a href=\"https:\/\/dk8ok.org\/2021\/01\/31\/medium-wave-offset-atlas-all-10-khz-channels-24-hours\/\" rel=\"noopener\" target=\"_blank\">https:\/\/dk8ok.org\/2021\/01\/31\/medium-wave-offset-atlas-all-10-khz-channels-24-hours\/<\/a><\/p>\n","protected":false},"excerpt":{"rendered":"<p>https:\/\/dk8ok.org\/2021\/01\/31\/medium-wave-offset-atlas-all-10-khz-channels-24-hours\/<\/p>\n","protected":false},"author":1,"featured_media":0,"comment_status":"closed","ping_status":"open","sticky":false,"template":"","format":"standard","meta":{"_jetpack_memberships_contains_paid_content":false,"footnotes":"","jetpack_publicize_message":"","jetpack_publicize_feature_enabled":true,"jetpack_social_post_already_shared":true,"jetpack_social_options":{"image_generator_settings":{"template":"highway","default_image_id":0,"font":"","enabled":false},"version":2}},"categories":[2],"tags":[],"class_list":["post-31846","post","type-post","status-publish","format-standard","hentry","category-english"],"jetpack_publicize_connections":[],"jetpack_featured_media_url":"","jetpack_sharing_enabled":true,"jetpack_shortlink":"https:\/\/wp.me\/p5CDmr-8hE","jetpack-related-posts":[{"id":1357,"url":"https:\/\/www.achimbrueckner.de\/dxradio\/php\/wordpress\/?p=1357","url_meta":{"origin":31846,"position":0},"title":"Offsets: Screenshots of 130 mediumwave channels","author":"Administrator","date":"February 4, 2011","format":false,"excerpt":"Hallo - recently I have screenshotted some 130 medium wave channels for 6,5 hours each, spaced 9 kHz as well as 10 kHz: * 600 kHz - 531 kHz on the 16th of December, 2010 within a window of mostly 10 Hz. Time was from about 19:00 UTC to 05:00\u2026","rel":"","context":"In &quot;English&quot;","block_context":{"text":"English","link":"https:\/\/www.achimbrueckner.de\/dxradio\/php\/wordpress\/?cat=2"},"img":{"alt_text":"","src":"","width":0,"height":0},"classes":[]},{"id":44635,"url":"https:\/\/www.achimbrueckner.de\/dxradio\/php\/wordpress\/?p=44635","url_meta":{"origin":31846,"position":1},"title":"Channel 292 news December 2025","author":"Administrator","date":"December 23, 2025","format":false,"excerpt":"From radio 292 Germany Good news at the end of the year. Just in time for January 1, we have received a license for 6070 kHz for another 10 years. We would like to thank the Federal Network Agency in Berlin for granting the license at relatively short notice. Furthermore,\u2026","rel":"","context":"In &quot;English&quot;","block_context":{"text":"English","link":"https:\/\/www.achimbrueckner.de\/dxradio\/php\/wordpress\/?cat=2"},"img":{"alt_text":"","src":"","width":0,"height":0},"classes":[]},{"id":38380,"url":"https:\/\/www.achimbrueckner.de\/dxradio\/php\/wordpress\/?p=38380","url_meta":{"origin":31846,"position":2},"title":"Slovakia ends mediumwave transmitters 31 December 2022","author":"Administrator","date":"December 28, 2022","format":false,"excerpt":"On 31 December 2022, Radio and Television of Slovakia will end the operation of medium-wave radio transmitters: \u2013 NE Ko\u0161ice in the \u010ci\u017eatice location on a frequency of 702 kHz \u2013 NE Nitra in the Jarok location on the frequency 1098 kHz Both transmitters were used to broadcast the national\u2026","rel":"","context":"In &quot;English&quot;","block_context":{"text":"English","link":"https:\/\/www.achimbrueckner.de\/dxradio\/php\/wordpress\/?cat=2"},"img":{"alt_text":"","src":"","width":0,"height":0},"classes":[]},{"id":2581,"url":"https:\/\/www.achimbrueckner.de\/dxradio\/php\/wordpress\/?p=2581","url_meta":{"origin":31846,"position":3},"title":"Internationaler Ecos del Torbes Tag!","author":"Administrator","date":"August 8, 2013","format":false,"excerpt":"F\u00fcr die, es es verschlafen haben: http:\/\/www.rhci-online.de\/Ecos_del_Torbes.mp3 Friday August 9, 2013 at 0200-0230 UTC on 9955 kHz and 780 kHz Saturday August 10, 2013 at 2230-2300 UTC via Radio Miami International 9955 kHz \u00e2\u20ac\u0153Dear Colleagues and Listeners DXers World! We want to celebrate with you \"International Day of Ecos del\u2026","rel":"","context":"In &quot;English&quot;","block_context":{"text":"English","link":"https:\/\/www.achimbrueckner.de\/dxradio\/php\/wordpress\/?cat=2"},"img":{"alt_text":"","src":"","width":0,"height":0},"classes":[]},{"id":1363,"url":"https:\/\/www.achimbrueckner.de\/dxradio\/php\/wordpress\/?p=1363","url_meta":{"origin":31846,"position":4},"title":"BBC officially announces closure of 648 kHz","author":"Administrator","date":"February 12, 2011","format":false,"excerpt":"BBC officially announces closure of 648 kHz http:\/\/blogs.rnw.nl\/medianetwork\/bbc-officially-announces-closure-of-648-khz BBC World Service: The closure of 648 kHz medium wave http:\/\/www.bbc.co.uk\/worldservice\/institutional\/2011\/02\/110208_648khz_mw_closure.shtml Info via dxld","rel":"","context":"In &quot;English&quot;","block_context":{"text":"English","link":"https:\/\/www.achimbrueckner.de\/dxradio\/php\/wordpress\/?cat=2"},"img":{"alt_text":"","src":"","width":0,"height":0},"classes":[]},{"id":27406,"url":"https:\/\/www.achimbrueckner.de\/dxradio\/php\/wordpress\/?p=27406","url_meta":{"origin":31846,"position":5},"title":"Medium Wave in the Amazon Rainforest &#8211; Log 530 &#8211; 837 kHz","author":"Administrator","date":"March 3, 2020","format":false,"excerpt":"https:\/\/playdxblog.blogspot.com\/2020\/03\/medium-wave-in-amazon-rainforest-log.html","rel":"","context":"In &quot;dx&quot;","block_context":{"text":"dx","link":"https:\/\/www.achimbrueckner.de\/dxradio\/php\/wordpress\/?cat=14"},"img":{"alt_text":"","src":"","width":0,"height":0},"classes":[]}],"_links":{"self":[{"href":"https:\/\/www.achimbrueckner.de\/dxradio\/php\/wordpress\/index.php?rest_route=\/wp\/v2\/posts\/31846","targetHints":{"allow":["GET"]}}],"collection":[{"href":"https:\/\/www.achimbrueckner.de\/dxradio\/php\/wordpress\/index.php?rest_route=\/wp\/v2\/posts"}],"about":[{"href":"https:\/\/www.achimbrueckner.de\/dxradio\/php\/wordpress\/index.php?rest_route=\/wp\/v2\/types\/post"}],"author":[{"embeddable":true,"href":"https:\/\/www.achimbrueckner.de\/dxradio\/php\/wordpress\/index.php?rest_route=\/wp\/v2\/users\/1"}],"replies":[{"embeddable":true,"href":"https:\/\/www.achimbrueckner.de\/dxradio\/php\/wordpress\/index.php?rest_route=%2Fwp%2Fv2%2Fcomments&post=31846"}],"version-history":[{"count":0,"href":"https:\/\/www.achimbrueckner.de\/dxradio\/php\/wordpress\/index.php?rest_route=\/wp\/v2\/posts\/31846\/revisions"}],"wp:attachment":[{"href":"https:\/\/www.achimbrueckner.de\/dxradio\/php\/wordpress\/index.php?rest_route=%2Fwp%2Fv2%2Fmedia&parent=31846"}],"wp:term":[{"taxonomy":"category","embeddable":true,"href":"https:\/\/www.achimbrueckner.de\/dxradio\/php\/wordpress\/index.php?rest_route=%2Fwp%2Fv2%2Fcategories&post=31846"},{"taxonomy":"post_tag","embeddable":true,"href":"https:\/\/www.achimbrueckner.de\/dxradio\/php\/wordpress\/index.php?rest_route=%2Fwp%2Fv2%2Ftags&post=31846"}],"curies":[{"name":"wp","href":"https:\/\/api.w.org\/{rel}","templated":true}]}}