{"id":31946,"date":"2021-02-11T16:03:07","date_gmt":"2021-02-11T16:03:07","guid":{"rendered":"https:\/\/www.achimbrueckner.de\/dxradio\/php\/wordpress\/?p=31946"},"modified":"2021-02-11T16:03:07","modified_gmt":"2021-02-11T16:03:07","slug":"comedians-machen-radio-1live-wird-zu-1lobrecht-1luke-und-1kebekus","status":"publish","type":"post","link":"https:\/\/www.achimbrueckner.de\/dxradio\/php\/wordpress\/?p=31946","title":{"rendered":"Comedians machen Radio: 1LIVE wird zu 1LOBRECHT, 1LUKE und 1KEBEKUS"},"content":{"rendered":"<p><a href=\"https:\/\/www.radiowoche.de\/comedians-machen-radio-1live-wird-zu-1lobrecht-1luke-und-1kebekus\/\" rel=\"noopener\" target=\"_blank\">https:\/\/www.radiowoche.de\/comedians-machen-radio-1live-wird-zu-1lobrecht-1luke-und-1kebekus\/<\/a><\/p>\n","protected":false},"excerpt":{"rendered":"<p>https:\/\/www.radiowoche.de\/comedians-machen-radio-1live-wird-zu-1lobrecht-1luke-und-1kebekus\/<\/p>\n","protected":false},"author":1,"featured_media":0,"comment_status":"closed","ping_status":"open","sticky":false,"template":"","format":"standard","meta":{"_jetpack_memberships_contains_paid_content":false,"footnotes":"","jetpack_publicize_message":"","jetpack_publicize_feature_enabled":true,"jetpack_social_post_already_shared":true,"jetpack_social_options":{"image_generator_settings":{"template":"highway","default_image_id":0,"font":"","enabled":false},"version":2}},"categories":[1,17],"tags":[46],"class_list":["post-31946","post","type-post","status-publish","format-standard","hentry","category-deutsch","category-media","tag-media"],"jetpack_publicize_connections":[],"jetpack_featured_media_url":"","jetpack_sharing_enabled":true,"jetpack_shortlink":"https:\/\/wp.me\/p5CDmr-8jg","jetpack-related-posts":[{"id":2577,"url":"https:\/\/www.achimbrueckner.de\/dxradio\/php\/wordpress\/?p=2577","url_meta":{"origin":31946,"position":0},"title":"WDR 2 LigaLive mit Social Radio \/ 1LIVE ELFER fr\u00fcher und l\u00e4nger","author":"Administrator","date":"August 8, 2013","format":false,"excerpt":"WDR 2 LigaLive mit Social Radio \/ 1LIVE ELFER fr\u00fcher und l\u00e4nger http:\/\/www.radioszene.de\/58538\/wdr-2-ligalive-mit-social-radio-1live-elfer-fruher-und-langer.html","rel":"","context":"In &quot;Deutsch&quot;","block_context":{"text":"Deutsch","link":"https:\/\/www.achimbrueckner.de\/dxradio\/php\/wordpress\/?cat=1"},"img":{"alt_text":"","src":"","width":0,"height":0},"classes":[]},{"id":33417,"url":"https:\/\/www.achimbrueckner.de\/dxradio\/php\/wordpress\/?p=33417","url_meta":{"origin":31946,"position":1},"title":"Schiwa Schlei wird neue Leiterin von 1LIVE und COSMO","author":"Administrator","date":"August 24, 2021","format":false,"excerpt":"https:\/\/www.radioszene.de\/157024\/schiwa-schlei-1live-cosmo.html","rel":"","context":"In &quot;Deutsch&quot;","block_context":{"text":"Deutsch","link":"https:\/\/www.achimbrueckner.de\/dxradio\/php\/wordpress\/?cat=1"},"img":{"alt_text":"","src":"","width":0,"height":0},"classes":[]},{"id":45152,"url":"https:\/\/www.achimbrueckner.de\/dxradio\/php\/wordpress\/?p=45152","url_meta":{"origin":31946,"position":2},"title":"Olli Briesch und Michael Imhof wechseln von 1LIVE zu WDR 2 und 5","author":"Administrator","date":"March 3, 2026","format":false,"excerpt":"https:\/\/www.radioblog.eu\/2026\/03\/03\/olli-briesch-und-michael-imhof-wechseln-von-1live-zu-wdr-2-und-5\/","rel":"","context":"In &quot;Deutsch&quot;","block_context":{"text":"Deutsch","link":"https:\/\/www.achimbrueckner.de\/dxradio\/php\/wordpress\/?cat=1"},"img":{"alt_text":"","src":"","width":0,"height":0},"classes":[]},{"id":8750,"url":"https:\/\/www.achimbrueckner.de\/dxradio\/php\/wordpress\/?p=8750","url_meta":{"origin":31946,"position":3},"title":"Kultmoderator Zu alt f\u00fcr 1Live?! Darum wechselt Terhoeven zu WDR4","author":"Administrator","date":"July 8, 2016","format":false,"excerpt":"http:\/\/www.express.de\/news\/promi-und-show\/kultmoderator-zu-alt-fuer-1live---darum-wechselt-terhoeven-zu-wdr4-24364144","rel":"","context":"In &quot;Deutsch&quot;","block_context":{"text":"Deutsch","link":"https:\/\/www.achimbrueckner.de\/dxradio\/php\/wordpress\/?cat=1"},"img":{"alt_text":"","src":"","width":0,"height":0},"classes":[]},{"id":24626,"url":"https:\/\/www.achimbrueckner.de\/dxradio\/php\/wordpress\/?p=24626","url_meta":{"origin":31946,"position":4},"title":"ma IP Audio: Spotify, 1Live diGGi und radio ffn Bollerwagen gr\u00f6\u00dfte Gewinner, radionomy, FFH und Antenne Bayern gr\u00f6\u00dfte Verlierer","author":"Administrator","date":"September 4, 2019","format":false,"excerpt":"https:\/\/meedia.de\/2019\/09\/04\/ma-ip-audio-spotify-1live-diggi-und-radio-ffn-bollerwagen-groesste-gewinner-radionomy-ffh-und-antenne-bayern-groesste-verlierer\/","rel":"","context":"In &quot;audio&quot;","block_context":{"text":"audio","link":"https:\/\/www.achimbrueckner.de\/dxradio\/php\/wordpress\/?cat=47"},"img":{"alt_text":"","src":"","width":0,"height":0},"classes":[]},{"id":4335,"url":"https:\/\/www.achimbrueckner.de\/dxradio\/php\/wordpress\/?p=4335","url_meta":{"origin":31946,"position":5},"title":"Der Jugendradiosender 1Live wird 20 Popul\u00e4r statt populistisch","author":"Administrator","date":"April 1, 2015","format":false,"excerpt":"http:\/\/www.taz.de\/Der-Jugendradiosender-1Live-wird-20\/!157466\/","rel":"","context":"In &quot;Deutsch&quot;","block_context":{"text":"Deutsch","link":"https:\/\/www.achimbrueckner.de\/dxradio\/php\/wordpress\/?cat=1"},"img":{"alt_text":"","src":"","width":0,"height":0},"classes":[]}],"_links":{"self":[{"href":"https:\/\/www.achimbrueckner.de\/dxradio\/php\/wordpress\/index.php?rest_route=\/wp\/v2\/posts\/31946","targetHints":{"allow":["GET"]}}],"collection":[{"href":"https:\/\/www.achimbrueckner.de\/dxradio\/php\/wordpress\/index.php?rest_route=\/wp\/v2\/posts"}],"about":[{"href":"https:\/\/www.achimbrueckner.de\/dxradio\/php\/wordpress\/index.php?rest_route=\/wp\/v2\/types\/post"}],"author":[{"embeddable":true,"href":"https:\/\/www.achimbrueckner.de\/dxradio\/php\/wordpress\/index.php?rest_route=\/wp\/v2\/users\/1"}],"replies":[{"embeddable":true,"href":"https:\/\/www.achimbrueckner.de\/dxradio\/php\/wordpress\/index.php?rest_route=%2Fwp%2Fv2%2Fcomments&post=31946"}],"version-history":[{"count":0,"href":"https:\/\/www.achimbrueckner.de\/dxradio\/php\/wordpress\/index.php?rest_route=\/wp\/v2\/posts\/31946\/revisions"}],"wp:attachment":[{"href":"https:\/\/www.achimbrueckner.de\/dxradio\/php\/wordpress\/index.php?rest_route=%2Fwp%2Fv2%2Fmedia&parent=31946"}],"wp:term":[{"taxonomy":"category","embeddable":true,"href":"https:\/\/www.achimbrueckner.de\/dxradio\/php\/wordpress\/index.php?rest_route=%2Fwp%2Fv2%2Fcategories&post=31946"},{"taxonomy":"post_tag","embeddable":true,"href":"https:\/\/www.achimbrueckner.de\/dxradio\/php\/wordpress\/index.php?rest_route=%2Fwp%2Fv2%2Ftags&post=31946"}],"curies":[{"name":"wp","href":"https:\/\/api.w.org\/{rel}","templated":true}]}}