{"id":31948,"date":"2021-02-11T16:08:36","date_gmt":"2021-02-11T16:08:36","guid":{"rendered":"https:\/\/www.achimbrueckner.de\/dxradio\/php\/wordpress\/?p=31948"},"modified":"2021-02-11T16:08:36","modified_gmt":"2021-02-11T16:08:36","slug":"neu-im-portfolio-der-studio-gong-anna-fm","status":"publish","type":"post","link":"https:\/\/www.achimbrueckner.de\/dxradio\/php\/wordpress\/?p=31948","title":{"rendered":"Neu im Portfolio der STUDIO GONG \u2013 anna.FM"},"content":{"rendered":"<p><a href=\"https:\/\/www.radiowoche.de\/neu-im-portfolio-der-studio-gong-anna-fm\/\" rel=\"noopener\" target=\"_blank\">https:\/\/www.radiowoche.de\/neu-im-portfolio-der-studio-gong-anna-fm\/<\/a><\/p>\n","protected":false},"excerpt":{"rendered":"<p>https:\/\/www.radiowoche.de\/neu-im-portfolio-der-studio-gong-anna-fm\/<\/p>\n","protected":false},"author":1,"featured_media":0,"comment_status":"closed","ping_status":"open","sticky":false,"template":"","format":"standard","meta":{"_jetpack_memberships_contains_paid_content":false,"footnotes":"","jetpack_publicize_message":"","jetpack_publicize_feature_enabled":true,"jetpack_social_post_already_shared":true,"jetpack_social_options":{"image_generator_settings":{"template":"highway","default_image_id":0,"font":"","enabled":false},"version":2}},"categories":[1],"tags":[28],"class_list":["post-31948","post","type-post","status-publish","format-standard","hentry","category-deutsch","tag-fm"],"jetpack_publicize_connections":[],"jetpack_featured_media_url":"","jetpack_sharing_enabled":true,"jetpack_shortlink":"https:\/\/wp.me\/p5CDmr-8ji","jetpack-related-posts":[{"id":1792,"url":"https:\/\/www.achimbrueckner.de\/dxradio\/php\/wordpress\/?p=1792","url_meta":{"origin":31948,"position":0},"title":"FMK-Radiotag 14.04.2012 N\u00fcrnberg","author":"Administrator","date":"September 14, 2011","format":false,"excerpt":"Liebe Radiofreunde, am Samstag, den 14.04.2012 findet der n\u00e4chste FMK-Radiotag statt ! Dank der Unterst\u00fctzung von J\u00f6rn Krieger wurde erneut ein ganz besonders interessanter Ablauf zusammengestellt - diesesmal treffen wir uns in der Region F\u00fcrth\/N\u00fcrnberg : 11:00 Uhr : Besichtigung des Rundfunkmuseums F\u00fcrth http:\/\/www.rundfunkmuseum.fuerth.de\/german\/index.htm - mit einem SPEZIELL f\u00fcr FMK\u2026","rel":"","context":"In &quot;camps&quot;","block_context":{"text":"camps","link":"https:\/\/www.achimbrueckner.de\/dxradio\/php\/wordpress\/?cat=5"},"img":{"alt_text":"","src":"","width":0,"height":0},"classes":[]},{"id":23786,"url":"https:\/\/www.achimbrueckner.de\/dxradio\/php\/wordpress\/?p=23786","url_meta":{"origin":31948,"position":1},"title":"STUDIO GONG: Raketenstart der DAB+ Radiokombi","author":"Administrator","date":"July 13, 2019","format":false,"excerpt":"https:\/\/www.radioszene.de\/134797\/studio-gong-dab-radiokombi.html","rel":"","context":"In &quot;Deutsch&quot;","block_context":{"text":"Deutsch","link":"https:\/\/www.achimbrueckner.de\/dxradio\/php\/wordpress\/?cat=1"},"img":{"alt_text":"","src":"","width":0,"height":0},"classes":[]},{"id":33639,"url":"https:\/\/www.achimbrueckner.de\/dxradio\/php\/wordpress\/?p=33639","url_meta":{"origin":31948,"position":2},"title":"STUDIO GONG vermarktet weitere Sender in NRW","author":"Administrator","date":"September 22, 2021","format":false,"excerpt":"https:\/\/www.radiowoche.de\/studio-gong-vermarktet-weitere-sender-in-nrw\/","rel":"","context":"In &quot;Deutsch&quot;","block_context":{"text":"Deutsch","link":"https:\/\/www.achimbrueckner.de\/dxradio\/php\/wordpress\/?cat=1"},"img":{"alt_text":"","src":"","width":0,"height":0},"classes":[]},{"id":22623,"url":"https:\/\/www.achimbrueckner.de\/dxradio\/php\/wordpress\/?p=22623","url_meta":{"origin":31948,"position":3},"title":"Radio Schlagerparadies setzt auf STUDIO GONG","author":"Administrator","date":"April 9, 2019","format":false,"excerpt":"http:\/\/www.radiowoche.de\/radio-schlagerparadies-setzt-auf-studio-gong\/","rel":"","context":"In &quot;Deutsch&quot;","block_context":{"text":"Deutsch","link":"https:\/\/www.achimbrueckner.de\/dxradio\/php\/wordpress\/?cat=1"},"img":{"alt_text":"","src":"","width":0,"height":0},"classes":[]},{"id":872,"url":"https:\/\/www.achimbrueckner.de\/dxradio\/php\/wordpress\/?p=872","url_meta":{"origin":31948,"position":4},"title":"SWLCS-Spezial 24. Januar 2010","author":"Administrator","date":"January 24, 2010","format":false,"excerpt":"24. Januar 2010 1900 bis 2000 MEZ: http:\/\/stream.laut.fm\/kompakt.m3u Auf vielfachen Wunsch wird das SWLCS-Spezial wiederholt, mit folgendem Inhalt : Besuch im Studio von Radio F\u00f6rderband Mitte der 80iger, 2. Geburtstag von Radio Ropa Info mit dem DX-Programm von Manfred B\u00f6hm, Vorstellung des Radio S\u00fcdafrika RSA DX-Programms in deutscher Sprache, Peter\u2026","rel":"","context":"In &quot;Deutsch&quot;","block_context":{"text":"Deutsch","link":"https:\/\/www.achimbrueckner.de\/dxradio\/php\/wordpress\/?cat=1"},"img":{"alt_text":"","src":"","width":0,"height":0},"classes":[]},{"id":23990,"url":"https:\/\/www.achimbrueckner.de\/dxradio\/php\/wordpress\/?p=23990","url_meta":{"origin":31948,"position":5},"title":"gong fm sendet ab jetzt vollautomatische Geisterfahrermeldungen","author":"Administrator","date":"July 29, 2019","format":false,"excerpt":"https:\/\/www.radioszene.de\/135318\/gong-fm-geisterfahrermeldungen.html","rel":"","context":"In &quot;Deutsch&quot;","block_context":{"text":"Deutsch","link":"https:\/\/www.achimbrueckner.de\/dxradio\/php\/wordpress\/?cat=1"},"img":{"alt_text":"","src":"","width":0,"height":0},"classes":[]}],"_links":{"self":[{"href":"https:\/\/www.achimbrueckner.de\/dxradio\/php\/wordpress\/index.php?rest_route=\/wp\/v2\/posts\/31948","targetHints":{"allow":["GET"]}}],"collection":[{"href":"https:\/\/www.achimbrueckner.de\/dxradio\/php\/wordpress\/index.php?rest_route=\/wp\/v2\/posts"}],"about":[{"href":"https:\/\/www.achimbrueckner.de\/dxradio\/php\/wordpress\/index.php?rest_route=\/wp\/v2\/types\/post"}],"author":[{"embeddable":true,"href":"https:\/\/www.achimbrueckner.de\/dxradio\/php\/wordpress\/index.php?rest_route=\/wp\/v2\/users\/1"}],"replies":[{"embeddable":true,"href":"https:\/\/www.achimbrueckner.de\/dxradio\/php\/wordpress\/index.php?rest_route=%2Fwp%2Fv2%2Fcomments&post=31948"}],"version-history":[{"count":0,"href":"https:\/\/www.achimbrueckner.de\/dxradio\/php\/wordpress\/index.php?rest_route=\/wp\/v2\/posts\/31948\/revisions"}],"wp:attachment":[{"href":"https:\/\/www.achimbrueckner.de\/dxradio\/php\/wordpress\/index.php?rest_route=%2Fwp%2Fv2%2Fmedia&parent=31948"}],"wp:term":[{"taxonomy":"category","embeddable":true,"href":"https:\/\/www.achimbrueckner.de\/dxradio\/php\/wordpress\/index.php?rest_route=%2Fwp%2Fv2%2Fcategories&post=31948"},{"taxonomy":"post_tag","embeddable":true,"href":"https:\/\/www.achimbrueckner.de\/dxradio\/php\/wordpress\/index.php?rest_route=%2Fwp%2Fv2%2Ftags&post=31948"}],"curies":[{"name":"wp","href":"https:\/\/api.w.org\/{rel}","templated":true}]}}