{"id":32040,"date":"2021-02-19T17:45:38","date_gmt":"2021-02-19T17:45:38","guid":{"rendered":"https:\/\/www.achimbrueckner.de\/dxradio\/php\/wordpress\/?p=32040"},"modified":"2021-02-19T17:45:38","modified_gmt":"2021-02-19T17:45:38","slug":"auch-kanada-will-gegen-facebook-vorgehen","status":"publish","type":"post","link":"https:\/\/www.achimbrueckner.de\/dxradio\/php\/wordpress\/?p=32040","title":{"rendered":"Auch Kanada will gegen Facebook vorgehen"},"content":{"rendered":"<p><a href=\"https:\/\/meedia.de\/2021\/02\/19\/auch-kanada-will-gegen-facebook-vorgehen\/?utm_source=dlvr.it&#038;utm_medium=facebook\" rel=\"noopener\" target=\"_blank\">https:\/\/meedia.de\/2021\/02\/19\/auch-kanada-will-gegen-facebook-vorgehen\/?utm_source=dlvr.it&#038;utm_medium=facebook<\/a><\/p>\n","protected":false},"excerpt":{"rendered":"<p>https:\/\/meedia.de\/2021\/02\/19\/auch-kanada-will-gegen-facebook-vorgehen\/?utm_source=dlvr.it&#038;utm_medium=facebook<\/p>\n","protected":false},"author":1,"featured_media":0,"comment_status":"closed","ping_status":"open","sticky":false,"template":"","format":"standard","meta":{"_jetpack_memberships_contains_paid_content":false,"footnotes":"","jetpack_publicize_message":"","jetpack_publicize_feature_enabled":true,"jetpack_social_post_already_shared":true,"jetpack_social_options":{"image_generator_settings":{"template":"highway","default_image_id":0,"font":"","enabled":false},"version":2}},"categories":[1],"tags":[],"class_list":["post-32040","post","type-post","status-publish","format-standard","hentry","category-deutsch"],"jetpack_publicize_connections":[],"jetpack_featured_media_url":"","jetpack_sharing_enabled":true,"jetpack_shortlink":"https:\/\/wp.me\/p5CDmr-8kM","jetpack-related-posts":[{"id":31672,"url":"https:\/\/www.achimbrueckner.de\/dxradio\/php\/wordpress\/?p=31672","url_meta":{"origin":32040,"position":0},"title":"Kartellamt kann sch\u00e4rfer gegen Digitalkonzerne wie Facebook und Amazon vorgehen","author":"Administrator","date":"January 14, 2021","format":false,"excerpt":"https:\/\/meedia.de\/2021\/01\/14\/kartellamt-kann-schaerfer-gegen-digitalkonzerne-wie-facebook-amazon-und-google-vorgehen\/?utm_source=dlvr.it&utm_medium=facebook","rel":"","context":"In &quot;Deutsch&quot;","block_context":{"text":"Deutsch","link":"https:\/\/www.achimbrueckner.de\/dxradio\/php\/wordpress\/?cat=1"},"img":{"alt_text":"","src":"","width":0,"height":0},"classes":[]},{"id":38937,"url":"https:\/\/www.achimbrueckner.de\/dxradio\/php\/wordpress\/?p=38937","url_meta":{"origin":32040,"position":1},"title":"Influencer-Werbung: Medienw\u00e4chter wollen st\u00e4rker gegen Schleichwerbung vorgehen","author":"Administrator","date":"February 28, 2023","format":false,"excerpt":"https:\/\/www.heise.de\/news\/Influencer-Werbung-Medienwaechter-wollen-staerker-gegen-Schleichwerbung-vorgehen-7530877.html","rel":"","context":"In &quot;Deutsch&quot;","block_context":{"text":"Deutsch","link":"https:\/\/www.achimbrueckner.de\/dxradio\/php\/wordpress\/?cat=1"},"img":{"alt_text":"","src":"","width":0,"height":0},"classes":[]},{"id":25885,"url":"https:\/\/www.achimbrueckner.de\/dxradio\/php\/wordpress\/?p=25885","url_meta":{"origin":32040,"position":2},"title":"Russland versch\u00e4rft Vorgehen gegen Medien und Internetkonzerne","author":"Administrator","date":"November 22, 2019","format":false,"excerpt":"https:\/\/www.heise.de\/newsticker\/meldung\/Russland-verschaerft-Vorgehen-gegen-Medien-und-Internetkonzerne-4591649.html","rel":"","context":"In &quot;Deutsch&quot;","block_context":{"text":"Deutsch","link":"https:\/\/www.achimbrueckner.de\/dxradio\/php\/wordpress\/?cat=1"},"img":{"alt_text":"","src":"","width":0,"height":0},"classes":[]},{"id":26501,"url":"https:\/\/www.achimbrueckner.de\/dxradio\/php\/wordpress\/?p=26501","url_meta":{"origin":32040,"position":3},"title":"Gegen Fake News: Kanada gew\u00e4hrt Steuerbonus f\u00fcr digitale Presse-Abos","author":"Administrator","date":"January 2, 2020","format":false,"excerpt":"https:\/\/www.heise.de\/newsticker\/meldung\/Kanada-gewaehrt-Steuergutschrift-fuer-digitale-Presse-Abos-4625173.html","rel":"","context":"In &quot;Deutsch&quot;","block_context":{"text":"Deutsch","link":"https:\/\/www.achimbrueckner.de\/dxradio\/php\/wordpress\/?cat=1"},"img":{"alt_text":"","src":"","width":0,"height":0},"classes":[]},{"id":27680,"url":"https:\/\/www.achimbrueckner.de\/dxradio\/php\/wordpress\/?p=27680","url_meta":{"origin":32040,"position":4},"title":"W\u00e4hrend Corona-Krise: Pragmatisches Vorgehen bei Live-Streamings","author":"Administrator","date":"March 21, 2020","format":false,"excerpt":"http:\/\/www.radiowoche.de\/waehrend-corona-krise-pragmatisches-vorgehen-bei-live-streamings\/","rel":"","context":"In &quot;Deutsch&quot;","block_context":{"text":"Deutsch","link":"https:\/\/www.achimbrueckner.de\/dxradio\/php\/wordpress\/?cat=1"},"img":{"alt_text":"","src":"","width":0,"height":0},"classes":[]},{"id":43373,"url":"https:\/\/www.achimbrueckner.de\/dxradio\/php\/wordpress\/?p=43373","url_meta":{"origin":32040,"position":5},"title":"laut.fm Ausfall Juli 2025","author":"Administrator","date":"July 23, 2025","format":false,"excerpt":"Liebe DJs, wie ihr mitbekommen habt, mussten wir am Montag den Zugang zum Radioadmin und zum Forum vor\u00fcbergehend schlie\u00dfen. Hintergrund war ein sicherheitsrelevanter Vorfall, der einer gr\u00fcndlichen Untersuchung bedurfte. Wir bitten, allf\u00e4llige Unannehmlichkeiten zu entschuldigen. Was wir bislang wissen ist, dass sich Unbefugte Zugang zu etwa 30 laut.fm-Stationen verschafft haben.\u2026","rel":"","context":"In &quot;Deutsch&quot;","block_context":{"text":"Deutsch","link":"https:\/\/www.achimbrueckner.de\/dxradio\/php\/wordpress\/?cat=1"},"img":{"alt_text":"","src":"","width":0,"height":0},"classes":[]}],"_links":{"self":[{"href":"https:\/\/www.achimbrueckner.de\/dxradio\/php\/wordpress\/index.php?rest_route=\/wp\/v2\/posts\/32040","targetHints":{"allow":["GET"]}}],"collection":[{"href":"https:\/\/www.achimbrueckner.de\/dxradio\/php\/wordpress\/index.php?rest_route=\/wp\/v2\/posts"}],"about":[{"href":"https:\/\/www.achimbrueckner.de\/dxradio\/php\/wordpress\/index.php?rest_route=\/wp\/v2\/types\/post"}],"author":[{"embeddable":true,"href":"https:\/\/www.achimbrueckner.de\/dxradio\/php\/wordpress\/index.php?rest_route=\/wp\/v2\/users\/1"}],"replies":[{"embeddable":true,"href":"https:\/\/www.achimbrueckner.de\/dxradio\/php\/wordpress\/index.php?rest_route=%2Fwp%2Fv2%2Fcomments&post=32040"}],"version-history":[{"count":0,"href":"https:\/\/www.achimbrueckner.de\/dxradio\/php\/wordpress\/index.php?rest_route=\/wp\/v2\/posts\/32040\/revisions"}],"wp:attachment":[{"href":"https:\/\/www.achimbrueckner.de\/dxradio\/php\/wordpress\/index.php?rest_route=%2Fwp%2Fv2%2Fmedia&parent=32040"}],"wp:term":[{"taxonomy":"category","embeddable":true,"href":"https:\/\/www.achimbrueckner.de\/dxradio\/php\/wordpress\/index.php?rest_route=%2Fwp%2Fv2%2Fcategories&post=32040"},{"taxonomy":"post_tag","embeddable":true,"href":"https:\/\/www.achimbrueckner.de\/dxradio\/php\/wordpress\/index.php?rest_route=%2Fwp%2Fv2%2Ftags&post=32040"}],"curies":[{"name":"wp","href":"https:\/\/api.w.org\/{rel}","templated":true}]}}