{"id":3211,"date":"2014-05-26T14:41:06","date_gmt":"2014-05-26T14:41:06","guid":{"rendered":"https:\/\/www.achimbrueckner.de\/dxradio\/php\/wordpress\/?p=3211"},"modified":"2014-05-26T14:41:06","modified_gmt":"2014-05-26T14:41:06","slug":"sudtirol-privatradiostart-webseite","status":"publish","type":"post","link":"https:\/\/www.achimbrueckner.de\/dxradio\/php\/wordpress\/?p=3211","title":{"rendered":"S\u00fcdtirol Privatradiostart webseite"},"content":{"rendered":"<p>DIE Seite mit allen Infos und Erinnerungen an die Radiopioniere in S\u00fcdtirol und den Privatradiostart in M\u00fcnchen:<\/p>\n<p><a href=\"http:\/\/www.uhini.de\/\" target=\"_blank\">http:\/\/www.uhini.de\/<\/a><\/p>\n","protected":false},"excerpt":{"rendered":"<p>DIE Seite mit allen Infos und Erinnerungen an die Radiopioniere in S\u00fcdtirol und den Privatradiostart in M\u00fcnchen: http:\/\/www.uhini.de\/<\/p>\n","protected":false},"author":1,"featured_media":0,"comment_status":"open","ping_status":"open","sticky":false,"template":"","format":"standard","meta":{"_jetpack_memberships_contains_paid_content":false,"footnotes":"","jetpack_publicize_message":"","jetpack_publicize_feature_enabled":true,"jetpack_social_post_already_shared":false,"jetpack_social_options":{"image_generator_settings":{"template":"highway","default_image_id":0,"font":"","enabled":false},"version":2}},"categories":[7],"tags":[],"class_list":["post-3211","post","type-post","status-publish","format-standard","hentry","category-links"],"jetpack_publicize_connections":[],"jetpack_featured_media_url":"","jetpack_sharing_enabled":true,"jetpack_shortlink":"https:\/\/wp.me\/p5CDmr-PN","jetpack-related-posts":[{"id":33342,"url":"https:\/\/www.achimbrueckner.de\/dxradio\/php\/wordpress\/?p=33342","url_meta":{"origin":3211,"position":0},"title":"FMK S\u00fcdtirol Stream mit hunderten neuer Original Jingles","author":"Administrator","date":"August 15, 2021","format":false,"excerpt":"FMK S\u00fcdtirol Stream mit hunderten neuer Original Jingles Der FMK S\u00fcdtirol Memorialstream wurde nun um hunderte neuer Kenner, Ansagen und Trailer erweitert. Vielen Dank an Robert Galley f\u00fcr diese Arbeit und Unterst\u00fctzung. Die Stationvoice des FMK-Streams ist kein geringerer als Stephan Kaiser! Viel Spa\u00df beim Wiederh\u00f6ren von: Radio Brenner\/S\u00fcdtirol 1,\u2026","rel":"","context":"In &quot;Deutsch&quot;","block_context":{"text":"Deutsch","link":"https:\/\/www.achimbrueckner.de\/dxradio\/php\/wordpress\/?cat=1"},"img":{"alt_text":"","src":"","width":0,"height":0},"classes":[]},{"id":34738,"url":"https:\/\/www.achimbrueckner.de\/dxradio\/php\/wordpress\/?p=34738","url_meta":{"origin":3211,"position":1},"title":"Radio S\u00fcdtirol wieder \u00fcber Stream h\u00f6rbar","author":"Administrator","date":"February 28, 2022","format":false,"excerpt":"Radio S\u00fcdtirol wieder \u00fcber Stream h\u00f6rbar Nach langer Pause kann Radio S\u00fcdtirol auch wieder \u00fcbers Internet empfangen werden. Sowohl \u00fcber die Webseite, als auch \u00fcber Direktstream. Siegfried Torggler meldet sich zu den Nachrichten aus dem Studio in M\u00fcnchen. Die Musik ist wohl einmalig: nacheinander laufen Schlager, Techno, Volksmusik, Oldies.... https:\/\/radiosuedtirol.eu?option=com_frontpage&Itemid=1\u2026","rel":"","context":"In &quot;Deutsch&quot;","block_context":{"text":"Deutsch","link":"https:\/\/www.achimbrueckner.de\/dxradio\/php\/wordpress\/?cat=1"},"img":{"alt_text":"","src":"","width":0,"height":0},"classes":[]},{"id":12776,"url":"https:\/\/www.achimbrueckner.de\/dxradio\/php\/wordpress\/?p=12776","url_meta":{"origin":3211,"position":2},"title":"FMK S\u00fcdtirol","author":"Administrator","date":"April 10, 2017","format":false,"excerpt":"FMK S\u00fcdtirol geht am Ostersamstag offiziell an den Start! Am Samstag, 15.04.17 um 22:00 Uhr starten wir mit folgenden Mitschnitten: - Radio Brenner-Dauerbrenner vom August 1983 - Jingles von Radio Zirog, Eisack, FSW\/Transalpin, S3 und Rosengarten - ab kurz vor 23 Uhr bis 24 Uhr: Radio Brenner-Oldienacht vom 30.08.86 Wiederholung\u2026","rel":"","context":"In &quot;Deutsch&quot;","block_context":{"text":"Deutsch","link":"https:\/\/www.achimbrueckner.de\/dxradio\/php\/wordpress\/?cat=1"},"img":{"alt_text":"","src":"","width":0,"height":0},"classes":[]},{"id":28155,"url":"https:\/\/www.achimbrueckner.de\/dxradio\/php\/wordpress\/?p=28155","url_meta":{"origin":3211,"position":3},"title":"Gemeinsame Sendung von SWR3 und S\u00fcdtirol 1","author":"Administrator","date":"April 16, 2020","format":false,"excerpt":"https:\/\/www.satellifax.de\/mlesen.php?id=a66d65787a6ebd2bb0d3d4b6466cf07f","rel":"","context":"In &quot;Deutsch&quot;","block_context":{"text":"Deutsch","link":"https:\/\/www.achimbrueckner.de\/dxradio\/php\/wordpress\/?cat=1"},"img":{"alt_text":"","src":"","width":0,"height":0},"classes":[]},{"id":28168,"url":"https:\/\/www.achimbrueckner.de\/dxradio\/php\/wordpress\/?p=28168","url_meta":{"origin":3211,"position":4},"title":"Gemeinsame Sendung von SWR3 und Radio S\u00fcdtirol 1","author":"Administrator","date":"April 16, 2020","format":false,"excerpt":"https:\/\/www.radioszene.de\/143017\/gemeinsame-sendung-von-swr3-und-radio-suedtirol-1.html","rel":"","context":"In &quot;Deutsch&quot;","block_context":{"text":"Deutsch","link":"https:\/\/www.achimbrueckner.de\/dxradio\/php\/wordpress\/?cat=1"},"img":{"alt_text":"","src":"","width":0,"height":0},"classes":[]},{"id":13477,"url":"https:\/\/www.achimbrueckner.de\/dxradio\/php\/wordpress\/?p=13477","url_meta":{"origin":3211,"position":5},"title":"Von T-Rock bis Zirog: In \u00d6sterreich und S\u00fcdtirol unterwegs","author":"Administrator","date":"June 18, 2017","format":false,"excerpt":"https:\/\/smartphonefan.wordpress.com\/2017\/06\/17\/von-t-rock-bis-zirol-in-oesterreich-und-suedtirol-unterwegs\/","rel":"","context":"In &quot;Deutsch&quot;","block_context":{"text":"Deutsch","link":"https:\/\/www.achimbrueckner.de\/dxradio\/php\/wordpress\/?cat=1"},"img":{"alt_text":"","src":"","width":0,"height":0},"classes":[]}],"_links":{"self":[{"href":"https:\/\/www.achimbrueckner.de\/dxradio\/php\/wordpress\/index.php?rest_route=\/wp\/v2\/posts\/3211","targetHints":{"allow":["GET"]}}],"collection":[{"href":"https:\/\/www.achimbrueckner.de\/dxradio\/php\/wordpress\/index.php?rest_route=\/wp\/v2\/posts"}],"about":[{"href":"https:\/\/www.achimbrueckner.de\/dxradio\/php\/wordpress\/index.php?rest_route=\/wp\/v2\/types\/post"}],"author":[{"embeddable":true,"href":"https:\/\/www.achimbrueckner.de\/dxradio\/php\/wordpress\/index.php?rest_route=\/wp\/v2\/users\/1"}],"replies":[{"embeddable":true,"href":"https:\/\/www.achimbrueckner.de\/dxradio\/php\/wordpress\/index.php?rest_route=%2Fwp%2Fv2%2Fcomments&post=3211"}],"version-history":[{"count":0,"href":"https:\/\/www.achimbrueckner.de\/dxradio\/php\/wordpress\/index.php?rest_route=\/wp\/v2\/posts\/3211\/revisions"}],"wp:attachment":[{"href":"https:\/\/www.achimbrueckner.de\/dxradio\/php\/wordpress\/index.php?rest_route=%2Fwp%2Fv2%2Fmedia&parent=3211"}],"wp:term":[{"taxonomy":"category","embeddable":true,"href":"https:\/\/www.achimbrueckner.de\/dxradio\/php\/wordpress\/index.php?rest_route=%2Fwp%2Fv2%2Fcategories&post=3211"},{"taxonomy":"post_tag","embeddable":true,"href":"https:\/\/www.achimbrueckner.de\/dxradio\/php\/wordpress\/index.php?rest_route=%2Fwp%2Fv2%2Ftags&post=3211"}],"curies":[{"name":"wp","href":"https:\/\/api.w.org\/{rel}","templated":true}]}}