{"id":32157,"date":"2021-03-01T17:43:47","date_gmt":"2021-03-01T17:43:47","guid":{"rendered":"https:\/\/www.achimbrueckner.de\/dxradio\/php\/wordpress\/?p=32157"},"modified":"2021-03-01T17:43:47","modified_gmt":"2021-03-01T17:43:47","slug":"fuerte-news-radio-jetzt-auf-943-und-963-mhz","status":"publish","type":"post","link":"https:\/\/www.achimbrueckner.de\/dxradio\/php\/wordpress\/?p=32157","title":{"rendered":"Fuerte-News Radio jetzt auf 94,3 und 96,3 MHz"},"content":{"rendered":"<p><a href=\"https:\/\/www.smartphonefan.de\/2021\/03\/01\/fuerte-news-radio-jetzt-auf-943-und-963-mhz\/\" rel=\"noopener\" target=\"_blank\">https:\/\/www.smartphonefan.de\/2021\/03\/01\/fuerte-news-radio-jetzt-auf-943-und-963-mhz\/<\/a><\/p>\n","protected":false},"excerpt":{"rendered":"<p>https:\/\/www.smartphonefan.de\/2021\/03\/01\/fuerte-news-radio-jetzt-auf-943-und-963-mhz\/<\/p>\n","protected":false},"author":1,"featured_media":0,"comment_status":"closed","ping_status":"open","sticky":false,"template":"","format":"standard","meta":{"_jetpack_memberships_contains_paid_content":false,"footnotes":"","jetpack_publicize_message":"","jetpack_publicize_feature_enabled":true,"jetpack_social_post_already_shared":true,"jetpack_social_options":{"image_generator_settings":{"template":"highway","default_image_id":0,"font":"","enabled":false},"version":2}},"categories":[1],"tags":[],"class_list":["post-32157","post","type-post","status-publish","format-standard","hentry","category-deutsch"],"jetpack_publicize_connections":[],"jetpack_featured_media_url":"","jetpack_sharing_enabled":true,"jetpack_shortlink":"https:\/\/wp.me\/p5CDmr-8mF","jetpack-related-posts":[{"id":20217,"url":"https:\/\/www.achimbrueckner.de\/dxradio\/php\/wordpress\/?p=20217","url_meta":{"origin":32157,"position":0},"title":"Hola FM: Deutsches Radio auf Fuerteventura jetzt auch auf 93,7 MHz","author":"Administrator","date":"December 1, 2018","format":false,"excerpt":"https:\/\/www.smartphonefan.de\/2018\/11\/30\/hola-fm-deutsches-radio-auf-fuerteventura-jetzt-auch-auf-937-mhz\/","rel":"","context":"In &quot;Deutsch&quot;","block_context":{"text":"Deutsch","link":"https:\/\/www.achimbrueckner.de\/dxradio\/php\/wordpress\/?cat=1"},"img":{"alt_text":"","src":"","width":0,"height":0},"classes":[]},{"id":30144,"url":"https:\/\/www.achimbrueckner.de\/dxradio\/php\/wordpress\/?p=30144","url_meta":{"origin":32157,"position":1},"title":"T-Rock vom Patscherkofel: Rockradio jetzt auch auf 107,1 MHz","author":"Administrator","date":"September 20, 2020","format":false,"excerpt":"https:\/\/www.smartphonefan.de\/2020\/09\/20\/t-rock-vom-patscherkofel-rockradio-jetzt-auch-auf-1071-mhz\/","rel":"","context":"In &quot;Deutsch&quot;","block_context":{"text":"Deutsch","link":"https:\/\/www.achimbrueckner.de\/dxradio\/php\/wordpress\/?cat=1"},"img":{"alt_text":"","src":"","width":0,"height":0},"classes":[]},{"id":41956,"url":"https:\/\/www.achimbrueckner.de\/dxradio\/php\/wordpress\/?p=41956","url_meta":{"origin":32157,"position":2},"title":"Schlager Radio jetzt auch in Jena auf UKW 104,5 MHz","author":"Administrator","date":"November 18, 2024","format":false,"excerpt":"https:\/\/www.radioszene.de\/192882\/schlager-radio-jetzt-auch-in-jena-auf-ukw-1045-mhz.html","rel":"","context":"In &quot;Deutsch&quot;","block_context":{"text":"Deutsch","link":"https:\/\/www.achimbrueckner.de\/dxradio\/php\/wordpress\/?cat=1"},"img":{"alt_text":"","src":"","width":0,"height":0},"classes":[]},{"id":1311,"url":"https:\/\/www.achimbrueckner.de\/dxradio\/php\/wordpress\/?p=1311","url_meta":{"origin":32157,"position":3},"title":"Radio aus dem Land von Dschinghis Khan in Deutsch auf Kurzwelle","author":"Administrator","date":"January 15, 2011","format":false,"excerpt":"Radio aus dem Land von Dschinghis Khan in Deutsch auf Kurzwelle Deutsches Radio Ulaanbaatar sendet im Januar und Februar \u00fcber Kall-Krekel Das erste deutschsprachige Radio in der Mongolei, Deutsches Radio Ulaanbaatar, wurde im M\u00e4rz 2008 von der Galsan Tschinag Stiftung gemeinsam mit dem Goethe-Institut er\u00f6ffnet. Bisher sendete man 3x pro\u2026","rel":"","context":"In &quot;Deutsch&quot;","block_context":{"text":"Deutsch","link":"https:\/\/www.achimbrueckner.de\/dxradio\/php\/wordpress\/?cat=1"},"img":{"alt_text":"","src":"","width":0,"height":0},"classes":[]},{"id":5020,"url":"https:\/\/www.achimbrueckner.de\/dxradio\/php\/wordpress\/?p=5020","url_meta":{"origin":32157,"position":4},"title":"Radio ARA","author":"Administrator","date":"June 26, 2015","format":false,"excerpt":"Bei Radio 100,7 gab es gestern einen Beitrag \u00fcber Radio ARA. Im Beitrag werden u.a. die Empfangsst\u00f6rungen auf der 103.4 MHz durch NRJ und der Wechsel auf erst 103.3 MHz und dann 102.9 MHz, der Umzug in die neuen R\u00e4umlichkeiten bei den Rotondes, die Finanzierung, die Einteilung in ARA, Graffiti\u2026","rel":"","context":"In &quot;Deutsch&quot;","block_context":{"text":"Deutsch","link":"https:\/\/www.achimbrueckner.de\/dxradio\/php\/wordpress\/?cat=1"},"img":{"alt_text":"","src":"","width":0,"height":0},"classes":[]},{"id":36924,"url":"https:\/\/www.achimbrueckner.de\/dxradio\/php\/wordpress\/?p=36924","url_meta":{"origin":32157,"position":5},"title":"Sommerkamp-Gedenk-Aktivit\u00e4t 10. \/ 11.9.2022","author":"Administrator","date":"July 11, 2022","format":false,"excerpt":"Sommerkamp-Gedenk-Aktivit\u00e4t Liebe Radiofreunde, erinnern Sie sich noch an den ber\u00fchmten \"Kaffeew\u00e4rmer\", Sommerkamp TS 788 DX? Die Sommerkamp-Freunde, eine Gruppe auf Facebook, m\u00f6chten den Unternehmer, der hinter der gro\u00dfen Marke Sommerkamp Radio steht, ehren. Herr Wolfgang Sommerkamp, geboren am 11. September in Dortmund, Deutschland. HAM-Radio-Ruf DJ2YJ , EA8YS sowie andere verwendete\u2026","rel":"","context":"In &quot;Deutsch&quot;","block_context":{"text":"Deutsch","link":"https:\/\/www.achimbrueckner.de\/dxradio\/php\/wordpress\/?cat=1"},"img":{"alt_text":"","src":"","width":0,"height":0},"classes":[]}],"_links":{"self":[{"href":"https:\/\/www.achimbrueckner.de\/dxradio\/php\/wordpress\/index.php?rest_route=\/wp\/v2\/posts\/32157","targetHints":{"allow":["GET"]}}],"collection":[{"href":"https:\/\/www.achimbrueckner.de\/dxradio\/php\/wordpress\/index.php?rest_route=\/wp\/v2\/posts"}],"about":[{"href":"https:\/\/www.achimbrueckner.de\/dxradio\/php\/wordpress\/index.php?rest_route=\/wp\/v2\/types\/post"}],"author":[{"embeddable":true,"href":"https:\/\/www.achimbrueckner.de\/dxradio\/php\/wordpress\/index.php?rest_route=\/wp\/v2\/users\/1"}],"replies":[{"embeddable":true,"href":"https:\/\/www.achimbrueckner.de\/dxradio\/php\/wordpress\/index.php?rest_route=%2Fwp%2Fv2%2Fcomments&post=32157"}],"version-history":[{"count":0,"href":"https:\/\/www.achimbrueckner.de\/dxradio\/php\/wordpress\/index.php?rest_route=\/wp\/v2\/posts\/32157\/revisions"}],"wp:attachment":[{"href":"https:\/\/www.achimbrueckner.de\/dxradio\/php\/wordpress\/index.php?rest_route=%2Fwp%2Fv2%2Fmedia&parent=32157"}],"wp:term":[{"taxonomy":"category","embeddable":true,"href":"https:\/\/www.achimbrueckner.de\/dxradio\/php\/wordpress\/index.php?rest_route=%2Fwp%2Fv2%2Fcategories&post=32157"},{"taxonomy":"post_tag","embeddable":true,"href":"https:\/\/www.achimbrueckner.de\/dxradio\/php\/wordpress\/index.php?rest_route=%2Fwp%2Fv2%2Ftags&post=32157"}],"curies":[{"name":"wp","href":"https:\/\/api.w.org\/{rel}","templated":true}]}}