{"id":32189,"date":"2021-03-04T18:04:24","date_gmt":"2021-03-04T18:04:24","guid":{"rendered":"https:\/\/www.achimbrueckner.de\/dxradio\/php\/wordpress\/?p=32189"},"modified":"2021-03-04T18:04:24","modified_gmt":"2021-03-04T18:04:24","slug":"rolle-ruckwarts-rte-stellt-dab-wieder-ein","status":"publish","type":"post","link":"https:\/\/www.achimbrueckner.de\/dxradio\/php\/wordpress\/?p=32189","title":{"rendered":"Rolle r\u00fcckw\u00e4rts: RT\u00c9 stellt DAB wieder ein"},"content":{"rendered":"<p><a href=\"https:\/\/www.smartphonefan.de\/2021\/03\/04\/rolle-rueckwaerts-rte-stellt-dab-wieder-ein\/\" rel=\"noopener\" target=\"_blank\">https:\/\/www.smartphonefan.de\/2021\/03\/04\/rolle-rueckwaerts-rte-stellt-dab-wieder-ein\/<\/a><\/p>\n","protected":false},"excerpt":{"rendered":"<p>https:\/\/www.smartphonefan.de\/2021\/03\/04\/rolle-rueckwaerts-rte-stellt-dab-wieder-ein\/<\/p>\n","protected":false},"author":1,"featured_media":0,"comment_status":"closed","ping_status":"open","sticky":false,"template":"","format":"standard","meta":{"_jetpack_memberships_contains_paid_content":false,"footnotes":"","jetpack_publicize_message":"","jetpack_publicize_feature_enabled":true,"jetpack_social_post_already_shared":true,"jetpack_social_options":{"image_generator_settings":{"template":"highway","default_image_id":0,"font":"","enabled":false},"version":2}},"categories":[1],"tags":[31],"class_list":["post-32189","post","type-post","status-publish","format-standard","hentry","category-deutsch","tag-dab"],"jetpack_publicize_connections":[],"jetpack_featured_media_url":"","jetpack_sharing_enabled":true,"jetpack_shortlink":"https:\/\/wp.me\/p5CDmr-8nb","jetpack-related-posts":[{"id":43583,"url":"https:\/\/www.achimbrueckner.de\/dxradio\/php\/wordpress\/?p=43583","url_meta":{"origin":32189,"position":0},"title":"Rolle r\u00fcckw\u00e4rts: Radio Holiday auf DAB+ in Sachsen wieder auf Sendung","author":"Administrator","date":"August 16, 2025","format":false,"excerpt":"https:\/\/www.radioblog.eu\/2025\/08\/16\/rolle-rueckwaerts-radio-holiday-auf-dab-in-sachsen-wieder-auf-sendung\/","rel":"","context":"In &quot;Deutsch&quot;","block_context":{"text":"Deutsch","link":"https:\/\/www.achimbrueckner.de\/dxradio\/php\/wordpress\/?cat=1"},"img":{"alt_text":"","src":"","width":0,"height":0},"classes":[]},{"id":23621,"url":"https:\/\/www.achimbrueckner.de\/dxradio\/php\/wordpress\/?p=23621","url_meta":{"origin":32189,"position":1},"title":"DAB+: Rolle r\u00fcckw\u00e4rts","author":"Administrator","date":"July 5, 2019","format":false,"excerpt":"https:\/\/www.heise.de\/ct\/artikel\/DAB-Rolle-rueckwaerts-4460679.html","rel":"","context":"In &quot;Deutsch&quot;","block_context":{"text":"Deutsch","link":"https:\/\/www.achimbrueckner.de\/dxradio\/php\/wordpress\/?cat=1"},"img":{"alt_text":"","src":"","width":0,"height":0},"classes":[]},{"id":41662,"url":"https:\/\/www.achimbrueckner.de\/dxradio\/php\/wordpress\/?p=41662","url_meta":{"origin":32189,"position":2},"title":"Rolle r\u00fcckw\u00e4rts: ARD-Programme wieder weltweit auf TuneIn","author":"Administrator","date":"September 5, 2024","format":false,"excerpt":"https:\/\/www.radioblog.eu\/2024\/09\/05\/rolle-rueckwaerts-ard-programme-wieder-weltweit-auf-tunein\/","rel":"","context":"In &quot;Deutsch&quot;","block_context":{"text":"Deutsch","link":"https:\/\/www.achimbrueckner.de\/dxradio\/php\/wordpress\/?cat=1"},"img":{"alt_text":"","src":"","width":0,"height":0},"classes":[]},{"id":42475,"url":"https:\/\/www.achimbrueckner.de\/dxradio\/php\/wordpress\/?p=42475","url_meta":{"origin":32189,"position":3},"title":"Radio Wellenrausch stellt Verbreitung \u00fcber DAB+ ein","author":"Administrator","date":"March 31, 2025","format":false,"excerpt":"https:\/\/www.radioblog.eu\/2025\/03\/31\/radio-wellenrausch-stellt-verbreitung-ueber-dab-ein\/","rel":"","context":"In &quot;Deutsch&quot;","block_context":{"text":"Deutsch","link":"https:\/\/www.achimbrueckner.de\/dxradio\/php\/wordpress\/?cat=1"},"img":{"alt_text":"","src":"","width":0,"height":0},"classes":[]},{"id":41117,"url":"https:\/\/www.achimbrueckner.de\/dxradio\/php\/wordpress\/?p=41117","url_meta":{"origin":32189,"position":4},"title":"Hoamatwelle stellt DAB+ Verbreitung ein","author":"Administrator","date":"March 30, 2024","format":false,"excerpt":"https:\/\/www.radiowoche.de\/hoamatwelle-stellt-dab-verbreitung-ein\/","rel":"","context":"In &quot;Deutsch&quot;","block_context":{"text":"Deutsch","link":"https:\/\/www.achimbrueckner.de\/dxradio\/php\/wordpress\/?cat=1"},"img":{"alt_text":"","src":"","width":0,"height":0},"classes":[]},{"id":39587,"url":"https:\/\/www.achimbrueckner.de\/dxradio\/php\/wordpress\/?p=39587","url_meta":{"origin":32189,"position":5},"title":"Joke FM stellt Verbreitung \u00fcber DAB+ in Hessen ein","author":"Administrator","date":"June 2, 2023","format":false,"excerpt":"https:\/\/www.radioblog.eu\/2023\/06\/01\/joke-fm-stellt-verbreitung-ueber-dab-in-hessen-ein\/","rel":"","context":"In &quot;Deutsch&quot;","block_context":{"text":"Deutsch","link":"https:\/\/www.achimbrueckner.de\/dxradio\/php\/wordpress\/?cat=1"},"img":{"alt_text":"","src":"","width":0,"height":0},"classes":[]}],"_links":{"self":[{"href":"https:\/\/www.achimbrueckner.de\/dxradio\/php\/wordpress\/index.php?rest_route=\/wp\/v2\/posts\/32189","targetHints":{"allow":["GET"]}}],"collection":[{"href":"https:\/\/www.achimbrueckner.de\/dxradio\/php\/wordpress\/index.php?rest_route=\/wp\/v2\/posts"}],"about":[{"href":"https:\/\/www.achimbrueckner.de\/dxradio\/php\/wordpress\/index.php?rest_route=\/wp\/v2\/types\/post"}],"author":[{"embeddable":true,"href":"https:\/\/www.achimbrueckner.de\/dxradio\/php\/wordpress\/index.php?rest_route=\/wp\/v2\/users\/1"}],"replies":[{"embeddable":true,"href":"https:\/\/www.achimbrueckner.de\/dxradio\/php\/wordpress\/index.php?rest_route=%2Fwp%2Fv2%2Fcomments&post=32189"}],"version-history":[{"count":0,"href":"https:\/\/www.achimbrueckner.de\/dxradio\/php\/wordpress\/index.php?rest_route=\/wp\/v2\/posts\/32189\/revisions"}],"wp:attachment":[{"href":"https:\/\/www.achimbrueckner.de\/dxradio\/php\/wordpress\/index.php?rest_route=%2Fwp%2Fv2%2Fmedia&parent=32189"}],"wp:term":[{"taxonomy":"category","embeddable":true,"href":"https:\/\/www.achimbrueckner.de\/dxradio\/php\/wordpress\/index.php?rest_route=%2Fwp%2Fv2%2Fcategories&post=32189"},{"taxonomy":"post_tag","embeddable":true,"href":"https:\/\/www.achimbrueckner.de\/dxradio\/php\/wordpress\/index.php?rest_route=%2Fwp%2Fv2%2Ftags&post=32189"}],"curies":[{"name":"wp","href":"https:\/\/api.w.org\/{rel}","templated":true}]}}