{"id":32216,"date":"2021-03-09T16:11:21","date_gmt":"2021-03-09T16:11:21","guid":{"rendered":"https:\/\/www.achimbrueckner.de\/dxradio\/php\/wordpress\/?p=32216"},"modified":"2021-03-09T16:11:21","modified_gmt":"2021-03-09T16:11:21","slug":"amateurfunkstation-mit-dem-sonderrufzeichen-oe21m","status":"publish","type":"post","link":"https:\/\/www.achimbrueckner.de\/dxradio\/php\/wordpress\/?p=32216","title":{"rendered":"Amateurfunkstation mit dem Sonderrufzeichen OE21M"},"content":{"rendered":"<p>Das Dokumentationsarchiv Funk\/QSL Collection und CARO (Club Amateur Radio ORF) im \u00d6sterreichischen Rundfunk betreiben vom Freitag, 23. bis Sonntag, 25. April 2021 (00:00-24:00 UTC) eine Amateurfunkstation mit dem Sonderrufzeichen OE21M.<br \/>\nOE21M ist eine offizielle Station f\u00fcr den \u201eInternationalen Marconi-Tag\u201c &#8211; Kontakte am Samstag, dem 24. April 2021, z\u00e4hlen f\u00fcr das IMD-Diplom.<br \/>\nOE-B\u00fcro via OE1WHC &#8211; Direkt: DokuFunk, An den Steinfeldern 4A, A-1230 Wien<\/p>\n<p>Info via <a href=\"http:\/\/www.ratzer.at\" rel=\"noopener\" target=\"_blank\">A-DX<\/a><\/p>\n","protected":false},"excerpt":{"rendered":"<p>Das Dokumentationsarchiv Funk\/QSL Collection und CARO (Club Amateur Radio ORF) im \u00d6sterreichischen Rundfunk betreiben vom Freitag, 23. bis Sonntag, 25. April 2021 (00:00-24:00 UTC) eine Amateurfunkstation mit dem Sonderrufzeichen OE21M. OE21M ist eine offizielle Station f\u00fcr den \u201eInternationalen Marconi-Tag\u201c &#8211; Kontakte am Samstag, dem 24. April 2021, z\u00e4hlen f\u00fcr das IMD-Diplom. OE-B\u00fcro via OE1WHC &#8211; &hellip; <a href=\"https:\/\/www.achimbrueckner.de\/dxradio\/php\/wordpress\/?p=32216\" class=\"more-link\">Continue reading <span class=\"screen-reader-text\">Amateurfunkstation mit dem Sonderrufzeichen OE21M<\/span><\/a><\/p>\n","protected":false},"author":1,"featured_media":0,"comment_status":"closed","ping_status":"open","sticky":false,"template":"","format":"standard","meta":{"_jetpack_memberships_contains_paid_content":false,"footnotes":"","jetpack_publicize_message":"","jetpack_publicize_feature_enabled":true,"jetpack_social_post_already_shared":true,"jetpack_social_options":{"image_generator_settings":{"template":"highway","default_image_id":0,"font":"","enabled":false},"version":2}},"categories":[1,14],"tags":[24,40,30],"class_list":["post-32216","post","type-post","status-publish","format-standard","hentry","category-deutsch","category-dx","tag-am","tag-dx","tag-qsl"],"jetpack_publicize_connections":[],"jetpack_featured_media_url":"","jetpack_sharing_enabled":true,"jetpack_shortlink":"https:\/\/wp.me\/p5CDmr-8nC","jetpack-related-posts":[{"id":39746,"url":"https:\/\/www.achimbrueckner.de\/dxradio\/php\/wordpress\/?p=39746","url_meta":{"origin":32216,"position":0},"title":"LX90RTL Sonderrufzeichen","author":"Administrator","date":"June 29, 2023","format":false,"excerpt":"Aus dem aktuellen DXMB des DARC: LX, LUXEMBOURG: Zum 90. Jahrestages der Erstausstrahlung am 15. M\u00e4rz1933 des Senders Radio Luxemburg auf den Langwellen, wird ab dem 1.7. bis zum 31.12. die Sonderstation LX90RTL in der Luft sein. Eine Gruppe von 12 Funkamateuren aus Luxemburg hatte die Idee fu\u0308r dieses besondere\u2026","rel":"","context":"In &quot;Deutsch&quot;","block_context":{"text":"Deutsch","link":"https:\/\/www.achimbrueckner.de\/dxradio\/php\/wordpress\/?cat=1"},"img":{"alt_text":"","src":"","width":0,"height":0},"classes":[]},{"id":1464,"url":"https:\/\/www.achimbrueckner.de\/dxradio\/php\/wordpress\/?p=1464","url_meta":{"origin":32216,"position":1},"title":"Amateurfunk-Sonderstation OE11M","author":"Administrator","date":"April 14, 2011","format":false,"excerpt":"DokuFunk und die ARS des ORF betreiben gemeinsam von Freitag, 29. April, 00:00UTC bis Sonntag, 1. Mai, 24:00UTC die Sonderstation OE11M (M wie Marcono - Zur Erinnerung an Marconis Geburtstag) Dies ist der einzige OE11-Pr\u00e4fix in \u00d6sterreich. Am Samstag, 30. April, (International Marconi Day) z\u00e4hlt eine Verbindung f\u00fcr das IMD-Diplom\u2026","rel":"","context":"In &quot;Deutsch&quot;","block_context":{"text":"Deutsch","link":"https:\/\/www.achimbrueckner.de\/dxradio\/php\/wordpress\/?cat=1"},"img":{"alt_text":"","src":"","width":0,"height":0},"classes":[]},{"id":11296,"url":"https:\/\/www.achimbrueckner.de\/dxradio\/php\/wordpress\/?p=11296","url_meta":{"origin":32216,"position":2},"title":"50 Jahre ADDX","author":"Administrator","date":"December 8, 2016","format":false,"excerpt":"Hallo in die Runde, wie vielen Hobbyfreunden bestimmt bekannt ist, wird die ADDX e.V. im Jahr 2017 ihr 50. Gr\u00fcndungsjubil\u00e4um feiern. Das ist f\u00fcr uns von Vorstand und Redaktion \"Radio-Kurier mit weltweit h\u00f6ren\" Grund genug, auch akustisch einen R\u00fcckblick auf die Anfangstage und die Vereinsentwicklung zu pr\u00e4sentieren und \u00fcber unsere\u2026","rel":"","context":"In &quot;Deutsch&quot;","block_context":{"text":"Deutsch","link":"https:\/\/www.achimbrueckner.de\/dxradio\/php\/wordpress\/?cat=1"},"img":{"alt_text":"","src":"","width":0,"height":0},"classes":[]},{"id":45,"url":"https:\/\/www.achimbrueckner.de\/dxradio\/php\/wordpress\/?p=45","url_meta":{"origin":32216,"position":3},"title":"DX-Camp Langenselbold","author":"Administrator","date":"September 20, 2006","format":false,"excerpt":"Einladung Der Rhein-Main-Radio-Club l\u00e4d ein zum DX - Camp 2.- 8.10.06 in Langenselbold. Ausf\u00fchrliche Einladung auf der Homepage www.rmrc.de Anmeldung erforderlich. Di. 3. 10. wird Dirk Oberjasper eine Einf\u00fchrung in das speziell f\u00fcr FM, UHF und VHF- DXing interessante Programm \"Radio mobile\" geben und zeigen, wie man es nutzen kann\u2026","rel":"","context":"In &quot;camps&quot;","block_context":{"text":"camps","link":"https:\/\/www.achimbrueckner.de\/dxradio\/php\/wordpress\/?cat=5"},"img":{"alt_text":"","src":"","width":0,"height":0},"classes":[]},{"id":34200,"url":"https:\/\/www.achimbrueckner.de\/dxradio\/php\/wordpress\/?p=34200","url_meta":{"origin":32216,"position":4},"title":"FMK Weihnachten 2021","author":"Administrator","date":"December 18, 2021","format":false,"excerpt":"Hallo liebe Radiofreunde, es wird dieses Jahr keinen DX-Marathon geben an dem sich FM Kompakt bzw. Radio Klein Paris beteiligen. Trotzdem habe ich mir etwas, einen kleinen Kontest, \u00fcberlegt. FM Kompakt hat in den Programmen von Partnerstationen jeweils einen Gru\u00df platziert und auch Musikw\u00fcnsche ge\u00e4u\u00dfert. Schaltet bitte folgende Programme ein\u2026","rel":"","context":"In &quot;Deutsch&quot;","block_context":{"text":"Deutsch","link":"https:\/\/www.achimbrueckner.de\/dxradio\/php\/wordpress\/?cat=1"},"img":{"alt_text":"","src":"","width":0,"height":0},"classes":[]},{"id":12354,"url":"https:\/\/www.achimbrueckner.de\/dxradio\/php\/wordpress\/?p=12354","url_meta":{"origin":32216,"position":5},"title":"100. Sendung Radio DARC","author":"Administrator","date":"March 2, 2017","format":false,"excerpt":"Liebe YLs und OMs, am kommenden Sonntag,den 05. M\u00e4rz 2017 ist es soweit, die 100. Sendung von RADIO DARC geht \u00fcber die Antennen. Urspr\u00fcnglich als eine Serie von Sondersendungen anl\u00e4sslich des 65. Gr\u00fcndungsjubil\u00e4ums des Deutschen Amateur Radio Clubs e,V, gedacht, haben sich unsere w\u00f6chentlichen DX-Magazine zu einer festen Gr\u00f6\u00dfe entwickelt.\u2026","rel":"","context":"In &quot;Deutsch&quot;","block_context":{"text":"Deutsch","link":"https:\/\/www.achimbrueckner.de\/dxradio\/php\/wordpress\/?cat=1"},"img":{"alt_text":"","src":"","width":0,"height":0},"classes":[]}],"_links":{"self":[{"href":"https:\/\/www.achimbrueckner.de\/dxradio\/php\/wordpress\/index.php?rest_route=\/wp\/v2\/posts\/32216","targetHints":{"allow":["GET"]}}],"collection":[{"href":"https:\/\/www.achimbrueckner.de\/dxradio\/php\/wordpress\/index.php?rest_route=\/wp\/v2\/posts"}],"about":[{"href":"https:\/\/www.achimbrueckner.de\/dxradio\/php\/wordpress\/index.php?rest_route=\/wp\/v2\/types\/post"}],"author":[{"embeddable":true,"href":"https:\/\/www.achimbrueckner.de\/dxradio\/php\/wordpress\/index.php?rest_route=\/wp\/v2\/users\/1"}],"replies":[{"embeddable":true,"href":"https:\/\/www.achimbrueckner.de\/dxradio\/php\/wordpress\/index.php?rest_route=%2Fwp%2Fv2%2Fcomments&post=32216"}],"version-history":[{"count":0,"href":"https:\/\/www.achimbrueckner.de\/dxradio\/php\/wordpress\/index.php?rest_route=\/wp\/v2\/posts\/32216\/revisions"}],"wp:attachment":[{"href":"https:\/\/www.achimbrueckner.de\/dxradio\/php\/wordpress\/index.php?rest_route=%2Fwp%2Fv2%2Fmedia&parent=32216"}],"wp:term":[{"taxonomy":"category","embeddable":true,"href":"https:\/\/www.achimbrueckner.de\/dxradio\/php\/wordpress\/index.php?rest_route=%2Fwp%2Fv2%2Fcategories&post=32216"},{"taxonomy":"post_tag","embeddable":true,"href":"https:\/\/www.achimbrueckner.de\/dxradio\/php\/wordpress\/index.php?rest_route=%2Fwp%2Fv2%2Ftags&post=32216"}],"curies":[{"name":"wp","href":"https:\/\/api.w.org\/{rel}","templated":true}]}}