{"id":3232,"date":"2014-06-03T14:29:13","date_gmt":"2014-06-03T14:29:13","guid":{"rendered":"https:\/\/www.achimbrueckner.de\/dxradio\/php\/wordpress\/?p=3232"},"modified":"2014-06-03T14:29:13","modified_gmt":"2014-06-03T14:29:13","slug":"bad-aibling-bundesnachrichtendienst-enttarnt-eigene-abhorstation","status":"publish","type":"post","link":"https:\/\/www.achimbrueckner.de\/dxradio\/php\/wordpress\/?p=3232","title":{"rendered":"Bad Aibling: Bundesnachrichtendienst enttarnt eigene Abh\u00f6rstation"},"content":{"rendered":"<p><a href=\"http:\/\/www.spiegel.de\/netzwelt\/netzpolitik\/bad-aibling-bundesnachrichtendienst-enttarnt-eigene-abhoerstation-a-973134.html\" target=\"_blank\">http:\/\/www.spiegel.de\/netzwelt\/netzpolitik\/bad-aibling-bundesnachrichtendienst-enttarnt-eigene-abhoerstation-a-973134.html<\/a><\/p>\n<p>Info via <a href=\"http:\/\/www.ratzer.at\" target=\"_blank\">A-DX<\/a><\/p>\n","protected":false},"excerpt":{"rendered":"<p>http:\/\/www.spiegel.de\/netzwelt\/netzpolitik\/bad-aibling-bundesnachrichtendienst-enttarnt-eigene-abhoerstation-a-973134.html Info via A-DX<\/p>\n","protected":false},"author":1,"featured_media":0,"comment_status":"open","ping_status":"open","sticky":false,"template":"","format":"standard","meta":{"_jetpack_memberships_contains_paid_content":false,"footnotes":"","jetpack_publicize_message":"","jetpack_publicize_feature_enabled":true,"jetpack_social_post_already_shared":false,"jetpack_social_options":{"image_generator_settings":{"template":"highway","default_image_id":0,"font":"","enabled":false},"version":2}},"categories":[1,14],"tags":[40],"class_list":["post-3232","post","type-post","status-publish","format-standard","hentry","category-deutsch","category-dx","tag-dx"],"jetpack_publicize_connections":[],"jetpack_featured_media_url":"","jetpack_sharing_enabled":true,"jetpack_shortlink":"https:\/\/wp.me\/p5CDmr-Q8","jetpack-related-posts":[{"id":956,"url":"https:\/\/www.achimbrueckner.de\/dxradio\/php\/wordpress\/?p=956","url_meta":{"origin":3232,"position":0},"title":"DX-Camp KWFR","author":"Administrator","date":"March 12, 2010","format":false,"excerpt":"Hallo liebe YL und OM, vom 17. Mai bis zum 21. Mai findet zum 5. Mal das DX-Camp der Kuzwellenfreunde Rhein\/Ruhr im Naturfreundehaus Holzerbachtal statt. Das Haus liegt ruhig und verkehrsg\u00fcnstig am Rande von Solingen, nahe der Autobahn A46. Es k\u00f6nnen 10 DX-Pl\u00e4tze aufgebaut werden. Der Verein stellt drei Antennen\u2026","rel":"","context":"In &quot;camps&quot;","block_context":{"text":"camps","link":"https:\/\/www.achimbrueckner.de\/dxradio\/php\/wordpress\/?cat=5"},"img":{"alt_text":"","src":"","width":0,"height":0},"classes":[]},{"id":1095,"url":"https:\/\/www.achimbrueckner.de\/dxradio\/php\/wordpress\/?p=1095","url_meta":{"origin":3232,"position":1},"title":"KWFR-Herbstcamp","author":"Administrator","date":"July 26, 2010","format":false,"excerpt":"Vom 15. September bis zum 19. September 2010 findet zum 6. Mal das DX-Camp der Kurzwellenfreunde Rhein\/Ruhr im Naturfreundehaus Holzerbachtal statt. Das Haus liegt ruhig und verkehrsg\u00fcnstig am Rande von Solingen, nahe der Autobahn A46. Es k\u00f6nnen 10 DX-Pl\u00e4tze aufgebaut werden. Der Verein stellt drei Antennen (HF30, YA-30, und Kelemen-Tropenbanddipol)\u2026","rel":"","context":"In &quot;camps&quot;","block_context":{"text":"camps","link":"https:\/\/www.achimbrueckner.de\/dxradio\/php\/wordpress\/?cat=5"},"img":{"alt_text":"","src":"","width":0,"height":0},"classes":[]},{"id":22060,"url":"https:\/\/www.achimbrueckner.de\/dxradio\/php\/wordpress\/?p=22060","url_meta":{"origin":3232,"position":2},"title":"ADXB &#8211; DX Tipps via HCJB-Deutschland","author":"Administrator","date":"March 10, 2019","format":false,"excerpt":"Liebe Freunde, m\u00f6chte gerne einmal darauf hinweisen dass wir monatlich einen ca 10min langen Beitrag mit DX-Tipps \u00fcber HCJB-Deutschland in Weenermoor ausstrahlen lassen. F\u00fcr Empfangsberichte gibt eine eigene QSL. Entweder via E-Mail an: adxbsuess@aon.at Oder via Brief (wenn m\u00f6glich mit R\u00fcckporto) an: ADXB - Austrian DX Board, c\/o Musisches Zentrum,\u2026","rel":"","context":"In &quot;Deutsch&quot;","block_context":{"text":"Deutsch","link":"https:\/\/www.achimbrueckner.de\/dxradio\/php\/wordpress\/?cat=1"},"img":{"alt_text":"","src":"","width":0,"height":0},"classes":[]},{"id":2420,"url":"https:\/\/www.achimbrueckner.de\/dxradio\/php\/wordpress\/?p=2420","url_meta":{"origin":3232,"position":3},"title":"QSL.window M\u00e4rz 2013","author":"Administrator","date":"March 16, 2013","format":false,"excerpt":"Rudolf Grimm und seine Kollegen haben eine neue Ausgabe von QSL.window ver\u00f6ffentlich. Eine sehr gute Publikation, die nicht die im Netz bekannten Adressen nochmals und nochmals kopiert und ver\u00f6ffentlicht, sondern haupts\u00e4chlich auf eigene QSL Erfahrungen aufbaut. http:\/\/dxways-br.blogspot.co.at\/ und rechts im Men\u00fc den ersten Eintrag anklicken: \"QSL.window - March 2013\" Info\u2026","rel":"","context":"In &quot;links&quot;","block_context":{"text":"links","link":"https:\/\/www.achimbrueckner.de\/dxradio\/php\/wordpress\/?cat=7"},"img":{"alt_text":"","src":"","width":0,"height":0},"classes":[]},{"id":3203,"url":"https:\/\/www.achimbrueckner.de\/dxradio\/php\/wordpress\/?p=3203","url_meta":{"origin":3232,"position":4},"title":"Nachts schlafen die Spione","author":"Administrator","date":"May 24, 2014","format":false,"excerpt":"http:\/\/www.zeit.de\/politik\/deutschland\/2014-05\/fs-bundesnachrichtendienst-pullach-fotographie-martin-schlueter","rel":"","context":"In &quot;Deutsch&quot;","block_context":{"text":"Deutsch","link":"https:\/\/www.achimbrueckner.de\/dxradio\/php\/wordpress\/?cat=1"},"img":{"alt_text":"","src":"","width":0,"height":0},"classes":[]},{"id":42022,"url":"https:\/\/www.achimbrueckner.de\/dxradio\/php\/wordpress\/?p=42022","url_meta":{"origin":3232,"position":5},"title":"Utilityfrequenzliste 2024","author":"Administrator","date":"December 5, 2024","format":false,"excerpt":"Die beiden Foren f\u00fcr Utility-DXer UTDX.DE und UDXF.NL haben soeben ihre neue, gemeinsame Utility-Frequenzliste vorgelegt. Auf 1.105 Seiten werden die auf Lang-, Mittel- und Kurzwelle aktiven und identifizierten Utility-Stationen aufgelistet. Die Eintr\u00e4ge beruhen auf den Logs der Nutzer dieser beiden Foren, so dass die Liste top-aktuell ist und die aufgef\u00fchrten\u2026","rel":"","context":"In &quot;Deutsch&quot;","block_context":{"text":"Deutsch","link":"https:\/\/www.achimbrueckner.de\/dxradio\/php\/wordpress\/?cat=1"},"img":{"alt_text":"","src":"","width":0,"height":0},"classes":[]}],"_links":{"self":[{"href":"https:\/\/www.achimbrueckner.de\/dxradio\/php\/wordpress\/index.php?rest_route=\/wp\/v2\/posts\/3232","targetHints":{"allow":["GET"]}}],"collection":[{"href":"https:\/\/www.achimbrueckner.de\/dxradio\/php\/wordpress\/index.php?rest_route=\/wp\/v2\/posts"}],"about":[{"href":"https:\/\/www.achimbrueckner.de\/dxradio\/php\/wordpress\/index.php?rest_route=\/wp\/v2\/types\/post"}],"author":[{"embeddable":true,"href":"https:\/\/www.achimbrueckner.de\/dxradio\/php\/wordpress\/index.php?rest_route=\/wp\/v2\/users\/1"}],"replies":[{"embeddable":true,"href":"https:\/\/www.achimbrueckner.de\/dxradio\/php\/wordpress\/index.php?rest_route=%2Fwp%2Fv2%2Fcomments&post=3232"}],"version-history":[{"count":0,"href":"https:\/\/www.achimbrueckner.de\/dxradio\/php\/wordpress\/index.php?rest_route=\/wp\/v2\/posts\/3232\/revisions"}],"wp:attachment":[{"href":"https:\/\/www.achimbrueckner.de\/dxradio\/php\/wordpress\/index.php?rest_route=%2Fwp%2Fv2%2Fmedia&parent=3232"}],"wp:term":[{"taxonomy":"category","embeddable":true,"href":"https:\/\/www.achimbrueckner.de\/dxradio\/php\/wordpress\/index.php?rest_route=%2Fwp%2Fv2%2Fcategories&post=3232"},{"taxonomy":"post_tag","embeddable":true,"href":"https:\/\/www.achimbrueckner.de\/dxradio\/php\/wordpress\/index.php?rest_route=%2Fwp%2Fv2%2Ftags&post=3232"}],"curies":[{"name":"wp","href":"https:\/\/api.w.org\/{rel}","templated":true}]}}