{"id":3235,"date":"2014-06-04T14:13:42","date_gmt":"2014-06-04T14:13:42","guid":{"rendered":"https:\/\/www.achimbrueckner.de\/dxradio\/php\/wordpress\/?p=3235"},"modified":"2014-06-04T14:13:42","modified_gmt":"2014-06-04T14:13:42","slug":"bbc-muss-600-mitarbeiter-entlassen-davon-fast-100-radio-mitarbeiter","status":"publish","type":"post","link":"https:\/\/www.achimbrueckner.de\/dxradio\/php\/wordpress\/?p=3235","title":{"rendered":"BBC muss 600 Mitarbeiter entlassen davon fast 100 Radio-Mitarbeiter"},"content":{"rendered":"<p><a href=\"http:\/\/www.radioszene.de\/68756\/weitere-stellenstreichungen-bei-der-bbc.html\" target=\"_blank\">http:\/\/www.radioszene.de\/68756\/weitere-stellenstreichungen-bei-der-bbc.html<\/a><\/p>\n","protected":false},"excerpt":{"rendered":"<p>http:\/\/www.radioszene.de\/68756\/weitere-stellenstreichungen-bei-der-bbc.html<\/p>\n","protected":false},"author":1,"featured_media":0,"comment_status":"open","ping_status":"open","sticky":false,"template":"","format":"standard","meta":{"_jetpack_memberships_contains_paid_content":false,"footnotes":"","jetpack_publicize_message":"","jetpack_publicize_feature_enabled":true,"jetpack_social_post_already_shared":false,"jetpack_social_options":{"image_generator_settings":{"template":"highway","default_image_id":0,"font":"","enabled":false},"version":2}},"categories":[1,16],"tags":[41],"class_list":["post-3235","post","type-post","status-publish","format-standard","hentry","category-deutsch","category-radioszene","tag-radioszene"],"jetpack_publicize_connections":[],"jetpack_featured_media_url":"","jetpack_sharing_enabled":true,"jetpack_shortlink":"https:\/\/wp.me\/p5CDmr-Qb","jetpack-related-posts":[{"id":29821,"url":"https:\/\/www.achimbrueckner.de\/dxradio\/php\/wordpress\/?p=29821","url_meta":{"origin":3235,"position":0},"title":"Radio BOB!-H\u00f6rer geben \u00fcber 340.000 Euro f\u00fcr Mitarbeiter aus der Veranstaltungsbranche","author":"Administrator","date":"August 26, 2020","format":false,"excerpt":"https:\/\/www.radioszene.de\/146833\/radio-bob-hoerer-geben-ueber-340-000-euro-fuer-mitarbeiter-aus-der-veranstaltungsbranche.html","rel":"","context":"In &quot;Deutsch&quot;","block_context":{"text":"Deutsch","link":"https:\/\/www.achimbrueckner.de\/dxradio\/php\/wordpress\/?cat=1"},"img":{"alt_text":"","src":"","width":0,"height":0},"classes":[]},{"id":18521,"url":"https:\/\/www.achimbrueckner.de\/dxradio\/php\/wordpress\/?p=18521","url_meta":{"origin":3235,"position":1},"title":"Radio Hamburg-Mitarbeiter fordern Tarifvertrag","author":"Administrator","date":"July 18, 2018","format":false,"excerpt":"https:\/\/www.radioszene.de\/124132\/wir-sind-radio-hamburg.html","rel":"","context":"In &quot;Deutsch&quot;","block_context":{"text":"Deutsch","link":"https:\/\/www.achimbrueckner.de\/dxradio\/php\/wordpress\/?cat=1"},"img":{"alt_text":"","src":"","width":0,"height":0},"classes":[]},{"id":30881,"url":"https:\/\/www.achimbrueckner.de\/dxradio\/php\/wordpress\/?p=30881","url_meta":{"origin":3235,"position":2},"title":"BLR schl\u00e4gt Alarm: \u201cBR wirbt systematisch Mitarbeiter ab!\u201d","author":"Administrator","date":"November 26, 2020","format":false,"excerpt":"https:\/\/www.radioszene.de\/149874\/blr-offener-brief.html","rel":"","context":"In &quot;Deutsch&quot;","block_context":{"text":"Deutsch","link":"https:\/\/www.achimbrueckner.de\/dxradio\/php\/wordpress\/?cat=1"},"img":{"alt_text":"","src":"","width":0,"height":0},"classes":[]},{"id":5231,"url":"https:\/\/www.achimbrueckner.de\/dxradio\/php\/wordpress\/?p=5231","url_meta":{"origin":3235,"position":3},"title":"CBS Radio entl\u00e4sst rund 200 Mitarbeiter","author":"Administrator","date":"July 16, 2015","format":false,"excerpt":"http:\/\/www.radioszene.de\/81732\/cbs-radio-entlaesst-rund-200-mitarbeiter.html","rel":"","context":"In &quot;Deutsch&quot;","block_context":{"text":"Deutsch","link":"https:\/\/www.achimbrueckner.de\/dxradio\/php\/wordpress\/?cat=1"},"img":{"alt_text":"","src":"","width":0,"height":0},"classes":[]},{"id":28043,"url":"https:\/\/www.achimbrueckner.de\/dxradio\/php\/wordpress\/?p=28043","url_meta":{"origin":3235,"position":4},"title":"Bei BB Radio arbeiten \u00fcber Ostern nur die Chefs: Mitarbeiter bleiben zu Hause","author":"Administrator","date":"April 8, 2020","format":false,"excerpt":"https:\/\/www.radioszene.de\/142869\/bbradio-chefsache-ostern.html","rel":"","context":"In &quot;Deutsch&quot;","block_context":{"text":"Deutsch","link":"https:\/\/www.achimbrueckner.de\/dxradio\/php\/wordpress\/?cat=1"},"img":{"alt_text":"","src":"","width":0,"height":0},"classes":[]},{"id":6674,"url":"https:\/\/www.achimbrueckner.de\/dxradio\/php\/wordpress\/?p=6674","url_meta":{"origin":3235,"position":5},"title":"NSA-Ausschuss: Widerspenstiger BND-Mitarbeiter sorgt f\u00fcr Eklat &#8211; derstandard.at\/2000026514956\/NSA-Ausschuss-Widerspenstiger-BND-Mitarbeiter-sorgt-fuer-Eklat","author":"Administrator","date":"November 28, 2015","format":false,"excerpt":"http:\/\/derstandard.at\/2000026514956\/NSA-Ausschuss-Widerspenstiger-BND-Mitarbeiter-sorgt-fuer-Eklat","rel":"","context":"In &quot;Deutsch&quot;","block_context":{"text":"Deutsch","link":"https:\/\/www.achimbrueckner.de\/dxradio\/php\/wordpress\/?cat=1"},"img":{"alt_text":"","src":"","width":0,"height":0},"classes":[]}],"_links":{"self":[{"href":"https:\/\/www.achimbrueckner.de\/dxradio\/php\/wordpress\/index.php?rest_route=\/wp\/v2\/posts\/3235","targetHints":{"allow":["GET"]}}],"collection":[{"href":"https:\/\/www.achimbrueckner.de\/dxradio\/php\/wordpress\/index.php?rest_route=\/wp\/v2\/posts"}],"about":[{"href":"https:\/\/www.achimbrueckner.de\/dxradio\/php\/wordpress\/index.php?rest_route=\/wp\/v2\/types\/post"}],"author":[{"embeddable":true,"href":"https:\/\/www.achimbrueckner.de\/dxradio\/php\/wordpress\/index.php?rest_route=\/wp\/v2\/users\/1"}],"replies":[{"embeddable":true,"href":"https:\/\/www.achimbrueckner.de\/dxradio\/php\/wordpress\/index.php?rest_route=%2Fwp%2Fv2%2Fcomments&post=3235"}],"version-history":[{"count":0,"href":"https:\/\/www.achimbrueckner.de\/dxradio\/php\/wordpress\/index.php?rest_route=\/wp\/v2\/posts\/3235\/revisions"}],"wp:attachment":[{"href":"https:\/\/www.achimbrueckner.de\/dxradio\/php\/wordpress\/index.php?rest_route=%2Fwp%2Fv2%2Fmedia&parent=3235"}],"wp:term":[{"taxonomy":"category","embeddable":true,"href":"https:\/\/www.achimbrueckner.de\/dxradio\/php\/wordpress\/index.php?rest_route=%2Fwp%2Fv2%2Fcategories&post=3235"},{"taxonomy":"post_tag","embeddable":true,"href":"https:\/\/www.achimbrueckner.de\/dxradio\/php\/wordpress\/index.php?rest_route=%2Fwp%2Fv2%2Ftags&post=3235"}],"curies":[{"name":"wp","href":"https:\/\/api.w.org\/{rel}","templated":true}]}}