{"id":32365,"date":"2021-03-28T08:41:51","date_gmt":"2021-03-28T08:41:51","guid":{"rendered":"https:\/\/www.achimbrueckner.de\/dxradio\/php\/wordpress\/?p=32365"},"modified":"2021-03-28T08:41:51","modified_gmt":"2021-03-28T08:41:51","slug":"100-7-big-fm-jetzt-auch-mit-moderierten-sendungen","status":"publish","type":"post","link":"https:\/\/www.achimbrueckner.de\/dxradio\/php\/wordpress\/?p=32365","title":{"rendered":"100.7 Big FM jetzt auch mit moderierten Sendungen"},"content":{"rendered":"<p><a href=\"https:\/\/www.smartphonefan.de\/2021\/03\/28\/100-7-big-fm-jetzt-auch-mit-moderierten-sendungen\/\" rel=\"noopener\" target=\"_blank\">https:\/\/www.smartphonefan.de\/2021\/03\/28\/100-7-big-fm-jetzt-auch-mit-moderierten-sendungen\/<\/a><\/p>\n","protected":false},"excerpt":{"rendered":"<p>https:\/\/www.smartphonefan.de\/2021\/03\/28\/100-7-big-fm-jetzt-auch-mit-moderierten-sendungen\/<\/p>\n","protected":false},"author":1,"featured_media":0,"comment_status":"closed","ping_status":"open","sticky":false,"template":"","format":"standard","meta":{"_jetpack_memberships_contains_paid_content":false,"footnotes":"","jetpack_publicize_message":"","jetpack_publicize_feature_enabled":true,"jetpack_social_post_already_shared":true,"jetpack_social_options":{"image_generator_settings":{"template":"highway","default_image_id":0,"font":"","enabled":false},"version":2}},"categories":[1],"tags":[28],"class_list":["post-32365","post","type-post","status-publish","format-standard","hentry","category-deutsch","tag-fm"],"jetpack_publicize_connections":[],"jetpack_featured_media_url":"","jetpack_sharing_enabled":true,"jetpack_shortlink":"https:\/\/wp.me\/p5CDmr-8q1","jetpack-related-posts":[{"id":33679,"url":"https:\/\/www.achimbrueckner.de\/dxradio\/php\/wordpress\/?p=33679","url_meta":{"origin":32365,"position":0},"title":"Radio Uno mit moderierten Sendungen","author":"Administrator","date":"September 29, 2021","format":false,"excerpt":"https:\/\/www.smartphonefan.de\/2021\/09\/29\/radio-uno-mit-moderierten-sendungen\/","rel":"","context":"In &quot;Deutsch&quot;","block_context":{"text":"Deutsch","link":"https:\/\/www.achimbrueckner.de\/dxradio\/php\/wordpress\/?cat=1"},"img":{"alt_text":"","src":"","width":0,"height":0},"classes":[]},{"id":43574,"url":"https:\/\/www.achimbrueckner.de\/dxradio\/php\/wordpress\/?p=43574","url_meta":{"origin":32365,"position":1},"title":"kulthitRADIO best\u00e4tigt: Derzeit keine moderierten Sendungen","author":"Administrator","date":"August 15, 2025","format":false,"excerpt":"https:\/\/www.radioblog.eu\/2025\/08\/15\/kulthitradio-bestaetigt-derzeit-keine-moderierten-sendungen\/","rel":"","context":"In &quot;Deutsch&quot;","block_context":{"text":"Deutsch","link":"https:\/\/www.achimbrueckner.de\/dxradio\/php\/wordpress\/?cat=1"},"img":{"alt_text":"","src":"","width":0,"height":0},"classes":[]},{"id":30333,"url":"https:\/\/www.achimbrueckner.de\/dxradio\/php\/wordpress\/?p=30333","url_meta":{"origin":32365,"position":2},"title":"Die moderierten Absolut-Radio-Programme: On air mit Luft nach oben!","author":"Administrator","date":"October 6, 2020","format":false,"excerpt":"https:\/\/www.infosat.de\/radio\/die-moderierten-absolut-radio-programme-air-mit-luft-nach-oben","rel":"","context":"In &quot;Deutsch&quot;","block_context":{"text":"Deutsch","link":"https:\/\/www.achimbrueckner.de\/dxradio\/php\/wordpress\/?cat=1"},"img":{"alt_text":"","src":"","width":0,"height":0},"classes":[]},{"id":13043,"url":"https:\/\/www.achimbrueckner.de\/dxradio\/php\/wordpress\/?p=13043","url_meta":{"origin":32365,"position":3},"title":"H\u00f6rer moderierten live bei NDR 1 Radio MV","author":"Administrator","date":"May 1, 2017","format":false,"excerpt":"https:\/\/www.ndr.de\/wuensch_dir_deinen_ndr\/Hoerer-moderierten-live-bei-NDR-1-Radio-MV,deinndr242.html","rel":"","context":"In &quot;Deutsch&quot;","block_context":{"text":"Deutsch","link":"https:\/\/www.achimbrueckner.de\/dxradio\/php\/wordpress\/?cat=1"},"img":{"alt_text":"","src":"","width":0,"height":0},"classes":[]},{"id":36324,"url":"https:\/\/www.achimbrueckner.de\/dxradio\/php\/wordpress\/?p=36324","url_meta":{"origin":32365,"position":4},"title":"Radio Ladies First auf laut.fm","author":"Administrator","date":"May 14, 2022","format":false,"excerpt":"Radio Ladies First auf laut.fm Seit kurzem gibt es via laut.fm einen neuen Memorialstream. Es laufen Mitschnitte, Jingles, Kenner und viele Original-Erinnerungen an Bernd Schumachers legend\u00e4res Radio Ladies 1 aus Baden-Baden. Ladies 1 war einer der beliebtesten und erfolgreichsten Privatsendern im L\u00e4ndle. Neben Bernd Schumacher geh\u00f6rten u.a. Garry Preston, Conny\u2026","rel":"","context":"In &quot;Deutsch&quot;","block_context":{"text":"Deutsch","link":"https:\/\/www.achimbrueckner.de\/dxradio\/php\/wordpress\/?cat=1"},"img":{"alt_text":"","src":"","width":0,"height":0},"classes":[]},{"id":41787,"url":"https:\/\/www.achimbrueckner.de\/dxradio\/php\/wordpress\/?p=41787","url_meta":{"origin":32365,"position":5},"title":"Viva FM Paphos nimmt moderierte Sendungen wieder auf","author":"Administrator","date":"October 11, 2024","format":false,"excerpt":"https:\/\/www.radioblog.eu\/2024\/10\/11\/viva-fm-paphos-nimmt-moderierte-sendungen-wieder-auf\/","rel":"","context":"In &quot;Deutsch&quot;","block_context":{"text":"Deutsch","link":"https:\/\/www.achimbrueckner.de\/dxradio\/php\/wordpress\/?cat=1"},"img":{"alt_text":"","src":"","width":0,"height":0},"classes":[]}],"_links":{"self":[{"href":"https:\/\/www.achimbrueckner.de\/dxradio\/php\/wordpress\/index.php?rest_route=\/wp\/v2\/posts\/32365","targetHints":{"allow":["GET"]}}],"collection":[{"href":"https:\/\/www.achimbrueckner.de\/dxradio\/php\/wordpress\/index.php?rest_route=\/wp\/v2\/posts"}],"about":[{"href":"https:\/\/www.achimbrueckner.de\/dxradio\/php\/wordpress\/index.php?rest_route=\/wp\/v2\/types\/post"}],"author":[{"embeddable":true,"href":"https:\/\/www.achimbrueckner.de\/dxradio\/php\/wordpress\/index.php?rest_route=\/wp\/v2\/users\/1"}],"replies":[{"embeddable":true,"href":"https:\/\/www.achimbrueckner.de\/dxradio\/php\/wordpress\/index.php?rest_route=%2Fwp%2Fv2%2Fcomments&post=32365"}],"version-history":[{"count":0,"href":"https:\/\/www.achimbrueckner.de\/dxradio\/php\/wordpress\/index.php?rest_route=\/wp\/v2\/posts\/32365\/revisions"}],"wp:attachment":[{"href":"https:\/\/www.achimbrueckner.de\/dxradio\/php\/wordpress\/index.php?rest_route=%2Fwp%2Fv2%2Fmedia&parent=32365"}],"wp:term":[{"taxonomy":"category","embeddable":true,"href":"https:\/\/www.achimbrueckner.de\/dxradio\/php\/wordpress\/index.php?rest_route=%2Fwp%2Fv2%2Fcategories&post=32365"},{"taxonomy":"post_tag","embeddable":true,"href":"https:\/\/www.achimbrueckner.de\/dxradio\/php\/wordpress\/index.php?rest_route=%2Fwp%2Fv2%2Ftags&post=32365"}],"curies":[{"name":"wp","href":"https:\/\/api.w.org\/{rel}","templated":true}]}}