{"id":3242,"date":"2014-06-08T21:57:36","date_gmt":"2014-06-08T21:57:36","guid":{"rendered":"https:\/\/www.achimbrueckner.de\/dxradio\/php\/wordpress\/?p=3242"},"modified":"2014-06-08T21:57:36","modified_gmt":"2014-06-08T21:57:36","slug":"das-tiananmen-massaker-im-chinesischen-radio","status":"publish","type":"post","link":"https:\/\/www.achimbrueckner.de\/dxradio\/php\/wordpress\/?p=3242","title":{"rendered":"Das Tiananmen-Massaker im chinesischen Radio"},"content":{"rendered":"<p><a href=\"http:\/\/www.dxaktuell.de\/2014\/06\/das-tiananmen-massaker-im-chinesischen-radio\/\" target=\"_blank\">http:\/\/www.dxaktuell.de\/2014\/06\/das-tiananmen-massaker-im-chinesischen-radio\/<\/a><\/p>\n","protected":false},"excerpt":{"rendered":"<p>http:\/\/www.dxaktuell.de\/2014\/06\/das-tiananmen-massaker-im-chinesischen-radio\/<\/p>\n","protected":false},"author":1,"featured_media":0,"comment_status":"open","ping_status":"open","sticky":false,"template":"","format":"standard","meta":{"_jetpack_memberships_contains_paid_content":false,"footnotes":"","jetpack_publicize_message":"","jetpack_publicize_feature_enabled":true,"jetpack_social_post_already_shared":false,"jetpack_social_options":{"image_generator_settings":{"template":"highway","default_image_id":0,"font":"","enabled":false},"version":2}},"categories":[1,14],"tags":[40],"class_list":["post-3242","post","type-post","status-publish","format-standard","hentry","category-deutsch","category-dx","tag-dx"],"jetpack_publicize_connections":[],"jetpack_featured_media_url":"","jetpack_sharing_enabled":true,"jetpack_shortlink":"https:\/\/wp.me\/p5CDmr-Qi","jetpack-related-posts":[{"id":872,"url":"https:\/\/www.achimbrueckner.de\/dxradio\/php\/wordpress\/?p=872","url_meta":{"origin":3242,"position":0},"title":"SWLCS-Spezial 24. Januar 2010","author":"Administrator","date":"January 24, 2010","format":false,"excerpt":"24. Januar 2010 1900 bis 2000 MEZ: http:\/\/stream.laut.fm\/kompakt.m3u Auf vielfachen Wunsch wird das SWLCS-Spezial wiederholt, mit folgendem Inhalt : Besuch im Studio von Radio F\u00f6rderband Mitte der 80iger, 2. Geburtstag von Radio Ropa Info mit dem DX-Programm von Manfred B\u00f6hm, Vorstellung des Radio S\u00fcdafrika RSA DX-Programms in deutscher Sprache, Peter\u2026","rel":"","context":"In &quot;Deutsch&quot;","block_context":{"text":"Deutsch","link":"https:\/\/www.achimbrueckner.de\/dxradio\/php\/wordpress\/?cat=1"},"img":{"alt_text":"","src":"","width":0,"height":0},"classes":[]},{"id":455,"url":"https:\/\/www.achimbrueckner.de\/dxradio\/php\/wordpress\/?p=455","url_meta":{"origin":3242,"position":1},"title":"Rundfunkgeschichte im Radio","author":"Administrator","date":"May 23, 2009","format":false,"excerpt":"Rundfunkgeschichte im Radio: 28.05. MDR Figaro 22.00 Uhr MESZ Diskurs: Gruenderzeit Das Haus des Rundfunks 1929-1933-Eine Chronik 31.05. das Kulturradio (RBB) 14.04 Uhr MESZ Feature Schicksalsjahre - Das Haus des Rundfunks von 1933-1945 Info via A-DX","rel":"","context":"In &quot;Deutsch&quot;","block_context":{"text":"Deutsch","link":"https:\/\/www.achimbrueckner.de\/dxradio\/php\/wordpress\/?cat=1"},"img":{"alt_text":"","src":"","width":0,"height":0},"classes":[]},{"id":792,"url":"https:\/\/www.achimbrueckner.de\/dxradio\/php\/wordpress\/?p=792","url_meta":{"origin":3242,"position":2},"title":"Morphy Richards DRM Radio 27024 DRM\/DAB Radio","author":"Administrator","date":"December 24, 2009","format":false,"excerpt":"Das Morphy Richards DRM Radio 27024 DRM\/DAB Radio gibt es heute im T-Online Shop f\u00fcr 88 Euro: http:\/\/www.t-online-shop.de\/morphy-richards-drm-radio-27024-drm-dab-radio\/?ref=celebros Info via A-DX","rel":"","context":"In &quot;Deutsch&quot;","block_context":{"text":"Deutsch","link":"https:\/\/www.achimbrueckner.de\/dxradio\/php\/wordpress\/?cat=1"},"img":{"alt_text":"","src":"","width":0,"height":0},"classes":[]},{"id":547,"url":"https:\/\/www.achimbrueckner.de\/dxradio\/php\/wordpress\/?p=547","url_meta":{"origin":3242,"position":3},"title":"Radio Slovakia Sonder-QSL-Karte","author":"Administrator","date":"September 25, 2009","format":false,"excerpt":"Liebe Hobbyfreunde! Das Austrian DX Board (ADXB) f\u00fchrt in Zusammenarbeit mit Radio Slovakia International eine Aktion im Zeitraum im Zeitraum von November-2009 bis inklusive J\u00e4nner 2010 durch, bei der es eine Sonder-QSL Karte als Belohnung f\u00fcr korrekte Empfangsberichte geben wird. Anlass ist das 40 J\u00e4hrige Bestehen des ADXB, des einzigen\u2026","rel":"","context":"In &quot;contests&quot;","block_context":{"text":"contests","link":"https:\/\/www.achimbrueckner.de\/dxradio\/php\/wordpress\/?cat=6"},"img":{"alt_text":"","src":"","width":0,"height":0},"classes":[]},{"id":1402,"url":"https:\/\/www.achimbrueckner.de\/dxradio\/php\/wordpress\/?p=1402","url_meta":{"origin":3242,"position":4},"title":"Programmtipp &#8211; Erinnerungen an Radio Ropa Info","author":"Administrator","date":"March 12, 2011","format":false,"excerpt":"Sonntag, 13.03.11, 19:00- ca. 20:15h: Radio Ropa Info mit Manfred B\u00f6hm und seinen DX-Sendungen geh\u00f6rte zum absoluten Ohrenschmaus f\u00fcr uns Radiofreaks und DXer. FM Kompakt erinnert an den DX Report, an den ersten Beitrag von Markus Weidner im Studio bei Manfred (am 01.11.92), Manfred B\u00f6hm zur Einstellung des DX Reports\u2026","rel":"","context":"In &quot;Deutsch&quot;","block_context":{"text":"Deutsch","link":"https:\/\/www.achimbrueckner.de\/dxradio\/php\/wordpress\/?cat=1"},"img":{"alt_text":"","src":"","width":0,"height":0},"classes":[]},{"id":458,"url":"https:\/\/www.achimbrueckner.de\/dxradio\/php\/wordpress\/?p=458","url_meta":{"origin":3242,"position":5},"title":"Medienmagazin","author":"Administrator","date":"May 25, 2009","format":false,"excerpt":"Hallo zusammen, einige Hobbyfreunde haben es sicher bereits bemerkt: Der seit einem Jahr angestammte Sendeplatz f\u00fcr das Medienmagazin bei Radio 700 und Radio Transsylania International am Samstagnachmittag steht nicht mehr zur Verf\u00fcgung. Es gibt nun neue Sendepl\u00e4tze, auf denen die Sendung zum Teil bereits seit einiger Zeit parallel zu empfangen\u2026","rel":"","context":"In &quot;Deutsch&quot;","block_context":{"text":"Deutsch","link":"https:\/\/www.achimbrueckner.de\/dxradio\/php\/wordpress\/?cat=1"},"img":{"alt_text":"","src":"","width":0,"height":0},"classes":[]}],"_links":{"self":[{"href":"https:\/\/www.achimbrueckner.de\/dxradio\/php\/wordpress\/index.php?rest_route=\/wp\/v2\/posts\/3242","targetHints":{"allow":["GET"]}}],"collection":[{"href":"https:\/\/www.achimbrueckner.de\/dxradio\/php\/wordpress\/index.php?rest_route=\/wp\/v2\/posts"}],"about":[{"href":"https:\/\/www.achimbrueckner.de\/dxradio\/php\/wordpress\/index.php?rest_route=\/wp\/v2\/types\/post"}],"author":[{"embeddable":true,"href":"https:\/\/www.achimbrueckner.de\/dxradio\/php\/wordpress\/index.php?rest_route=\/wp\/v2\/users\/1"}],"replies":[{"embeddable":true,"href":"https:\/\/www.achimbrueckner.de\/dxradio\/php\/wordpress\/index.php?rest_route=%2Fwp%2Fv2%2Fcomments&post=3242"}],"version-history":[{"count":0,"href":"https:\/\/www.achimbrueckner.de\/dxradio\/php\/wordpress\/index.php?rest_route=\/wp\/v2\/posts\/3242\/revisions"}],"wp:attachment":[{"href":"https:\/\/www.achimbrueckner.de\/dxradio\/php\/wordpress\/index.php?rest_route=%2Fwp%2Fv2%2Fmedia&parent=3242"}],"wp:term":[{"taxonomy":"category","embeddable":true,"href":"https:\/\/www.achimbrueckner.de\/dxradio\/php\/wordpress\/index.php?rest_route=%2Fwp%2Fv2%2Fcategories&post=3242"},{"taxonomy":"post_tag","embeddable":true,"href":"https:\/\/www.achimbrueckner.de\/dxradio\/php\/wordpress\/index.php?rest_route=%2Fwp%2Fv2%2Ftags&post=3242"}],"curies":[{"name":"wp","href":"https:\/\/api.w.org\/{rel}","templated":true}]}}