{"id":3243,"date":"2014-06-09T18:51:36","date_gmt":"2014-06-09T18:51:36","guid":{"rendered":"https:\/\/www.achimbrueckner.de\/dxradio\/php\/wordpress\/?p=3243"},"modified":"2014-06-14T16:07:49","modified_gmt":"2014-06-14T16:07:49","slug":"wm-in-brasilien-qrgs","status":"publish","type":"post","link":"https:\/\/www.achimbrueckner.de\/dxradio\/php\/wordpress\/?p=3243","title":{"rendered":"WM in Brasilien QRGs"},"content":{"rendered":"<p>Die FIFA hat u.a. diejenigen Radiostationen bekannt gegeben, die offiziell die WM in Brasilien \u00fcbertragen:<\/p>\n<p>R\u00e1dio Nacional da Amazonia 6180, 11780<\/p>\n<p>R\u00e1dio Gaucha 11915  <\/p>\n<p>R\u00e1dio Bandeirantes 6090, 9645, 11925<\/p>\n<p>R\u00e1dio Itatiaia 5970<\/p>\n<p>R\u00e1dio Clube do Para 4885<\/p>\n<p>R\u00e1dio Meterologia Paulista 4845<\/p>\n<p>(alle Angaben in kHz)<\/p>\n<p>Info via <a href=\"http:\/\/www.ratzer.at\" target=\"_blank\">A-DX<\/a><\/p>\n","protected":false},"excerpt":{"rendered":"<p>Die FIFA hat u.a. diejenigen Radiostationen bekannt gegeben, die offiziell die WM in Brasilien \u00fcbertragen: R\u00e1dio Nacional da Amazonia 6180, 11780 R\u00e1dio Gaucha 11915 R\u00e1dio Bandeirantes 6090, 9645, 11925 R\u00e1dio Itatiaia 5970 R\u00e1dio Clube do Para 4885 R\u00e1dio Meterologia Paulista 4845 (alle Angaben in kHz) Info via A-DX<\/p>\n","protected":false},"author":1,"featured_media":0,"comment_status":"open","ping_status":"open","sticky":false,"template":"","format":"standard","meta":{"_jetpack_memberships_contains_paid_content":false,"footnotes":"","jetpack_publicize_message":"","jetpack_publicize_feature_enabled":true,"jetpack_social_post_already_shared":false,"jetpack_social_options":{"image_generator_settings":{"template":"highway","default_image_id":0,"font":"","enabled":false},"version":2}},"categories":[1,14],"tags":[24,40],"class_list":["post-3243","post","type-post","status-publish","format-standard","hentry","category-deutsch","category-dx","tag-am","tag-dx"],"jetpack_publicize_connections":[],"jetpack_featured_media_url":"","jetpack_sharing_enabled":true,"jetpack_shortlink":"https:\/\/wp.me\/p5CDmr-Qj","jetpack-related-posts":[{"id":3255,"url":"https:\/\/www.achimbrueckner.de\/dxradio\/php\/wordpress\/?p=3255","url_meta":{"origin":3243,"position":0},"title":"adxb-DL WM 2014 Kontest","author":"Administrator","date":"June 11, 2014","format":false,"excerpt":"Die Assoziation junger DXer e.V. (adxb-DL) richtet aus Anlass der Fu\u00dfball-Weltmeisterschaft 2014 in Brasilien vom 12. Juni bis 13. Juli 2014 wieder einen Kontest aus. Jeder Kurzwellenh\u00f6rer ist eingeladen, daran teilzunehmen. Eine Mitgliedschaft in einem Kurzwellenh\u00f6rerverein ist nicht erforderlich. Zu h\u00f6ren ist jeweils eine Rundfunkstation aus den 32 an der\u2026","rel":"","context":"In &quot;contests&quot;","block_context":{"text":"contests","link":"https:\/\/www.achimbrueckner.de\/dxradio\/php\/wordpress\/?cat=6"},"img":{"alt_text":"","src":"","width":0,"height":0},"classes":[]},{"id":3147,"url":"https:\/\/www.achimbrueckner.de\/dxradio\/php\/wordpress\/?p=3147","url_meta":{"origin":3243,"position":1},"title":"adxb-DL WM 2014 Kontest","author":"Administrator","date":"May 7, 2014","format":false,"excerpt":"Die Assoziation junger DXer e.V. (adxb-DL) richtet aus Anlass der Fu\u00dfball-Weltmeisterschaft 2014 in Brasilien vom 12. Juni bis 13. Juli 2014 wieder einen Kontest aus. Jeder Kurzwellenh\u00f6rer ist eingeladen, daran teilzunehmen. Eine Mitgliedschaft in einem Kurzwellenh\u00f6rerverein ist nicht erforderlich. Zu h\u00f6ren ist jeweils eine Rundfunkstation aus den 32 an der\u2026","rel":"","context":"In &quot;contests&quot;","block_context":{"text":"contests","link":"https:\/\/www.achimbrueckner.de\/dxradio\/php\/wordpress\/?cat=6"},"img":{"alt_text":"","src":"","width":0,"height":0},"classes":[]},{"id":38132,"url":"https:\/\/www.achimbrueckner.de\/dxradio\/php\/wordpress\/?p=38132","url_meta":{"origin":3243,"position":2},"title":"Brasilien R\u00e1dio Nacional da Amaz\u00f4nia","author":"Administrator","date":"December 6, 2022","format":false,"excerpt":"Brasilien R\u00e1dio Nacional da Amaz\u00f4nia aus Bras\u00edlia ist mit guter Signalst\u00e4rke gegen 2140 UT auf 6180 kHz zu h\u00f6ren. Danke an OM Ewald f\u00fcr den Hinweis in unserer A-DX Mailingliste. Info via Facebook","rel":"","context":"In &quot;Deutsch&quot;","block_context":{"text":"Deutsch","link":"https:\/\/www.achimbrueckner.de\/dxradio\/php\/wordpress\/?cat=1"},"img":{"alt_text":"","src":"","width":0,"height":0},"classes":[]},{"id":8408,"url":"https:\/\/www.achimbrueckner.de\/dxradio\/php\/wordpress\/?p=8408","url_meta":{"origin":3243,"position":3},"title":"Bei Sendung Mord Die Jagd auf Radiomoderatoren in Brasilien","author":"Administrator","date":"May 27, 2016","format":false,"excerpt":"http:\/\/www.deutschlandfunk.de\/bei-sendung-mord-die-jagd-auf-radiomoderatoren-in-brasilien.1247.de.html?dram:article_id=353199 Info via A-DX","rel":"","context":"In &quot;Deutsch&quot;","block_context":{"text":"Deutsch","link":"https:\/\/www.achimbrueckner.de\/dxradio\/php\/wordpress\/?cat=1"},"img":{"alt_text":"","src":"","width":0,"height":0},"classes":[]},{"id":3,"url":"https:\/\/www.achimbrueckner.de\/dxradio\/php\/wordpress\/?p=3","url_meta":{"origin":3243,"position":4},"title":"Brasilien im 25m Band","author":"Administrator","date":"September 10, 2005","format":false,"excerpt":"Nicht ganz so stark waren die Signale aus Brasilien im 25m Band. Zwei Stationen wurden gegen 0015 Utc geh\u00f6rt: 11780 Radio Nacional da Amazonia 11815 Radio Brasil Central","rel":"","context":"In &quot;Empfang&quot;","block_context":{"text":"Empfang","link":"https:\/\/www.achimbrueckner.de\/dxradio\/php\/wordpress\/?cat=3"},"img":{"alt_text":"","src":"","width":0,"height":0},"classes":[]},{"id":30774,"url":"https:\/\/www.achimbrueckner.de\/dxradio\/php\/wordpress\/?p=30774","url_meta":{"origin":3243,"position":5},"title":"QSL-window pdf","author":"Administrator","date":"November 12, 2020","format":false,"excerpt":"Im Blog von A-DXer Rudolf Grimm aus Brasilien ist die neue Ausgabe des QSL Window als PDF zum Download bereit. Einfach unter dxways-br.blogspot.com rechts in der Seitenleiste den ersten Eintrag anklicken, schon kommt das kostenlose PDF mit 70 Seiten QSL-Infos zu euch. Dank an Rudolf und Fabricio A. Silva! Info\u2026","rel":"","context":"In &quot;Deutsch&quot;","block_context":{"text":"Deutsch","link":"https:\/\/www.achimbrueckner.de\/dxradio\/php\/wordpress\/?cat=1"},"img":{"alt_text":"","src":"","width":0,"height":0},"classes":[]}],"_links":{"self":[{"href":"https:\/\/www.achimbrueckner.de\/dxradio\/php\/wordpress\/index.php?rest_route=\/wp\/v2\/posts\/3243","targetHints":{"allow":["GET"]}}],"collection":[{"href":"https:\/\/www.achimbrueckner.de\/dxradio\/php\/wordpress\/index.php?rest_route=\/wp\/v2\/posts"}],"about":[{"href":"https:\/\/www.achimbrueckner.de\/dxradio\/php\/wordpress\/index.php?rest_route=\/wp\/v2\/types\/post"}],"author":[{"embeddable":true,"href":"https:\/\/www.achimbrueckner.de\/dxradio\/php\/wordpress\/index.php?rest_route=\/wp\/v2\/users\/1"}],"replies":[{"embeddable":true,"href":"https:\/\/www.achimbrueckner.de\/dxradio\/php\/wordpress\/index.php?rest_route=%2Fwp%2Fv2%2Fcomments&post=3243"}],"version-history":[{"count":0,"href":"https:\/\/www.achimbrueckner.de\/dxradio\/php\/wordpress\/index.php?rest_route=\/wp\/v2\/posts\/3243\/revisions"}],"wp:attachment":[{"href":"https:\/\/www.achimbrueckner.de\/dxradio\/php\/wordpress\/index.php?rest_route=%2Fwp%2Fv2%2Fmedia&parent=3243"}],"wp:term":[{"taxonomy":"category","embeddable":true,"href":"https:\/\/www.achimbrueckner.de\/dxradio\/php\/wordpress\/index.php?rest_route=%2Fwp%2Fv2%2Fcategories&post=3243"},{"taxonomy":"post_tag","embeddable":true,"href":"https:\/\/www.achimbrueckner.de\/dxradio\/php\/wordpress\/index.php?rest_route=%2Fwp%2Fv2%2Ftags&post=3243"}],"curies":[{"name":"wp","href":"https:\/\/api.w.org\/{rel}","templated":true}]}}