{"id":3249,"date":"2014-06-11T09:56:45","date_gmt":"2014-06-11T09:56:45","guid":{"rendered":"https:\/\/www.achimbrueckner.de\/dxradio\/php\/wordpress\/?p=3249"},"modified":"2014-06-11T09:56:45","modified_gmt":"2014-06-11T09:56:45","slug":"griechenland-wir-geben-nicht-auf","status":"publish","type":"post","link":"https:\/\/www.achimbrueckner.de\/dxradio\/php\/wordpress\/?p=3249","title":{"rendered":"GRIECHENLAND &#8220;Wir geben nicht auf&#8221;"},"content":{"rendered":"<p><a href=\"http:\/\/www.dw.de\/wir-geben-nicht-auf\/a-17698565?maca=de-twitter_de_wpwkg-8321-xml-mrss&#038;utm_source=twitterfeed&#038;utm_medium=twitter\" target=\"_blank\">http:\/\/www.dw.de\/wir-geben-nicht-auf\/a-17698565?maca=de-twitter_de_wpwkg-8321-xml-mrss<\/a><\/p>\n","protected":false},"excerpt":{"rendered":"<p>http:\/\/www.dw.de\/wir-geben-nicht-auf\/a-17698565?maca=de-twitter_de_wpwkg-8321-xml-mrss<\/p>\n","protected":false},"author":1,"featured_media":0,"comment_status":"open","ping_status":"open","sticky":false,"template":"","format":"standard","meta":{"_jetpack_memberships_contains_paid_content":false,"footnotes":"","jetpack_publicize_message":"","jetpack_publicize_feature_enabled":true,"jetpack_social_post_already_shared":false,"jetpack_social_options":{"image_generator_settings":{"template":"highway","default_image_id":0,"font":"","enabled":false},"version":2}},"categories":[1],"tags":[],"class_list":["post-3249","post","type-post","status-publish","format-standard","hentry","category-deutsch"],"jetpack_publicize_connections":[],"jetpack_featured_media_url":"","jetpack_sharing_enabled":true,"jetpack_shortlink":"https:\/\/wp.me\/p5CDmr-Qp","jetpack-related-posts":[{"id":14987,"url":"https:\/\/www.achimbrueckner.de\/dxradio\/php\/wordpress\/?p=14987","url_meta":{"origin":3249,"position":0},"title":"Frankfurter Buchmesse: Die Zukunft der Buchbranche in Zeiten der Digitalisierung","author":"Administrator","date":"October 14, 2017","format":false,"excerpt":"http:\/\/www.dw.com\/de\/frankfurter-buchmesse-die-zukunft-der-buchbranche-in-zeiten-der-digitalisierung\/a-40934085?maca=de-twitter_de_wpwkg-8321-xml-mrss","rel":"","context":"In &quot;Deutsch&quot;","block_context":{"text":"Deutsch","link":"https:\/\/www.achimbrueckner.de\/dxradio\/php\/wordpress\/?cat=1"},"img":{"alt_text":"","src":"","width":0,"height":0},"classes":[]},{"id":38168,"url":"https:\/\/www.achimbrueckner.de\/dxradio\/php\/wordpress\/?p=38168","url_meta":{"origin":3249,"position":1},"title":"WRTH 2023","author":"Administrator","date":"December 9, 2022","format":false,"excerpt":"Oliver Schmidt informiert in unserer A-DX Mailingliste: Als Mitherausgeber des neuen WRTH m\u00f6chte ich mich kurz hier zu Wort melden: Wir sind aktuell auf einem sehr guten Weg unterwegs und das neue WRTH wird nat\u00fcrlich den bekannten Aufbau haben. Allerdings wird es \u00c4nderungen geben, da wir mehr Informationen zu Programmen,\u2026","rel":"","context":"In &quot;Deutsch&quot;","block_context":{"text":"Deutsch","link":"https:\/\/www.achimbrueckner.de\/dxradio\/php\/wordpress\/?cat=1"},"img":{"alt_text":"","src":"","width":0,"height":0},"classes":[]},{"id":42000,"url":"https:\/\/www.achimbrueckner.de\/dxradio\/php\/wordpress\/?p=42000","url_meta":{"origin":3249,"position":2},"title":"**Einladung zum 1. H\u00f6rertreffen der SATzentrale**","author":"Administrator","date":"November 29, 2024","format":false,"excerpt":"**Einladung zum 1. H\u00f6rertreffen der SATzentrale** Liebe H\u00f6rerinnen und H\u00f6rer, wir freuen uns, Euch zu unserem ersten H\u00f6rertreffen der SATzentrale einzuladen! Markiert Euch den 22. M\u00e4rz 2025 rot im Kalender, denn an diesem Tag treffen wir uns in Coswig OT S\u00f6rnewitz \u2013 ein pers\u00f6nliches Treffen, das es in sich hat!\u2026","rel":"","context":"In &quot;Deutsch&quot;","block_context":{"text":"Deutsch","link":"https:\/\/www.achimbrueckner.de\/dxradio\/php\/wordpress\/?cat=1"},"img":{"alt_text":"","src":"","width":0,"height":0},"classes":[]},{"id":19351,"url":"https:\/\/www.achimbrueckner.de\/dxradio\/php\/wordpress\/?p=19351","url_meta":{"origin":3249,"position":3},"title":"Projekt Deutsche Amateurfunkgeschichte \u2013 heute f\u00fcr morgen erz\u00e4hlt","author":"Administrator","date":"September 29, 2018","format":false,"excerpt":"Projekt Deutsche Amateurfunkgeschichte \u2013 heute f\u00fcr morgen erz\u00e4hlt 90 Jahre nach der Gr\u00fcndung gibt es noch immer keine repr\u00e4sentative Chronik des Amateurfunks in Deutschland. Die bisherigen und durchaus verdienstvollen Darstellungen sind vergriffen, l\u00fcckenhaft oder nicht ausreichend faktengesichert. Auch unser eigenes 2002-2009 erstelltes Angebot, umfangreich wie kein anderes, ist nicht mehr\u2026","rel":"","context":"In &quot;Deutsch&quot;","block_context":{"text":"Deutsch","link":"https:\/\/www.achimbrueckner.de\/dxradio\/php\/wordpress\/?cat=1"},"img":{"alt_text":"","src":"","width":0,"height":0},"classes":[]},{"id":2358,"url":"https:\/\/www.achimbrueckner.de\/dxradio\/php\/wordpress\/?p=2358","url_meta":{"origin":3249,"position":4},"title":"Neujahrsr\u00e4tsel A-DX dx-unlimited.de","author":"Administrator","date":"December 22, 2012","format":false,"excerpt":"Das Forum http:\/\/www.dx-unlimited.de und die A-DX Mailingliste haben sich wieder gemeinsam entschlossen, ein R\u00e4tselspiel f\u00fcr alle Hobbyfreunde zu veranstalten. Anders als im Vorjahr haben wir die Aktion nicht in die stressige Vorweihnachtszeit oder den wohlverdienten Weihnachtsurlaub gelegt, sondern starten mit unserer Aktion im und ins neue Jahr 2013! Auch wird\u2026","rel":"","context":"In &quot;contests&quot;","block_context":{"text":"contests","link":"https:\/\/www.achimbrueckner.de\/dxradio\/php\/wordpress\/?cat=6"},"img":{"alt_text":"","src":"","width":0,"height":0},"classes":[]},{"id":4424,"url":"https:\/\/www.achimbrueckner.de\/dxradio\/php\/wordpress\/?p=4424","url_meta":{"origin":3249,"position":5},"title":"SAT- und DX\u00e9r Magazins der SATzentrale 21.04.2015","author":"Administrator","date":"April 20, 2015","format":false,"excerpt":"Hallo liebe Radio und DX\u00e9r Freunde, am 21.04.2015 ist es wieder soweit. An diesem Tag l\u00e4uft um 21:00 Uhr MEZ eine neue Ausgabe des SAT- und DX\u00e9r Magazins der SATzentrale. In der mittlerweile 13. Ausgabe gibt es wieder interessante Themen: Im Mai und Juni finden wieder zahlreiche DX\u00e9r Treffen statt.\u2026","rel":"","context":"In &quot;Deutsch&quot;","block_context":{"text":"Deutsch","link":"https:\/\/www.achimbrueckner.de\/dxradio\/php\/wordpress\/?cat=1"},"img":{"alt_text":"","src":"","width":0,"height":0},"classes":[]}],"_links":{"self":[{"href":"https:\/\/www.achimbrueckner.de\/dxradio\/php\/wordpress\/index.php?rest_route=\/wp\/v2\/posts\/3249","targetHints":{"allow":["GET"]}}],"collection":[{"href":"https:\/\/www.achimbrueckner.de\/dxradio\/php\/wordpress\/index.php?rest_route=\/wp\/v2\/posts"}],"about":[{"href":"https:\/\/www.achimbrueckner.de\/dxradio\/php\/wordpress\/index.php?rest_route=\/wp\/v2\/types\/post"}],"author":[{"embeddable":true,"href":"https:\/\/www.achimbrueckner.de\/dxradio\/php\/wordpress\/index.php?rest_route=\/wp\/v2\/users\/1"}],"replies":[{"embeddable":true,"href":"https:\/\/www.achimbrueckner.de\/dxradio\/php\/wordpress\/index.php?rest_route=%2Fwp%2Fv2%2Fcomments&post=3249"}],"version-history":[{"count":0,"href":"https:\/\/www.achimbrueckner.de\/dxradio\/php\/wordpress\/index.php?rest_route=\/wp\/v2\/posts\/3249\/revisions"}],"wp:attachment":[{"href":"https:\/\/www.achimbrueckner.de\/dxradio\/php\/wordpress\/index.php?rest_route=%2Fwp%2Fv2%2Fmedia&parent=3249"}],"wp:term":[{"taxonomy":"category","embeddable":true,"href":"https:\/\/www.achimbrueckner.de\/dxradio\/php\/wordpress\/index.php?rest_route=%2Fwp%2Fv2%2Fcategories&post=3249"},{"taxonomy":"post_tag","embeddable":true,"href":"https:\/\/www.achimbrueckner.de\/dxradio\/php\/wordpress\/index.php?rest_route=%2Fwp%2Fv2%2Ftags&post=3249"}],"curies":[{"name":"wp","href":"https:\/\/api.w.org\/{rel}","templated":true}]}}