{"id":32574,"date":"2021-04-27T16:57:59","date_gmt":"2021-04-27T16:57:59","guid":{"rendered":"https:\/\/www.achimbrueckner.de\/dxradio\/php\/wordpress\/?p=32574"},"modified":"2021-04-27T16:57:59","modified_gmt":"2021-04-27T16:57:59","slug":"swr3-und-ex-fusball-profi-hans-sarpei-starten-podcast-uber-alltagsrassismus","status":"publish","type":"post","link":"https:\/\/www.achimbrueckner.de\/dxradio\/php\/wordpress\/?p=32574","title":{"rendered":"SWR3 und Ex-Fu\u00dfball-Profi Hans Sarpei starten Podcast \u00fcber Alltagsrassismus"},"content":{"rendered":"<p><a href=\"https:\/\/www.radiowoche.de\/swr3-und-ex-fussball-profi-hans-sarpei-starten-podcast-ueber-alltagsrassismus\/\" rel=\"noopener\" target=\"_blank\">https:\/\/www.radiowoche.de\/swr3-und-ex-fussball-profi-hans-sarpei-starten-podcast-ueber-alltagsrassismus\/<\/a><\/p>\n","protected":false},"excerpt":{"rendered":"<p>https:\/\/www.radiowoche.de\/swr3-und-ex-fussball-profi-hans-sarpei-starten-podcast-ueber-alltagsrassismus\/<\/p>\n","protected":false},"author":1,"featured_media":0,"comment_status":"closed","ping_status":"open","sticky":false,"template":"","format":"standard","meta":{"_jetpack_memberships_contains_paid_content":false,"footnotes":"","jetpack_publicize_message":"","jetpack_publicize_feature_enabled":true,"jetpack_social_post_already_shared":true,"jetpack_social_options":{"image_generator_settings":{"template":"highway","default_image_id":0,"font":"","enabled":false},"version":2}},"categories":[1],"tags":[],"class_list":["post-32574","post","type-post","status-publish","format-standard","hentry","category-deutsch"],"jetpack_publicize_connections":[],"jetpack_featured_media_url":"","jetpack_sharing_enabled":true,"jetpack_shortlink":"https:\/\/wp.me\/p5CDmr-8to","jetpack-related-posts":[{"id":24256,"url":"https:\/\/www.achimbrueckner.de\/dxradio\/php\/wordpress\/?p=24256","url_meta":{"origin":32574,"position":0},"title":"Messi &#038; Ronaldo: Oliver Pocher und Matze Knop starten Fu\u00dfball-Podcast als AUDIO NOW Original","author":"Administrator","date":"August 15, 2019","format":false,"excerpt":"https:\/\/www.radioszene.de\/135685\/fussball-podcast-messi-ronaldo-oliver-pocher-matze-knop.html","rel":"","context":"In &quot;audio&quot;","block_context":{"text":"audio","link":"https:\/\/www.achimbrueckner.de\/dxradio\/php\/wordpress\/?cat=47"},"img":{"alt_text":"","src":"","width":0,"height":0},"classes":[]},{"id":3606,"url":"https:\/\/www.achimbrueckner.de\/dxradio\/php\/wordpress\/?p=3606","url_meta":{"origin":32574,"position":1},"title":"DASDING und SWR3 starten Visual Radio","author":"Administrator","date":"October 6, 2014","format":false,"excerpt":"http:\/\/www.radioszene.de\/73392\/dasding-und-swr3-starten-visual-radio.html","rel":"","context":"In &quot;Deutsch&quot;","block_context":{"text":"Deutsch","link":"https:\/\/www.achimbrueckner.de\/dxradio\/php\/wordpress\/?cat=1"},"img":{"alt_text":"","src":"","width":0,"height":0},"classes":[]},{"id":32021,"url":"https:\/\/www.achimbrueckner.de\/dxradio\/php\/wordpress\/?p=32021","url_meta":{"origin":32574,"position":2},"title":"Neuer SWR3-Podcast mit Kristian Thees und Andreas Guenther","author":"Administrator","date":"February 18, 2021","format":false,"excerpt":"https:\/\/www.radiowoche.de\/neuer-swr3-podcast-mit-kristian-thees-und-andreas-guenther\/","rel":"","context":"In &quot;Deutsch&quot;","block_context":{"text":"Deutsch","link":"https:\/\/www.achimbrueckner.de\/dxradio\/php\/wordpress\/?cat=1"},"img":{"alt_text":"","src":"","width":0,"height":0},"classes":[]},{"id":30065,"url":"https:\/\/www.achimbrueckner.de\/dxradio\/php\/wordpress\/?p=30065","url_meta":{"origin":32574,"position":3},"title":"Profi-Fu\u00dfball in der ARD Rundfunkr\u00e4te von WDR und MDR stimmen Bundesliga-Vertr\u00e4gen zu","author":"Administrator","date":"September 14, 2020","format":false,"excerpt":"https:\/\/www.dwdl.de\/nachrichten\/79377\/rundfunkraete_von_wdr_und_mdr_stimmen_bundesligavertraegen_zu\/","rel":"","context":"In &quot;Deutsch&quot;","block_context":{"text":"Deutsch","link":"https:\/\/www.achimbrueckner.de\/dxradio\/php\/wordpress\/?cat=1"},"img":{"alt_text":"","src":"","width":0,"height":0},"classes":[]},{"id":21406,"url":"https:\/\/www.achimbrueckner.de\/dxradio\/php\/wordpress\/?p=21406","url_meta":{"origin":32574,"position":4},"title":"UEFA will Fu\u00dfball-Streaming-Plattform starten","author":"Administrator","date":"February 8, 2019","format":false,"excerpt":"https:\/\/www.teltarif.de\/streaming-fussball-sport-uefa-fernsehen\/news\/75577.html","rel":"","context":"In &quot;Deutsch&quot;","block_context":{"text":"Deutsch","link":"https:\/\/www.achimbrueckner.de\/dxradio\/php\/wordpress\/?cat=1"},"img":{"alt_text":"","src":"","width":0,"height":0},"classes":[]},{"id":18908,"url":"https:\/\/www.achimbrueckner.de\/dxradio\/php\/wordpress\/?p=18908","url_meta":{"origin":32574,"position":5},"title":"Podcast: Die Fu\u00dfball-Bundesliga im TV und Radio","author":"Administrator","date":"August 24, 2018","format":false,"excerpt":"https:\/\/www.teltarif.de\/fussball-bundesliga-fernsehen-radio\/news\/73736.html","rel":"","context":"In &quot;Deutsch&quot;","block_context":{"text":"Deutsch","link":"https:\/\/www.achimbrueckner.de\/dxradio\/php\/wordpress\/?cat=1"},"img":{"alt_text":"","src":"","width":0,"height":0},"classes":[]}],"_links":{"self":[{"href":"https:\/\/www.achimbrueckner.de\/dxradio\/php\/wordpress\/index.php?rest_route=\/wp\/v2\/posts\/32574","targetHints":{"allow":["GET"]}}],"collection":[{"href":"https:\/\/www.achimbrueckner.de\/dxradio\/php\/wordpress\/index.php?rest_route=\/wp\/v2\/posts"}],"about":[{"href":"https:\/\/www.achimbrueckner.de\/dxradio\/php\/wordpress\/index.php?rest_route=\/wp\/v2\/types\/post"}],"author":[{"embeddable":true,"href":"https:\/\/www.achimbrueckner.de\/dxradio\/php\/wordpress\/index.php?rest_route=\/wp\/v2\/users\/1"}],"replies":[{"embeddable":true,"href":"https:\/\/www.achimbrueckner.de\/dxradio\/php\/wordpress\/index.php?rest_route=%2Fwp%2Fv2%2Fcomments&post=32574"}],"version-history":[{"count":0,"href":"https:\/\/www.achimbrueckner.de\/dxradio\/php\/wordpress\/index.php?rest_route=\/wp\/v2\/posts\/32574\/revisions"}],"wp:attachment":[{"href":"https:\/\/www.achimbrueckner.de\/dxradio\/php\/wordpress\/index.php?rest_route=%2Fwp%2Fv2%2Fmedia&parent=32574"}],"wp:term":[{"taxonomy":"category","embeddable":true,"href":"https:\/\/www.achimbrueckner.de\/dxradio\/php\/wordpress\/index.php?rest_route=%2Fwp%2Fv2%2Fcategories&post=32574"},{"taxonomy":"post_tag","embeddable":true,"href":"https:\/\/www.achimbrueckner.de\/dxradio\/php\/wordpress\/index.php?rest_route=%2Fwp%2Fv2%2Ftags&post=32574"}],"curies":[{"name":"wp","href":"https:\/\/api.w.org\/{rel}","templated":true}]}}