{"id":3258,"date":"2014-06-12T17:53:54","date_gmt":"2014-06-12T17:53:54","guid":{"rendered":"https:\/\/www.achimbrueckner.de\/dxradio\/php\/wordpress\/?p=3258"},"modified":"2014-06-12T17:53:54","modified_gmt":"2014-06-12T17:53:54","slug":"wien-fest-fur-den-rundfunk","status":"publish","type":"post","link":"https:\/\/www.achimbrueckner.de\/dxradio\/php\/wordpress\/?p=3258","title":{"rendered":"Wien FEST F\u00dcR DEN RUNDFUNK"},"content":{"rendered":"<p><a href=\"http:\/\/fest-fuer-den-rundfunk.at\/\" target=\"_blank\">http:\/\/fest-fuer-den-rundfunk.at\/<\/a><\/p>\n<p>Info via <a href=\"http:\/\/www.ratzer.at\" target=\"_blank\">A-DX<\/a><\/p>\n","protected":false},"excerpt":{"rendered":"<p>http:\/\/fest-fuer-den-rundfunk.at\/ Info via A-DX<\/p>\n","protected":false},"author":1,"featured_media":0,"comment_status":"open","ping_status":"open","sticky":false,"template":"","format":"standard","meta":{"_jetpack_memberships_contains_paid_content":false,"footnotes":"","jetpack_publicize_message":"","jetpack_publicize_feature_enabled":true,"jetpack_social_post_already_shared":false,"jetpack_social_options":{"image_generator_settings":{"template":"highway","default_image_id":0,"font":"","enabled":false},"version":2}},"categories":[1,14],"tags":[40],"class_list":["post-3258","post","type-post","status-publish","format-standard","hentry","category-deutsch","category-dx","tag-dx"],"jetpack_publicize_connections":[],"jetpack_featured_media_url":"","jetpack_sharing_enabled":true,"jetpack_shortlink":"https:\/\/wp.me\/p5CDmr-Qy","jetpack-related-posts":[{"id":1186,"url":"https:\/\/www.achimbrueckner.de\/dxradio\/php\/wordpress\/?p=1186","url_meta":{"origin":3258,"position":0},"title":"Radio unterm Hakenkreuz 1933 &#8211; 1945","author":"Administrator","date":"October 16, 2010","format":false,"excerpt":"Feature Die Geschichte des Rundfunks in Deutschland Radio unterm Hakenkreuz 1933 - 1945 (1. Teil) Von Hans Sarkowicz Im Zuge der mit aller Macht betriebenen Gleichschaltung kam dem Radio schon fr\u00fch eine nicht zu untersch\u00e4tzende Rolle zu. Der Rundfunk in Deutschland hatte einen wesentlichen Anteil an der Eroberung auch der\u2026","rel":"","context":"In &quot;Deutsch&quot;","block_context":{"text":"Deutsch","link":"https:\/\/www.achimbrueckner.de\/dxradio\/php\/wordpress\/?cat=1"},"img":{"alt_text":"","src":"","width":0,"height":0},"classes":[]},{"id":32216,"url":"https:\/\/www.achimbrueckner.de\/dxradio\/php\/wordpress\/?p=32216","url_meta":{"origin":3258,"position":1},"title":"Amateurfunkstation mit dem Sonderrufzeichen OE21M","author":"Administrator","date":"March 9, 2021","format":false,"excerpt":"Das Dokumentationsarchiv Funk\/QSL Collection und CARO (Club Amateur Radio ORF) im \u00d6sterreichischen Rundfunk betreiben vom Freitag, 23. bis Sonntag, 25. April 2021 (00:00-24:00 UTC) eine Amateurfunkstation mit dem Sonderrufzeichen OE21M. OE21M ist eine offizielle Station f\u00fcr den \u201eInternationalen Marconi-Tag\u201c - Kontakte am Samstag, dem 24. April 2021, z\u00e4hlen f\u00fcr das\u2026","rel":"","context":"In &quot;Deutsch&quot;","block_context":{"text":"Deutsch","link":"https:\/\/www.achimbrueckner.de\/dxradio\/php\/wordpress\/?cat=1"},"img":{"alt_text":"","src":"","width":0,"height":0},"classes":[]},{"id":929,"url":"https:\/\/www.achimbrueckner.de\/dxradio\/php\/wordpress\/?p=929","url_meta":{"origin":3258,"position":2},"title":"Menschen im Gespr\u00e4ch &#8211; Wolf Harranth","author":"Administrator","date":"March 2, 2010","format":false,"excerpt":"in der o.g. Sendereihe beim ORF-Radio-Wien war am 13.2.2010: Zu Gast ist der Rundfunkhistoriker Wolf Harranth. Er arbeitet f\u00fcr das Dokumentationsarchiv Funk, das die \u00f6sterreichische Rundfunkgeschichte aufarbeitet und dokumentiert. Bernd Matschedolnig spricht mit ihm \u00fcber die Faszination des Radios, die Entwicklung des Rundfunks in \u00d6sterreich und \u00fcber ein stadtpr\u00e4gendes St\u00fcck\u2026","rel":"","context":"In &quot;Deutsch&quot;","block_context":{"text":"Deutsch","link":"https:\/\/www.achimbrueckner.de\/dxradio\/php\/wordpress\/?cat=1"},"img":{"alt_text":"","src":"","width":0,"height":0},"classes":[]},{"id":1945,"url":"https:\/\/www.achimbrueckner.de\/dxradio\/php\/wordpress\/?p=1945","url_meta":{"origin":3258,"position":3},"title":"DX-Camp 2012 der Oldenburger Kurzwellenfreunde","author":"Administrator","date":"November 19, 2011","format":false,"excerpt":"Hallo, mittlerweile steht der Termin f\u00fcr das n\u00e4chste Camp in Sandkrug fest, Termin steht auch im Kalender der Group: Auch dieses Jahr wird wieder das traditionelle DX\u00e2\u20ac\u0090Camp von uns in Sandkrug veranstaltet. Es wendet sich an alle, die sich f\u00fcr den Rundfunkfernempfang interessieren. Von Langwelle bis zur ultrakurzen Welle finden\u2026","rel":"","context":"In &quot;camps&quot;","block_context":{"text":"camps","link":"https:\/\/www.achimbrueckner.de\/dxradio\/php\/wordpress\/?cat=5"},"img":{"alt_text":"","src":"","width":0,"height":0},"classes":[]},{"id":3467,"url":"https:\/\/www.achimbrueckner.de\/dxradio\/php\/wordpress\/?p=3467","url_meta":{"origin":3258,"position":4},"title":"DokuFunk: Vortr\u00e4ge von der Ham Radio 2014","author":"Administrator","date":"August 29, 2014","format":false,"excerpt":"Das Dokumentationsarchiv Funk in Wien hat die ersten Vortr\u00e4ge von der Ham Radio 2014 in Friedrichshafen mit Bild und Ton auf seine Homepage gestellt: Yagi- und Quad- Antennen f\u00fcr den Kurzwellenamateur Martin Steyer, DK7ZB The Enigma and Others famous Cipher Machines Tom Perera, W1TP FT5ZM- Amsterdam Island DXpedition Ralph Fedor,\u2026","rel":"","context":"In &quot;camps&quot;","block_context":{"text":"camps","link":"https:\/\/www.achimbrueckner.de\/dxradio\/php\/wordpress\/?cat=5"},"img":{"alt_text":"","src":"","width":0,"height":0},"classes":[]},{"id":2330,"url":"https:\/\/www.achimbrueckner.de\/dxradio\/php\/wordpress\/?p=2330","url_meta":{"origin":3258,"position":5},"title":"Termine 2013 f\u00fcr den DX-Stammtisch Ruhrgebiet der Radiofreunde NRW","author":"Administrator","date":"November 6, 2012","format":false,"excerpt":"Hallo, inzwischen stehen die Stammtischtermine f\u00fcr 2013 fest: ... 3.2.13, 7.4.13, 2.6.13, 4.8.13, 6.10.13, 1.12.13: \"DXer-Stammtisch Ruhrgebiet\" der Radiofreunde NRW an jedem 1. Sonntag eines geraden Monats im Restaurant \u00e2\u20ac\u017eMarktsch\u00e4nke\u00e2\u20ac\u0153, Dreiringplatz 6 in 45276 Essen-Steele, jeweils ab 16 Uhr. Da wir einen Tisch reservieren m\u00fcssen, bitten wir um Anmeldung bis\u2026","rel":"","context":"In &quot;camps&quot;","block_context":{"text":"camps","link":"https:\/\/www.achimbrueckner.de\/dxradio\/php\/wordpress\/?cat=5"},"img":{"alt_text":"","src":"","width":0,"height":0},"classes":[]}],"_links":{"self":[{"href":"https:\/\/www.achimbrueckner.de\/dxradio\/php\/wordpress\/index.php?rest_route=\/wp\/v2\/posts\/3258","targetHints":{"allow":["GET"]}}],"collection":[{"href":"https:\/\/www.achimbrueckner.de\/dxradio\/php\/wordpress\/index.php?rest_route=\/wp\/v2\/posts"}],"about":[{"href":"https:\/\/www.achimbrueckner.de\/dxradio\/php\/wordpress\/index.php?rest_route=\/wp\/v2\/types\/post"}],"author":[{"embeddable":true,"href":"https:\/\/www.achimbrueckner.de\/dxradio\/php\/wordpress\/index.php?rest_route=\/wp\/v2\/users\/1"}],"replies":[{"embeddable":true,"href":"https:\/\/www.achimbrueckner.de\/dxradio\/php\/wordpress\/index.php?rest_route=%2Fwp%2Fv2%2Fcomments&post=3258"}],"version-history":[{"count":0,"href":"https:\/\/www.achimbrueckner.de\/dxradio\/php\/wordpress\/index.php?rest_route=\/wp\/v2\/posts\/3258\/revisions"}],"wp:attachment":[{"href":"https:\/\/www.achimbrueckner.de\/dxradio\/php\/wordpress\/index.php?rest_route=%2Fwp%2Fv2%2Fmedia&parent=3258"}],"wp:term":[{"taxonomy":"category","embeddable":true,"href":"https:\/\/www.achimbrueckner.de\/dxradio\/php\/wordpress\/index.php?rest_route=%2Fwp%2Fv2%2Fcategories&post=3258"},{"taxonomy":"post_tag","embeddable":true,"href":"https:\/\/www.achimbrueckner.de\/dxradio\/php\/wordpress\/index.php?rest_route=%2Fwp%2Fv2%2Ftags&post=3258"}],"curies":[{"name":"wp","href":"https:\/\/api.w.org\/{rel}","templated":true}]}}