{"id":32623,"date":"2021-05-05T07:58:41","date_gmt":"2021-05-05T07:58:41","guid":{"rendered":"https:\/\/www.achimbrueckner.de\/dxradio\/php\/wordpress\/?p=32623"},"modified":"2021-05-05T07:58:41","modified_gmt":"2021-05-05T07:58:41","slug":"arabella-hot-ist-ab-sofort-osterreichweit-via-dab-zu-horen","status":"publish","type":"post","link":"https:\/\/www.achimbrueckner.de\/dxradio\/php\/wordpress\/?p=32623","title":{"rendered":"arabella HOT ist ab sofort \u00f6sterreichweit via DAB+ zu h\u00f6ren"},"content":{"rendered":"<p><a href=\"https:\/\/www.radioszene.de\/154210\/arabella-hot.html\" rel=\"noopener\" target=\"_blank\">https:\/\/www.radioszene.de\/154210\/arabella-hot.html<\/a><\/p>\n","protected":false},"excerpt":{"rendered":"<p>https:\/\/www.radioszene.de\/154210\/arabella-hot.html<\/p>\n","protected":false},"author":1,"featured_media":0,"comment_status":"closed","ping_status":"open","sticky":false,"template":"","format":"standard","meta":{"_jetpack_memberships_contains_paid_content":false,"footnotes":"","jetpack_publicize_message":"","jetpack_publicize_feature_enabled":true,"jetpack_social_post_already_shared":true,"jetpack_social_options":{"image_generator_settings":{"template":"highway","default_image_id":0,"font":"","enabled":false},"version":2}},"categories":[1,16],"tags":[31,41],"class_list":["post-32623","post","type-post","status-publish","format-standard","hentry","category-deutsch","category-radioszene","tag-dab","tag-radioszene"],"jetpack_publicize_connections":[],"jetpack_featured_media_url":"","jetpack_sharing_enabled":true,"jetpack_shortlink":"https:\/\/wp.me\/p5CDmr-8ub","jetpack-related-posts":[{"id":21920,"url":"https:\/\/www.achimbrueckner.de\/dxradio\/php\/wordpress\/?p=21920","url_meta":{"origin":32623,"position":0},"title":"Radio Arabella Kult: Bayerns neuer Musiksender ab heute via DAB+","author":"Administrator","date":"March 1, 2019","format":false,"excerpt":"https:\/\/www.radioszene.de\/130904\/radio-arabella-kult.html","rel":"","context":"In &quot;Deutsch&quot;","block_context":{"text":"Deutsch","link":"https:\/\/www.achimbrueckner.de\/dxradio\/php\/wordpress\/?cat=1"},"img":{"alt_text":"","src":"","width":0,"height":0},"classes":[]},{"id":32573,"url":"https:\/\/www.achimbrueckner.de\/dxradio\/php\/wordpress\/?p=32573","url_meta":{"origin":32623,"position":1},"title":"arabella HOT sendet k\u00fcnftig \u00f6sterreichweit \u00fcber DAB+","author":"Administrator","date":"April 27, 2021","format":false,"excerpt":"https:\/\/www.radiowoche.de\/arabella-hot-sendet-kuenftig-oesterreichweit-ueber-dab\/","rel":"","context":"In &quot;Deutsch&quot;","block_context":{"text":"Deutsch","link":"https:\/\/www.achimbrueckner.de\/dxradio\/php\/wordpress\/?cat=1"},"img":{"alt_text":"","src":"","width":0,"height":0},"classes":[]},{"id":23256,"url":"https:\/\/www.achimbrueckner.de\/dxradio\/php\/wordpress\/?p=23256","url_meta":{"origin":32623,"position":2},"title":"Sendestart \u201eArabella Relax\u201c \u00f6sterreichweit auf DAB+","author":"Administrator","date":"May 28, 2019","format":false,"excerpt":"http:\/\/www.radiowoche.de\/sendestart-arabella-relax-oesterreichweit-auf-dab\/","rel":"","context":"In &quot;Deutsch&quot;","block_context":{"text":"Deutsch","link":"https:\/\/www.achimbrueckner.de\/dxradio\/php\/wordpress\/?cat=1"},"img":{"alt_text":"","src":"","width":0,"height":0},"classes":[]},{"id":29816,"url":"https:\/\/www.achimbrueckner.de\/dxradio\/php\/wordpress\/?p=29816","url_meta":{"origin":32623,"position":3},"title":"DAB+ Ausbau: radio klassik Stephansdom \u00f6sterreichweit empfangbar","author":"Administrator","date":"August 25, 2020","format":false,"excerpt":"https:\/\/www.radioszene.de\/146794\/dab-radio-klassik-stephansdom-oesterreichweit.html","rel":"","context":"In &quot;Deutsch&quot;","block_context":{"text":"Deutsch","link":"https:\/\/www.achimbrueckner.de\/dxradio\/php\/wordpress\/?cat=1"},"img":{"alt_text":"","src":"","width":0,"height":0},"classes":[]},{"id":30341,"url":"https:\/\/www.achimbrueckner.de\/dxradio\/php\/wordpress\/?p=30341","url_meta":{"origin":32623,"position":4},"title":"RTL Radio \u2013 Deutschlands Hit-Radio ab sofort deutschlandweit auf DAB+ empfangbar","author":"Administrator","date":"October 6, 2020","format":false,"excerpt":"https:\/\/www.radioszene.de\/148268\/rtl-radio-dab-deutschlandweit.html","rel":"","context":"In &quot;Deutsch&quot;","block_context":{"text":"Deutsch","link":"https:\/\/www.achimbrueckner.de\/dxradio\/php\/wordpress\/?cat=1"},"img":{"alt_text":"","src":"","width":0,"height":0},"classes":[]},{"id":17114,"url":"https:\/\/www.achimbrueckner.de\/dxradio\/php\/wordpress\/?p=17114","url_meta":{"origin":32623,"position":5},"title":"Radio Arabella ist erfolgreichster Lokalsender in Bayern","author":"Administrator","date":"March 28, 2018","format":false,"excerpt":"http:\/\/www.radioszene.de\/120364\/arabella-muenchen-ma-2018-1.html","rel":"","context":"In &quot;Deutsch&quot;","block_context":{"text":"Deutsch","link":"https:\/\/www.achimbrueckner.de\/dxradio\/php\/wordpress\/?cat=1"},"img":{"alt_text":"","src":"","width":0,"height":0},"classes":[]}],"_links":{"self":[{"href":"https:\/\/www.achimbrueckner.de\/dxradio\/php\/wordpress\/index.php?rest_route=\/wp\/v2\/posts\/32623","targetHints":{"allow":["GET"]}}],"collection":[{"href":"https:\/\/www.achimbrueckner.de\/dxradio\/php\/wordpress\/index.php?rest_route=\/wp\/v2\/posts"}],"about":[{"href":"https:\/\/www.achimbrueckner.de\/dxradio\/php\/wordpress\/index.php?rest_route=\/wp\/v2\/types\/post"}],"author":[{"embeddable":true,"href":"https:\/\/www.achimbrueckner.de\/dxradio\/php\/wordpress\/index.php?rest_route=\/wp\/v2\/users\/1"}],"replies":[{"embeddable":true,"href":"https:\/\/www.achimbrueckner.de\/dxradio\/php\/wordpress\/index.php?rest_route=%2Fwp%2Fv2%2Fcomments&post=32623"}],"version-history":[{"count":0,"href":"https:\/\/www.achimbrueckner.de\/dxradio\/php\/wordpress\/index.php?rest_route=\/wp\/v2\/posts\/32623\/revisions"}],"wp:attachment":[{"href":"https:\/\/www.achimbrueckner.de\/dxradio\/php\/wordpress\/index.php?rest_route=%2Fwp%2Fv2%2Fmedia&parent=32623"}],"wp:term":[{"taxonomy":"category","embeddable":true,"href":"https:\/\/www.achimbrueckner.de\/dxradio\/php\/wordpress\/index.php?rest_route=%2Fwp%2Fv2%2Fcategories&post=32623"},{"taxonomy":"post_tag","embeddable":true,"href":"https:\/\/www.achimbrueckner.de\/dxradio\/php\/wordpress\/index.php?rest_route=%2Fwp%2Fv2%2Ftags&post=32623"}],"curies":[{"name":"wp","href":"https:\/\/api.w.org\/{rel}","templated":true}]}}