{"id":32626,"date":"2021-05-05T08:08:28","date_gmt":"2021-05-05T08:08:28","guid":{"rendered":"https:\/\/www.achimbrueckner.de\/dxradio\/php\/wordpress\/?p=32626"},"modified":"2021-05-05T08:08:28","modified_gmt":"2021-05-05T08:08:28","slug":"jubilaum-30-jahre-b5-aktuell-infowelle-bekommt-zum-geburtstag-einen-neuen-namen","status":"publish","type":"post","link":"https:\/\/www.achimbrueckner.de\/dxradio\/php\/wordpress\/?p=32626","title":{"rendered":"Jubil\u00e4um: 30 Jahre B5 aktuell \u2013 Infowelle bekommt zum Geburtstag einen neuen Namen"},"content":{"rendered":"<p><a href=\"https:\/\/www.radiowoche.de\/jubilaeum-30-jahre-b5-aktuell-infowelle-bekommt-zum-geburtstag-einen-neuen-namen\/\" rel=\"noopener\" target=\"_blank\">https:\/\/www.radiowoche.de\/jubilaeum-30-jahre-b5-aktuell-infowelle-bekommt-zum-geburtstag-einen-neuen-namen\/<\/a><\/p>\n","protected":false},"excerpt":{"rendered":"<p>https:\/\/www.radiowoche.de\/jubilaeum-30-jahre-b5-aktuell-infowelle-bekommt-zum-geburtstag-einen-neuen-namen\/<\/p>\n","protected":false},"author":1,"featured_media":0,"comment_status":"closed","ping_status":"open","sticky":false,"template":"","format":"standard","meta":{"_jetpack_memberships_contains_paid_content":false,"footnotes":"","jetpack_publicize_message":"","jetpack_publicize_feature_enabled":true,"jetpack_social_post_already_shared":true,"jetpack_social_options":{"image_generator_settings":{"template":"highway","default_image_id":0,"font":"","enabled":false},"version":2}},"categories":[1],"tags":[24],"class_list":["post-32626","post","type-post","status-publish","format-standard","hentry","category-deutsch","tag-am"],"jetpack_publicize_connections":[],"jetpack_featured_media_url":"","jetpack_sharing_enabled":true,"jetpack_shortlink":"https:\/\/wp.me\/p5CDmr-8ue","jetpack-related-posts":[{"id":11237,"url":"https:\/\/www.achimbrueckner.de\/dxradio\/php\/wordpress\/?p=11237","url_meta":{"origin":32626,"position":0},"title":"Deutsches H\u00f6rfunkprogramm in Namibia bekommt neuen Namen","author":"Administrator","date":"December 3, 2016","format":false,"excerpt":"http:\/\/www.radiowoche.de\/deutsches-hoerfunkprogramm-in-namibia-bekommt-neuen-namen\/","rel":"","context":"In &quot;Deutsch&quot;","block_context":{"text":"Deutsch","link":"https:\/\/www.achimbrueckner.de\/dxradio\/php\/wordpress\/?cat=1"},"img":{"alt_text":"","src":"","width":0,"height":0},"classes":[]},{"id":4550,"url":"https:\/\/www.achimbrueckner.de\/dxradio\/php\/wordpress\/?p=4550","url_meta":{"origin":32626,"position":1},"title":"Zum 100. Geburtstag von Orson Welles Das Wunderkind der alten neuen Medien","author":"Administrator","date":"May 6, 2015","format":false,"excerpt":"http:\/\/www.wort.lu\/de\/kultur\/zum-100-geburtstag-von-orson-welles-das-wunderkind-der-alten-neuen-medien-5549ce480c88b46a8ce58b80","rel":"","context":"In &quot;Deutsch&quot;","block_context":{"text":"Deutsch","link":"https:\/\/www.achimbrueckner.de\/dxradio\/php\/wordpress\/?cat=1"},"img":{"alt_text":"","src":"","width":0,"height":0},"classes":[]},{"id":40393,"url":"https:\/\/www.achimbrueckner.de\/dxradio\/php\/wordpress\/?p=40393","url_meta":{"origin":32626,"position":2},"title":"Eifeler Radiotage \u2013 100 Jahre Unterhaltungsrundfunk in Deutschland: 4 Tage Live-Programm zum Geburtstag","author":"Administrator","date":"October 23, 2023","format":false,"excerpt":"https:\/\/www.radiowoche.de\/eifeler-radiotage-100-jahre-unterhaltungsrundfunk-in-deutschland-4-tage-live-programm-zum-geburtstag\/","rel":"","context":"In &quot;Deutsch&quot;","block_context":{"text":"Deutsch","link":"https:\/\/www.achimbrueckner.de\/dxradio\/php\/wordpress\/?cat=1"},"img":{"alt_text":"","src":"","width":0,"height":0},"classes":[]},{"id":34321,"url":"https:\/\/www.achimbrueckner.de\/dxradio\/php\/wordpress\/?p=34321","url_meta":{"origin":32626,"position":3},"title":"BBC wird 100 Jahre alt: &#8220;Digitales Museum&#8221; zum runden Geburtstag","author":"Administrator","date":"January 3, 2022","format":false,"excerpt":"https:\/\/www.heise.de\/news\/BBC-wird-100-Jahre-alt-Digitales-Museum-zum-runden-Geburtstag-6316424.html","rel":"","context":"In &quot;Deutsch&quot;","block_context":{"text":"Deutsch","link":"https:\/\/www.achimbrueckner.de\/dxradio\/php\/wordpress\/?cat=1"},"img":{"alt_text":"","src":"","width":0,"height":0},"classes":[]},{"id":265,"url":"https:\/\/www.achimbrueckner.de\/dxradio\/php\/wordpress\/?p=265","url_meta":{"origin":32626,"position":4},"title":"Wolfram He\u00df","author":"Administrator","date":"February 14, 2007","format":false,"excerpt":"Wolfram He\u00df ist am 9. Februar 2007 verstorben. Er war Mitinitiator des Programms DX-Aktuell auf Deutschlandradio Berlin und pr\u00e4sentierte die Meldungen mit einen schmunzelnden Unterton und in kurzweiliger Form. Die Sendungen Anfang der 90er Jahre waren ein echtes Highlight der deutschsprachigen DX-Programme, leider habe ich die alten Tapes alle \u00fcberspielt.\u2026","rel":"","context":"In &quot;Deutsch&quot;","block_context":{"text":"Deutsch","link":"https:\/\/www.achimbrueckner.de\/dxradio\/php\/wordpress\/?cat=1"},"img":{"alt_text":"","src":"","width":0,"height":0},"classes":[]},{"id":11126,"url":"https:\/\/www.achimbrueckner.de\/dxradio\/php\/wordpress\/?p=11126","url_meta":{"origin":32626,"position":5},"title":"60 Jahre Saarl\u00e4ndischer Rundfunk \u2013 Programmtipps zum Geburtstag","author":"Administrator","date":"November 22, 2016","format":false,"excerpt":"http:\/\/www.radioszene.de\/98034\/60-jahre-saarlaendischer-rundfunk.html","rel":"","context":"In &quot;Deutsch&quot;","block_context":{"text":"Deutsch","link":"https:\/\/www.achimbrueckner.de\/dxradio\/php\/wordpress\/?cat=1"},"img":{"alt_text":"","src":"","width":0,"height":0},"classes":[]}],"_links":{"self":[{"href":"https:\/\/www.achimbrueckner.de\/dxradio\/php\/wordpress\/index.php?rest_route=\/wp\/v2\/posts\/32626","targetHints":{"allow":["GET"]}}],"collection":[{"href":"https:\/\/www.achimbrueckner.de\/dxradio\/php\/wordpress\/index.php?rest_route=\/wp\/v2\/posts"}],"about":[{"href":"https:\/\/www.achimbrueckner.de\/dxradio\/php\/wordpress\/index.php?rest_route=\/wp\/v2\/types\/post"}],"author":[{"embeddable":true,"href":"https:\/\/www.achimbrueckner.de\/dxradio\/php\/wordpress\/index.php?rest_route=\/wp\/v2\/users\/1"}],"replies":[{"embeddable":true,"href":"https:\/\/www.achimbrueckner.de\/dxradio\/php\/wordpress\/index.php?rest_route=%2Fwp%2Fv2%2Fcomments&post=32626"}],"version-history":[{"count":0,"href":"https:\/\/www.achimbrueckner.de\/dxradio\/php\/wordpress\/index.php?rest_route=\/wp\/v2\/posts\/32626\/revisions"}],"wp:attachment":[{"href":"https:\/\/www.achimbrueckner.de\/dxradio\/php\/wordpress\/index.php?rest_route=%2Fwp%2Fv2%2Fmedia&parent=32626"}],"wp:term":[{"taxonomy":"category","embeddable":true,"href":"https:\/\/www.achimbrueckner.de\/dxradio\/php\/wordpress\/index.php?rest_route=%2Fwp%2Fv2%2Fcategories&post=32626"},{"taxonomy":"post_tag","embeddable":true,"href":"https:\/\/www.achimbrueckner.de\/dxradio\/php\/wordpress\/index.php?rest_route=%2Fwp%2Fv2%2Ftags&post=32626"}],"curies":[{"name":"wp","href":"https:\/\/api.w.org\/{rel}","templated":true}]}}