{"id":32694,"date":"2021-05-17T15:47:52","date_gmt":"2021-05-17T15:47:52","guid":{"rendered":"https:\/\/www.achimbrueckner.de\/dxradio\/php\/wordpress\/?p=32694"},"modified":"2021-05-17T15:47:52","modified_gmt":"2021-05-17T15:47:52","slug":"jurgen-von-wedel-vor-40-jahren-startete-radio-bavaria-international-rbi","status":"publish","type":"post","link":"https:\/\/www.achimbrueckner.de\/dxradio\/php\/wordpress\/?p=32694","title":{"rendered":"J\u00fcrgen von Wedel: Vor 40 Jahren startete Radio Bavaria International (RBI)"},"content":{"rendered":"<p><a href=\"https:\/\/www.radioszene.de\/132106\/juergen-von-wedel-radio-bavaria-international-rbi.html\" rel=\"noopener\" target=\"_blank\">https:\/\/www.radioszene.de\/132106\/juergen-von-wedel-radio-bavaria-international-rbi.html<\/a><\/p>\n","protected":false},"excerpt":{"rendered":"<p>https:\/\/www.radioszene.de\/132106\/juergen-von-wedel-radio-bavaria-international-rbi.html<\/p>\n","protected":false},"author":1,"featured_media":0,"comment_status":"closed","ping_status":"open","sticky":false,"template":"","format":"standard","meta":{"_jetpack_memberships_contains_paid_content":false,"footnotes":"","jetpack_publicize_message":"","jetpack_publicize_feature_enabled":true,"jetpack_social_post_already_shared":true,"jetpack_social_options":{"image_generator_settings":{"template":"highway","default_image_id":0,"font":"","enabled":false},"version":2}},"categories":[1,16],"tags":[41],"class_list":["post-32694","post","type-post","status-publish","format-standard","hentry","category-deutsch","category-radioszene","tag-radioszene"],"jetpack_publicize_connections":[],"jetpack_featured_media_url":"","jetpack_sharing_enabled":true,"jetpack_shortlink":"https:\/\/wp.me\/p5CDmr-8vk","jetpack-related-posts":[{"id":6034,"url":"https:\/\/www.achimbrueckner.de\/dxradio\/php\/wordpress\/?p=6034","url_meta":{"origin":32694,"position":0},"title":"FMK Radiotage 2016 Innsbruck","author":"Administrator","date":"September 23, 2015","format":false,"excerpt":"FMK on Tour: Folgende Info zu den FMK-Radiotagen 2016 rund um Innsbruck : Der Termin f\u00fcr den Ausflug nach Innsbruck steht nun fest: Von Freitag, 27.05.2016 bis (mindestens) Sonntag, 29.05.2016 haben wir eine Menge vor. Dank der Organisation von Matthias Hornsteiner und Thomas Winkler wollen wir u.a. den ORF Innsbruck,\u2026","rel":"","context":"In &quot;camps&quot;","block_context":{"text":"camps","link":"https:\/\/www.achimbrueckner.de\/dxradio\/php\/wordpress\/?cat=5"},"img":{"alt_text":"","src":"","width":0,"height":0},"classes":[]},{"id":33342,"url":"https:\/\/www.achimbrueckner.de\/dxradio\/php\/wordpress\/?p=33342","url_meta":{"origin":32694,"position":1},"title":"FMK S\u00fcdtirol Stream mit hunderten neuer Original Jingles","author":"Administrator","date":"August 15, 2021","format":false,"excerpt":"FMK S\u00fcdtirol Stream mit hunderten neuer Original Jingles Der FMK S\u00fcdtirol Memorialstream wurde nun um hunderte neuer Kenner, Ansagen und Trailer erweitert. Vielen Dank an Robert Galley f\u00fcr diese Arbeit und Unterst\u00fctzung. Die Stationvoice des FMK-Streams ist kein geringerer als Stephan Kaiser! Viel Spa\u00df beim Wiederh\u00f6ren von: Radio Brenner\/S\u00fcdtirol 1,\u2026","rel":"","context":"In &quot;Deutsch&quot;","block_context":{"text":"Deutsch","link":"https:\/\/www.achimbrueckner.de\/dxradio\/php\/wordpress\/?cat=1"},"img":{"alt_text":"","src":"","width":0,"height":0},"classes":[]},{"id":3377,"url":"https:\/\/www.achimbrueckner.de\/dxradio\/php\/wordpress\/?p=3377","url_meta":{"origin":32694,"position":2},"title":"Bavaria-DX-Radio Soundcloud","author":"Administrator","date":"July 31, 2014","format":false,"excerpt":"https:\/\/soundcloud.com\/hallicraft\/sets","rel":"","context":"In &quot;dx&quot;","block_context":{"text":"dx","link":"https:\/\/www.achimbrueckner.de\/dxradio\/php\/wordpress\/?cat=14"},"img":{"alt_text":"","src":"","width":0,"height":0},"classes":[]},{"id":32705,"url":"https:\/\/www.achimbrueckner.de\/dxradio\/php\/wordpress\/?p=32705","url_meta":{"origin":32694,"position":3},"title":"Markteintritt von Klassik Radio in der Schweiz","author":"Administrator","date":"May 19, 2021","format":false,"excerpt":"https:\/\/www.radioszene.de\/154493\/markteintritt-von-klassik-radio-in-der-schweiz.html","rel":"","context":"In &quot;Deutsch&quot;","block_context":{"text":"Deutsch","link":"https:\/\/www.achimbrueckner.de\/dxradio\/php\/wordpress\/?cat=1"},"img":{"alt_text":"","src":"","width":0,"height":0},"classes":[]},{"id":20247,"url":"https:\/\/www.achimbrueckner.de\/dxradio\/php\/wordpress\/?p=20247","url_meta":{"origin":32694,"position":4},"title":"Marianne Koch: Radio lebt von Sprache!","author":"Administrator","date":"December 3, 2018","format":false,"excerpt":"https:\/\/www.radioszene.de\/128197\/marianne-koch-radio-lebt-von-sprache.html","rel":"","context":"In &quot;Deutsch&quot;","block_context":{"text":"Deutsch","link":"https:\/\/www.achimbrueckner.de\/dxradio\/php\/wordpress\/?cat=1"},"img":{"alt_text":"","src":"","width":0,"height":0},"classes":[]},{"id":26915,"url":"https:\/\/www.achimbrueckner.de\/dxradio\/php\/wordpress\/?p=26915","url_meta":{"origin":32694,"position":5},"title":"European Radio Show 2020-Podcast von Samstag","author":"Administrator","date":"January 30, 2020","format":false,"excerpt":"https:\/\/www.radioszene.de\/140254\/european-radio-show-2020-podcast-von-samstag.html","rel":"","context":"In &quot;Deutsch&quot;","block_context":{"text":"Deutsch","link":"https:\/\/www.achimbrueckner.de\/dxradio\/php\/wordpress\/?cat=1"},"img":{"alt_text":"","src":"","width":0,"height":0},"classes":[]}],"_links":{"self":[{"href":"https:\/\/www.achimbrueckner.de\/dxradio\/php\/wordpress\/index.php?rest_route=\/wp\/v2\/posts\/32694","targetHints":{"allow":["GET"]}}],"collection":[{"href":"https:\/\/www.achimbrueckner.de\/dxradio\/php\/wordpress\/index.php?rest_route=\/wp\/v2\/posts"}],"about":[{"href":"https:\/\/www.achimbrueckner.de\/dxradio\/php\/wordpress\/index.php?rest_route=\/wp\/v2\/types\/post"}],"author":[{"embeddable":true,"href":"https:\/\/www.achimbrueckner.de\/dxradio\/php\/wordpress\/index.php?rest_route=\/wp\/v2\/users\/1"}],"replies":[{"embeddable":true,"href":"https:\/\/www.achimbrueckner.de\/dxradio\/php\/wordpress\/index.php?rest_route=%2Fwp%2Fv2%2Fcomments&post=32694"}],"version-history":[{"count":0,"href":"https:\/\/www.achimbrueckner.de\/dxradio\/php\/wordpress\/index.php?rest_route=\/wp\/v2\/posts\/32694\/revisions"}],"wp:attachment":[{"href":"https:\/\/www.achimbrueckner.de\/dxradio\/php\/wordpress\/index.php?rest_route=%2Fwp%2Fv2%2Fmedia&parent=32694"}],"wp:term":[{"taxonomy":"category","embeddable":true,"href":"https:\/\/www.achimbrueckner.de\/dxradio\/php\/wordpress\/index.php?rest_route=%2Fwp%2Fv2%2Fcategories&post=32694"},{"taxonomy":"post_tag","embeddable":true,"href":"https:\/\/www.achimbrueckner.de\/dxradio\/php\/wordpress\/index.php?rest_route=%2Fwp%2Fv2%2Ftags&post=32694"}],"curies":[{"name":"wp","href":"https:\/\/api.w.org\/{rel}","templated":true}]}}