{"id":32695,"date":"2021-05-17T15:49:45","date_gmt":"2021-05-17T15:49:45","guid":{"rendered":"https:\/\/www.achimbrueckner.de\/dxradio\/php\/wordpress\/?p=32695"},"modified":"2021-05-17T15:49:45","modified_gmt":"2021-05-17T15:49:45","slug":"antenne-deutschland-engagiert-neue-social-media-lead-agentur","status":"publish","type":"post","link":"https:\/\/www.achimbrueckner.de\/dxradio\/php\/wordpress\/?p=32695","title":{"rendered":"Antenne Deutschland engagiert neue Social Media-Lead-Agentur"},"content":{"rendered":"<p><a href=\"https:\/\/www.new-business.de\/kommunikation\/detail.php?rubric=KOMMUNIKATION&#038;nr=770664\" rel=\"noopener\" target=\"_blank\">https:\/\/www.new-business.de\/kommunikation\/detail.php?rubric=KOMMUNIKATION&#038;nr=770664<\/a><\/p>\n","protected":false},"excerpt":{"rendered":"<p>https:\/\/www.new-business.de\/kommunikation\/detail.php?rubric=KOMMUNIKATION&#038;nr=770664<\/p>\n","protected":false},"author":1,"featured_media":0,"comment_status":"closed","ping_status":"open","sticky":false,"template":"","format":"standard","meta":{"_jetpack_memberships_contains_paid_content":false,"footnotes":"","jetpack_publicize_message":"","jetpack_publicize_feature_enabled":true,"jetpack_social_post_already_shared":true,"jetpack_social_options":{"image_generator_settings":{"template":"highway","default_image_id":0,"font":"","enabled":false},"version":2}},"categories":[1,17],"tags":[46],"class_list":["post-32695","post","type-post","status-publish","format-standard","hentry","category-deutsch","category-media","tag-media"],"jetpack_publicize_connections":[],"jetpack_featured_media_url":"","jetpack_sharing_enabled":true,"jetpack_shortlink":"https:\/\/wp.me\/p5CDmr-8vl","jetpack-related-posts":[{"id":10805,"url":"https:\/\/www.achimbrueckner.de\/dxradio\/php\/wordpress\/?p=10805","url_meta":{"origin":32695,"position":0},"title":"Amateurfunk: Kommunikation ohne Grenzen","author":"Administrator","date":"October 22, 2016","format":false,"excerpt":"http:\/\/oldenburger-onlinezeitung.de\/oldenburg\/amateurfunk-kommunikation-ohne-grenzen-19798.html","rel":"","context":"In &quot;Deutsch&quot;","block_context":{"text":"Deutsch","link":"https:\/\/www.achimbrueckner.de\/dxradio\/php\/wordpress\/?cat=1"},"img":{"alt_text":"","src":"","width":0,"height":0},"classes":[]},{"id":8204,"url":"https:\/\/www.achimbrueckner.de\/dxradio\/php\/wordpress\/?p=8204","url_meta":{"origin":32695,"position":1},"title":"Technik und weltweite Kommunikation","author":"Administrator","date":"May 2, 2016","format":false,"excerpt":"http:\/\/www.shz.de\/lokales\/eckernfoerder-zeitung\/technik-und-weltweite-kommunikation-id13586861.html","rel":"","context":"In &quot;Deutsch&quot;","block_context":{"text":"Deutsch","link":"https:\/\/www.achimbrueckner.de\/dxradio\/php\/wordpress\/?cat=1"},"img":{"alt_text":"","src":"","width":0,"height":0},"classes":[]},{"id":13369,"url":"https:\/\/www.achimbrueckner.de\/dxradio\/php\/wordpress\/?p=13369","url_meta":{"origin":32695,"position":2},"title":"Kommunikation rund um den Globus","author":"Administrator","date":"June 6, 2017","format":false,"excerpt":"http:\/\/www.freiepresse.de\/LOKALES\/CHEMNITZ\/Kommunikation-rund-um-den-Globus-artikel9914911.php","rel":"","context":"In &quot;Deutsch&quot;","block_context":{"text":"Deutsch","link":"https:\/\/www.achimbrueckner.de\/dxradio\/php\/wordpress\/?cat=1"},"img":{"alt_text":"","src":"","width":0,"height":0},"classes":[]},{"id":13289,"url":"https:\/\/www.achimbrueckner.de\/dxradio\/php\/wordpress\/?p=13289","url_meta":{"origin":32695,"position":3},"title":"Kommunikation rund um den Globus","author":"Administrator","date":"May 27, 2017","format":false,"excerpt":"http:\/\/www.freiepresse.de\/LOKALES\/CHEMNITZ\/Kommunikation-rund-um-den-Globus-artikel9914911.php","rel":"","context":"In &quot;Deutsch&quot;","block_context":{"text":"Deutsch","link":"https:\/\/www.achimbrueckner.de\/dxradio\/php\/wordpress\/?cat=1"},"img":{"alt_text":"","src":"","width":0,"height":0},"classes":[]},{"id":20805,"url":"https:\/\/www.achimbrueckner.de\/dxradio\/php\/wordpress\/?p=20805","url_meta":{"origin":32695,"position":4},"title":"Museum f\u00fcr Kommunikation Viele Gr\u00fc\u00dfe, viel Erfolg","author":"Administrator","date":"January 8, 2019","format":false,"excerpt":"http:\/\/www.fr.de\/frankfurt\/museum-fuer-kommunikation-viele-gruesse-viel-erfolg-a-1649350","rel":"","context":"In &quot;Deutsch&quot;","block_context":{"text":"Deutsch","link":"https:\/\/www.achimbrueckner.de\/dxradio\/php\/wordpress\/?cat=1"},"img":{"alt_text":"","src":"","width":0,"height":0},"classes":[]},{"id":7597,"url":"https:\/\/www.achimbrueckner.de\/dxradio\/php\/wordpress\/?p=7597","url_meta":{"origin":32695,"position":5},"title":"LUDWIGSLUST : Kommunikation um die ganze Welt","author":"Administrator","date":"February 17, 2016","format":false,"excerpt":"http:\/\/www.svz.de\/lokales\/ludwigsluster-tageblatt\/kommunikation-um-die-ganze-welt-id12755496.html","rel":"","context":"In &quot;Deutsch&quot;","block_context":{"text":"Deutsch","link":"https:\/\/www.achimbrueckner.de\/dxradio\/php\/wordpress\/?cat=1"},"img":{"alt_text":"","src":"","width":0,"height":0},"classes":[]}],"_links":{"self":[{"href":"https:\/\/www.achimbrueckner.de\/dxradio\/php\/wordpress\/index.php?rest_route=\/wp\/v2\/posts\/32695","targetHints":{"allow":["GET"]}}],"collection":[{"href":"https:\/\/www.achimbrueckner.de\/dxradio\/php\/wordpress\/index.php?rest_route=\/wp\/v2\/posts"}],"about":[{"href":"https:\/\/www.achimbrueckner.de\/dxradio\/php\/wordpress\/index.php?rest_route=\/wp\/v2\/types\/post"}],"author":[{"embeddable":true,"href":"https:\/\/www.achimbrueckner.de\/dxradio\/php\/wordpress\/index.php?rest_route=\/wp\/v2\/users\/1"}],"replies":[{"embeddable":true,"href":"https:\/\/www.achimbrueckner.de\/dxradio\/php\/wordpress\/index.php?rest_route=%2Fwp%2Fv2%2Fcomments&post=32695"}],"version-history":[{"count":0,"href":"https:\/\/www.achimbrueckner.de\/dxradio\/php\/wordpress\/index.php?rest_route=\/wp\/v2\/posts\/32695\/revisions"}],"wp:attachment":[{"href":"https:\/\/www.achimbrueckner.de\/dxradio\/php\/wordpress\/index.php?rest_route=%2Fwp%2Fv2%2Fmedia&parent=32695"}],"wp:term":[{"taxonomy":"category","embeddable":true,"href":"https:\/\/www.achimbrueckner.de\/dxradio\/php\/wordpress\/index.php?rest_route=%2Fwp%2Fv2%2Fcategories&post=32695"},{"taxonomy":"post_tag","embeddable":true,"href":"https:\/\/www.achimbrueckner.de\/dxradio\/php\/wordpress\/index.php?rest_route=%2Fwp%2Fv2%2Ftags&post=32695"}],"curies":[{"name":"wp","href":"https:\/\/api.w.org\/{rel}","templated":true}]}}