{"id":32697,"date":"2021-05-17T17:20:54","date_gmt":"2021-05-17T17:20:54","guid":{"rendered":"https:\/\/www.achimbrueckner.de\/dxradio\/php\/wordpress\/?p=32697"},"modified":"2021-05-17T17:20:54","modified_gmt":"2021-05-17T17:20:54","slug":"rechtzeitig-zum-start-von-facebook-news-springer-und-facebook-gehen-globale-partnerschaft-ein","status":"publish","type":"post","link":"https:\/\/www.achimbrueckner.de\/dxradio\/php\/wordpress\/?p=32697","title":{"rendered":"Rechtzeitig zum Start von Facebook News Springer und Facebook gehen globale Partnerschaft ein"},"content":{"rendered":"<p><a href=\"https:\/\/www.dwdl.de\/nachrichten\/82798\/springer_und_facebook_gehen_globale_partnerschaft_ein\/\" rel=\"noopener\" target=\"_blank\">https:\/\/www.dwdl.de\/nachrichten\/82798\/springer_und_facebook_gehen_globale_partnerschaft_ein\/<\/a><\/p>\n","protected":false},"excerpt":{"rendered":"<p>https:\/\/www.dwdl.de\/nachrichten\/82798\/springer_und_facebook_gehen_globale_partnerschaft_ein\/<\/p>\n","protected":false},"author":1,"featured_media":0,"comment_status":"closed","ping_status":"open","sticky":false,"template":"","format":"standard","meta":{"_jetpack_memberships_contains_paid_content":false,"footnotes":"","jetpack_publicize_message":"","jetpack_publicize_feature_enabled":true,"jetpack_social_post_already_shared":true,"jetpack_social_options":{"image_generator_settings":{"template":"highway","default_image_id":0,"font":"","enabled":false},"version":2}},"categories":[1],"tags":[],"class_list":["post-32697","post","type-post","status-publish","format-standard","hentry","category-deutsch"],"jetpack_publicize_connections":[],"jetpack_featured_media_url":"","jetpack_sharing_enabled":true,"jetpack_shortlink":"https:\/\/wp.me\/p5CDmr-8vn","jetpack-related-posts":[{"id":20323,"url":"https:\/\/www.achimbrueckner.de\/dxradio\/php\/wordpress\/?p=20323","url_meta":{"origin":32697,"position":0},"title":"Facebook \u2013 eine Grundsatzentscheidung","author":"Administrator","date":"December 9, 2018","format":false,"excerpt":"https:\/\/digitalcourage.de\/themen\/facebook\/facebook-eine-grundsatzentscheidung","rel":"","context":"In &quot;Deutsch&quot;","block_context":{"text":"Deutsch","link":"https:\/\/www.achimbrueckner.de\/dxradio\/php\/wordpress\/?cat=1"},"img":{"alt_text":"","src":"","width":0,"height":0},"classes":[]},{"id":1407,"url":"https:\/\/www.achimbrueckner.de\/dxradio\/php\/wordpress\/?p=1407","url_meta":{"origin":32697,"position":1},"title":"Radio to go &#8211; Das Facebook-Experiment","author":"Administrator","date":"March 18, 2011","format":false,"excerpt":"Radio to go - Das Facebook-Experiment http:\/\/www.antennen-michel.de\/?p=64 Info via Facebook","rel":"","context":"In &quot;Deutsch&quot;","block_context":{"text":"Deutsch","link":"https:\/\/www.achimbrueckner.de\/dxradio\/php\/wordpress\/?cat=1"},"img":{"alt_text":"","src":"","width":0,"height":0},"classes":[]},{"id":32040,"url":"https:\/\/www.achimbrueckner.de\/dxradio\/php\/wordpress\/?p=32040","url_meta":{"origin":32697,"position":2},"title":"Auch Kanada will gegen Facebook vorgehen","author":"Administrator","date":"February 19, 2021","format":false,"excerpt":"https:\/\/meedia.de\/2021\/02\/19\/auch-kanada-will-gegen-facebook-vorgehen\/?utm_source=dlvr.it&utm_medium=facebook","rel":"","context":"In &quot;Deutsch&quot;","block_context":{"text":"Deutsch","link":"https:\/\/www.achimbrueckner.de\/dxradio\/php\/wordpress\/?cat=1"},"img":{"alt_text":"","src":"","width":0,"height":0},"classes":[]},{"id":25511,"url":"https:\/\/www.achimbrueckner.de\/dxradio\/php\/wordpress\/?p=25511","url_meta":{"origin":32697,"position":3},"title":"Facebook News : Facebook startet neues Nachrichtenangebot f\u00fcr seine App","author":"Administrator","date":"October 25, 2019","format":false,"excerpt":"https:\/\/www.zeit.de\/digital\/2019-10\/facebook-news-tab-app-zeitungen-verlage-soziales-netzwerk","rel":"","context":"In &quot;Deutsch&quot;","block_context":{"text":"Deutsch","link":"https:\/\/www.achimbrueckner.de\/dxradio\/php\/wordpress\/?cat=1"},"img":{"alt_text":"","src":"","width":0,"height":0},"classes":[]},{"id":31682,"url":"https:\/\/www.achimbrueckner.de\/dxradio\/php\/wordpress\/?p=31682","url_meta":{"origin":32697,"position":4},"title":"Facebook will Journalismus im Newsfeed aufwerten \u2013 mal wieder","author":"Administrator","date":"January 15, 2021","format":false,"excerpt":"https:\/\/meedia.de\/2021\/01\/14\/facebook-will-journalismus-im-newsfeed-aufwerten-mal-wieder\/?utm_source=dlvr.it&utm_medium=facebook","rel":"","context":"In &quot;Deutsch&quot;","block_context":{"text":"Deutsch","link":"https:\/\/www.achimbrueckner.de\/dxradio\/php\/wordpress\/?cat=1"},"img":{"alt_text":"","src":"","width":0,"height":0},"classes":[]},{"id":1350,"url":"https:\/\/www.achimbrueckner.de\/dxradio\/php\/wordpress\/?p=1350","url_meta":{"origin":32697,"position":5},"title":"Facebook f\u00fcr Radioh\u00f6rer","author":"Administrator","date":"February 3, 2011","format":false,"excerpt":"Facebook f\u00fcr Radioh\u00f6rer Wie sich National Public Radio mehr Reichweite sichert http:\/\/www.nzz.ch\/nachrichten\/blogs\/nzz_blogs\/extrablog\/facebook_fuer_radiohoerer_1.9322086.html# Info via Facebook","rel":"","context":"In &quot;Deutsch&quot;","block_context":{"text":"Deutsch","link":"https:\/\/www.achimbrueckner.de\/dxradio\/php\/wordpress\/?cat=1"},"img":{"alt_text":"","src":"","width":0,"height":0},"classes":[]}],"_links":{"self":[{"href":"https:\/\/www.achimbrueckner.de\/dxradio\/php\/wordpress\/index.php?rest_route=\/wp\/v2\/posts\/32697","targetHints":{"allow":["GET"]}}],"collection":[{"href":"https:\/\/www.achimbrueckner.de\/dxradio\/php\/wordpress\/index.php?rest_route=\/wp\/v2\/posts"}],"about":[{"href":"https:\/\/www.achimbrueckner.de\/dxradio\/php\/wordpress\/index.php?rest_route=\/wp\/v2\/types\/post"}],"author":[{"embeddable":true,"href":"https:\/\/www.achimbrueckner.de\/dxradio\/php\/wordpress\/index.php?rest_route=\/wp\/v2\/users\/1"}],"replies":[{"embeddable":true,"href":"https:\/\/www.achimbrueckner.de\/dxradio\/php\/wordpress\/index.php?rest_route=%2Fwp%2Fv2%2Fcomments&post=32697"}],"version-history":[{"count":0,"href":"https:\/\/www.achimbrueckner.de\/dxradio\/php\/wordpress\/index.php?rest_route=\/wp\/v2\/posts\/32697\/revisions"}],"wp:attachment":[{"href":"https:\/\/www.achimbrueckner.de\/dxradio\/php\/wordpress\/index.php?rest_route=%2Fwp%2Fv2%2Fmedia&parent=32697"}],"wp:term":[{"taxonomy":"category","embeddable":true,"href":"https:\/\/www.achimbrueckner.de\/dxradio\/php\/wordpress\/index.php?rest_route=%2Fwp%2Fv2%2Fcategories&post=32697"},{"taxonomy":"post_tag","embeddable":true,"href":"https:\/\/www.achimbrueckner.de\/dxradio\/php\/wordpress\/index.php?rest_route=%2Fwp%2Fv2%2Ftags&post=32697"}],"curies":[{"name":"wp","href":"https:\/\/api.w.org\/{rel}","templated":true}]}}