{"id":32699,"date":"2021-05-18T16:15:21","date_gmt":"2021-05-18T16:15:21","guid":{"rendered":"https:\/\/www.achimbrueckner.de\/dxradio\/php\/wordpress\/?p=32699"},"modified":"2021-05-18T16:15:21","modified_gmt":"2021-05-18T16:15:21","slug":"lasst-mir-mein-radio-ein-lob-des-analogen-2","status":"publish","type":"post","link":"https:\/\/www.achimbrueckner.de\/dxradio\/php\/wordpress\/?p=32699","title":{"rendered":"Lasst mir mein Radio! Ein Lob des Analogen"},"content":{"rendered":"<p><a href=\"https:\/\/www.nzz.ch\/feuilleton\/lasst-mir-mein-radio-ein-lob-des-analogen-ld.1581207\" rel=\"noopener\" target=\"_blank\">https:\/\/www.nzz.ch\/feuilleton\/lasst-mir-mein-radio-ein-lob-des-analogen-ld.1581207<\/a><\/p>\n","protected":false},"excerpt":{"rendered":"<p>https:\/\/www.nzz.ch\/feuilleton\/lasst-mir-mein-radio-ein-lob-des-analogen-ld.1581207<\/p>\n","protected":false},"author":1,"featured_media":0,"comment_status":"closed","ping_status":"open","sticky":false,"template":"","format":"standard","meta":{"_jetpack_memberships_contains_paid_content":false,"footnotes":"","jetpack_publicize_message":"","jetpack_publicize_feature_enabled":true,"jetpack_social_post_already_shared":true,"jetpack_social_options":{"image_generator_settings":{"template":"highway","default_image_id":0,"font":"","enabled":false},"version":2}},"categories":[1],"tags":[],"class_list":["post-32699","post","type-post","status-publish","format-standard","hentry","category-deutsch"],"jetpack_publicize_connections":[],"jetpack_featured_media_url":"","jetpack_sharing_enabled":true,"jetpack_shortlink":"https:\/\/wp.me\/p5CDmr-8vp","jetpack-related-posts":[{"id":30603,"url":"https:\/\/www.achimbrueckner.de\/dxradio\/php\/wordpress\/?p=30603","url_meta":{"origin":32699,"position":0},"title":"Lasst mir mein Radio! Ein Lob des Analogen","author":"Administrator","date":"October 26, 2020","format":false,"excerpt":"https:\/\/www.nzz.ch\/feuilleton\/lasst-mir-mein-radio-ein-lob-des-analogen-ld.1581207","rel":"","context":"In &quot;Deutsch&quot;","block_context":{"text":"Deutsch","link":"https:\/\/www.achimbrueckner.de\/dxradio\/php\/wordpress\/?cat=1"},"img":{"alt_text":"","src":"","width":0,"height":0},"classes":[]},{"id":19526,"url":"https:\/\/www.achimbrueckner.de\/dxradio\/php\/wordpress\/?p=19526","url_meta":{"origin":32699,"position":1},"title":"Warum es in Berlin immer noch ein amerikanisches Radio gibt","author":"Administrator","date":"October 12, 2018","format":false,"excerpt":"https:\/\/www.nzz.ch\/feuilleton\/medien\/warum-es-in-berlin-immer-noch-ein-amerikanisches-radio-gibt-ld.1387619","rel":"","context":"In &quot;Deutsch&quot;","block_context":{"text":"Deutsch","link":"https:\/\/www.achimbrueckner.de\/dxradio\/php\/wordpress\/?cat=1"},"img":{"alt_text":"","src":"","width":0,"height":0},"classes":[]},{"id":43933,"url":"https:\/\/www.achimbrueckner.de\/dxradio\/php\/wordpress\/?p=43933","url_meta":{"origin":32699,"position":2},"title":"\u201eUKW bleibt!\u201c: Initiative k\u00e4mpft um langen Fortbestand des analogen H\u00f6rfunks","author":"Administrator","date":"October 2, 2025","format":false,"excerpt":"https:\/\/www.digitalfernsehen.de\/news\/empfang\/radio\/ukw-bleibt-initiative-kaempft-um-langen-fortbestand-des-analogen-hoerfunks-1158627\/","rel":"","context":"In &quot;Deutsch&quot;","block_context":{"text":"Deutsch","link":"https:\/\/www.achimbrueckner.de\/dxradio\/php\/wordpress\/?cat=1"},"img":{"alt_text":"","src":"","width":0,"height":0},"classes":[]},{"id":20168,"url":"https:\/\/www.achimbrueckner.de\/dxradio\/php\/wordpress\/?p=20168","url_meta":{"origin":32699,"position":3},"title":"H\u00f6rspiel \u00fcber das Ende des analogen Rundfunks","author":"Administrator","date":"November 25, 2018","format":false,"excerpt":"https:\/\/www.deutschlandfunkkultur.de\/hoerspiel-ueber-das-ende-des-analogen-rundfunks-radio.3685.de.html?dram:article_id=419820 Info via A-DX","rel":"","context":"In &quot;Deutsch&quot;","block_context":{"text":"Deutsch","link":"https:\/\/www.achimbrueckner.de\/dxradio\/php\/wordpress\/?cat=1"},"img":{"alt_text":"","src":"","width":0,"height":0},"classes":[]},{"id":34200,"url":"https:\/\/www.achimbrueckner.de\/dxradio\/php\/wordpress\/?p=34200","url_meta":{"origin":32699,"position":4},"title":"FMK Weihnachten 2021","author":"Administrator","date":"December 18, 2021","format":false,"excerpt":"Hallo liebe Radiofreunde, es wird dieses Jahr keinen DX-Marathon geben an dem sich FM Kompakt bzw. Radio Klein Paris beteiligen. Trotzdem habe ich mir etwas, einen kleinen Kontest, \u00fcberlegt. FM Kompakt hat in den Programmen von Partnerstationen jeweils einen Gru\u00df platziert und auch Musikw\u00fcnsche ge\u00e4u\u00dfert. Schaltet bitte folgende Programme ein\u2026","rel":"","context":"In &quot;Deutsch&quot;","block_context":{"text":"Deutsch","link":"https:\/\/www.achimbrueckner.de\/dxradio\/php\/wordpress\/?cat=1"},"img":{"alt_text":"","src":"","width":0,"height":0},"classes":[]},{"id":22598,"url":"https:\/\/www.achimbrueckner.de\/dxradio\/php\/wordpress\/?p=22598","url_meta":{"origin":32699,"position":5},"title":"Zuerst kommt die Verfassung, dann das Gesetz \u2013 das vorgeschlagene Mediengesetz l\u00e4sst wesentliche Probleme ungeregelt","author":"Administrator","date":"April 6, 2019","format":false,"excerpt":"https:\/\/www.nzz.ch\/feuilleton\/neues-mediengesetz-zuerst-braucht-es-eine-verfassungsgrundlage-ld.1472045","rel":"","context":"In &quot;Deutsch&quot;","block_context":{"text":"Deutsch","link":"https:\/\/www.achimbrueckner.de\/dxradio\/php\/wordpress\/?cat=1"},"img":{"alt_text":"","src":"","width":0,"height":0},"classes":[]}],"_links":{"self":[{"href":"https:\/\/www.achimbrueckner.de\/dxradio\/php\/wordpress\/index.php?rest_route=\/wp\/v2\/posts\/32699","targetHints":{"allow":["GET"]}}],"collection":[{"href":"https:\/\/www.achimbrueckner.de\/dxradio\/php\/wordpress\/index.php?rest_route=\/wp\/v2\/posts"}],"about":[{"href":"https:\/\/www.achimbrueckner.de\/dxradio\/php\/wordpress\/index.php?rest_route=\/wp\/v2\/types\/post"}],"author":[{"embeddable":true,"href":"https:\/\/www.achimbrueckner.de\/dxradio\/php\/wordpress\/index.php?rest_route=\/wp\/v2\/users\/1"}],"replies":[{"embeddable":true,"href":"https:\/\/www.achimbrueckner.de\/dxradio\/php\/wordpress\/index.php?rest_route=%2Fwp%2Fv2%2Fcomments&post=32699"}],"version-history":[{"count":0,"href":"https:\/\/www.achimbrueckner.de\/dxradio\/php\/wordpress\/index.php?rest_route=\/wp\/v2\/posts\/32699\/revisions"}],"wp:attachment":[{"href":"https:\/\/www.achimbrueckner.de\/dxradio\/php\/wordpress\/index.php?rest_route=%2Fwp%2Fv2%2Fmedia&parent=32699"}],"wp:term":[{"taxonomy":"category","embeddable":true,"href":"https:\/\/www.achimbrueckner.de\/dxradio\/php\/wordpress\/index.php?rest_route=%2Fwp%2Fv2%2Fcategories&post=32699"},{"taxonomy":"post_tag","embeddable":true,"href":"https:\/\/www.achimbrueckner.de\/dxradio\/php\/wordpress\/index.php?rest_route=%2Fwp%2Fv2%2Ftags&post=32699"}],"curies":[{"name":"wp","href":"https:\/\/api.w.org\/{rel}","templated":true}]}}