{"id":32700,"date":"2021-05-18T16:17:43","date_gmt":"2021-05-18T16:17:43","guid":{"rendered":"https:\/\/www.achimbrueckner.de\/dxradio\/php\/wordpress\/?p=32700"},"modified":"2021-05-18T16:17:43","modified_gmt":"2021-05-18T16:17:43","slug":"hollandischer-sanger-steht-zwei-tage-vor-planet-turen-i-want-to-be-on-the-radio","status":"publish","type":"post","link":"https:\/\/www.achimbrueckner.de\/dxradio\/php\/wordpress\/?p=32700","title":{"rendered":"Holl\u00e4ndischer S\u00e4nger steht zwei Tage vor planet-T\u00fcren: \u201eI want to be on the radio\u201c"},"content":{"rendered":"<p><a href=\"https:\/\/www.radioszene.de\/154429\/mika-jones-planet-radio.html\" rel=\"noopener\" target=\"_blank\">https:\/\/www.radioszene.de\/154429\/mika-jones-planet-radio.html<\/a><\/p>\n","protected":false},"excerpt":{"rendered":"<p>https:\/\/www.radioszene.de\/154429\/mika-jones-planet-radio.html<\/p>\n","protected":false},"author":1,"featured_media":0,"comment_status":"closed","ping_status":"open","sticky":false,"template":"","format":"standard","meta":{"_jetpack_memberships_contains_paid_content":false,"footnotes":"","jetpack_publicize_message":"","jetpack_publicize_feature_enabled":true,"jetpack_social_post_already_shared":true,"jetpack_social_options":{"image_generator_settings":{"template":"highway","default_image_id":0,"font":"","enabled":false},"version":2}},"categories":[1,16],"tags":[41],"class_list":["post-32700","post","type-post","status-publish","format-standard","hentry","category-deutsch","category-radioszene","tag-radioszene"],"jetpack_publicize_connections":[],"jetpack_featured_media_url":"","jetpack_sharing_enabled":true,"jetpack_shortlink":"https:\/\/wp.me\/p5CDmr-8vq","jetpack-related-posts":[{"id":17304,"url":"https:\/\/www.achimbrueckner.de\/dxradio\/php\/wordpress\/?p=17304","url_meta":{"origin":32700,"position":0},"title":"Planet Audio: Audionutzung der Zukunft","author":"Administrator","date":"April 12, 2018","format":false,"excerpt":"http:\/\/www.radioszene.de\/121036\/planet-audio-audionutzung-zukunft.html","rel":"","context":"In &quot;audio&quot;","block_context":{"text":"audio","link":"https:\/\/www.achimbrueckner.de\/dxradio\/php\/wordpress\/?cat=47"},"img":{"alt_text":"","src":"","width":0,"height":0},"classes":[]},{"id":11300,"url":"https:\/\/www.achimbrueckner.de\/dxradio\/php\/wordpress\/?p=11300","url_meta":{"origin":32700,"position":1},"title":"Neuer Webradio-Kanal gestartet: planet radio oldschool","author":"Administrator","date":"December 8, 2016","format":false,"excerpt":"http:\/\/www.radioszene.de\/98635\/neuer-webradio-kanal-ab-heute-planet-radio-oldschool.html","rel":"","context":"In &quot;Deutsch&quot;","block_context":{"text":"Deutsch","link":"https:\/\/www.achimbrueckner.de\/dxradio\/php\/wordpress\/?cat=1"},"img":{"alt_text":"","src":"","width":0,"height":0},"classes":[]},{"id":29597,"url":"https:\/\/www.achimbrueckner.de\/dxradio\/php\/wordpress\/?p=29597","url_meta":{"origin":32700,"position":2},"title":"Radiofrauen aus dem Regenwald bei \u201cplanet e.\u201d im ZDF","author":"Administrator","date":"July 29, 2020","format":false,"excerpt":"https:\/\/www.radioszene.de\/146084\/radiofrauen-aus-dem-regenwald-bei-planet-e-im-zdf.html","rel":"","context":"In &quot;Deutsch&quot;","block_context":{"text":"Deutsch","link":"https:\/\/www.achimbrueckner.de\/dxradio\/php\/wordpress\/?cat=1"},"img":{"alt_text":"","src":"","width":0,"height":0},"classes":[]},{"id":22106,"url":"https:\/\/www.achimbrueckner.de\/dxradio\/php\/wordpress\/?p=22106","url_meta":{"origin":32700,"position":3},"title":"Marko Eichmann: \u201eEd Sheeran bekommt man \u00fcberall \u2013 Aisha moderiert aber nur bei planet radio\u201c","author":"Administrator","date":"March 13, 2019","format":false,"excerpt":"https:\/\/www.radioszene.de\/131306\/marko-eichmann-planet-radio.html","rel":"","context":"In &quot;Deutsch&quot;","block_context":{"text":"Deutsch","link":"https:\/\/www.achimbrueckner.de\/dxradio\/php\/wordpress\/?cat=1"},"img":{"alt_text":"","src":"","width":0,"height":0},"classes":[]},{"id":17901,"url":"https:\/\/www.achimbrueckner.de\/dxradio\/php\/wordpress\/?p=17901","url_meta":{"origin":32700,"position":4},"title":"Neue Digital-Studios bei HIT RADIO FFH, planet radio und harmony.fm","author":"Administrator","date":"May 24, 2018","format":false,"excerpt":"https:\/\/www.radioszene.de\/122399\/neue-studios-ffh-planet-radio-harmony.html","rel":"","context":"In &quot;Deutsch&quot;","block_context":{"text":"Deutsch","link":"https:\/\/www.achimbrueckner.de\/dxradio\/php\/wordpress\/?cat=1"},"img":{"alt_text":"","src":"","width":0,"height":0},"classes":[]},{"id":17164,"url":"https:\/\/www.achimbrueckner.de\/dxradio\/php\/wordpress\/?p=17164","url_meta":{"origin":32700,"position":5},"title":"Digitalradio: FFH, planet radio und harmony.fm bald in ganz Hessen \u00fcber DAB+ zu h\u00f6ren","author":"Administrator","date":"March 30, 2018","format":false,"excerpt":"http:\/\/www.radioszene.de\/120546\/ffh-planet-radio-harmonyfm-digitalradio-dab.html","rel":"","context":"In &quot;Deutsch&quot;","block_context":{"text":"Deutsch","link":"https:\/\/www.achimbrueckner.de\/dxradio\/php\/wordpress\/?cat=1"},"img":{"alt_text":"","src":"","width":0,"height":0},"classes":[]}],"_links":{"self":[{"href":"https:\/\/www.achimbrueckner.de\/dxradio\/php\/wordpress\/index.php?rest_route=\/wp\/v2\/posts\/32700","targetHints":{"allow":["GET"]}}],"collection":[{"href":"https:\/\/www.achimbrueckner.de\/dxradio\/php\/wordpress\/index.php?rest_route=\/wp\/v2\/posts"}],"about":[{"href":"https:\/\/www.achimbrueckner.de\/dxradio\/php\/wordpress\/index.php?rest_route=\/wp\/v2\/types\/post"}],"author":[{"embeddable":true,"href":"https:\/\/www.achimbrueckner.de\/dxradio\/php\/wordpress\/index.php?rest_route=\/wp\/v2\/users\/1"}],"replies":[{"embeddable":true,"href":"https:\/\/www.achimbrueckner.de\/dxradio\/php\/wordpress\/index.php?rest_route=%2Fwp%2Fv2%2Fcomments&post=32700"}],"version-history":[{"count":0,"href":"https:\/\/www.achimbrueckner.de\/dxradio\/php\/wordpress\/index.php?rest_route=\/wp\/v2\/posts\/32700\/revisions"}],"wp:attachment":[{"href":"https:\/\/www.achimbrueckner.de\/dxradio\/php\/wordpress\/index.php?rest_route=%2Fwp%2Fv2%2Fmedia&parent=32700"}],"wp:term":[{"taxonomy":"category","embeddable":true,"href":"https:\/\/www.achimbrueckner.de\/dxradio\/php\/wordpress\/index.php?rest_route=%2Fwp%2Fv2%2Fcategories&post=32700"},{"taxonomy":"post_tag","embeddable":true,"href":"https:\/\/www.achimbrueckner.de\/dxradio\/php\/wordpress\/index.php?rest_route=%2Fwp%2Fv2%2Ftags&post=32700"}],"curies":[{"name":"wp","href":"https:\/\/api.w.org\/{rel}","templated":true}]}}