{"id":32702,"date":"2021-05-19T15:01:51","date_gmt":"2021-05-19T15:01:51","guid":{"rendered":"https:\/\/www.achimbrueckner.de\/dxradio\/php\/wordpress\/?p=32702"},"modified":"2021-05-19T15:01:51","modified_gmt":"2021-05-19T15:01:51","slug":"katrin-muller-hohenstein-kommt-zuruck-ins-radio","status":"publish","type":"post","link":"https:\/\/www.achimbrueckner.de\/dxradio\/php\/wordpress\/?p=32702","title":{"rendered":"Katrin M\u00fcller-Hohenstein kommt zur\u00fcck ins Radio"},"content":{"rendered":"<p><a href=\"https:\/\/www.radioszene.de\/154477\/katrin-mueller-hohenstein-zurueck-im-radio.html\" rel=\"noopener\" target=\"_blank\">https:\/\/www.radioszene.de\/154477\/katrin-mueller-hohenstein-zurueck-im-radio.html<\/a><\/p>\n","protected":false},"excerpt":{"rendered":"<p>https:\/\/www.radioszene.de\/154477\/katrin-mueller-hohenstein-zurueck-im-radio.html<\/p>\n","protected":false},"author":1,"featured_media":0,"comment_status":"closed","ping_status":"open","sticky":false,"template":"","format":"standard","meta":{"_jetpack_memberships_contains_paid_content":false,"footnotes":"","jetpack_publicize_message":"","jetpack_publicize_feature_enabled":true,"jetpack_social_post_already_shared":true,"jetpack_social_options":{"image_generator_settings":{"template":"highway","default_image_id":0,"font":"","enabled":false},"version":2}},"categories":[1,16],"tags":[41],"class_list":["post-32702","post","type-post","status-publish","format-standard","hentry","category-deutsch","category-radioszene","tag-radioszene"],"jetpack_publicize_connections":[],"jetpack_featured_media_url":"","jetpack_sharing_enabled":true,"jetpack_shortlink":"https:\/\/wp.me\/p5CDmr-8vs","jetpack-related-posts":[{"id":44318,"url":"https:\/\/www.achimbrueckner.de\/dxradio\/php\/wordpress\/?p=44318","url_meta":{"origin":32702,"position":0},"title":"Katrin M\u00fcller-Hohenstein moderiert ab 5. Januar bei Absolut Oldie Classics","author":"Administrator","date":"November 18, 2025","format":false,"excerpt":"https:\/\/www.radioszene.de\/207965\/katrin-mueller-hohenstein-absolut-oldie-classics.html","rel":"","context":"In &quot;Deutsch&quot;","block_context":{"text":"Deutsch","link":"https:\/\/www.achimbrueckner.de\/dxradio\/php\/wordpress\/?cat=1"},"img":{"alt_text":"","src":"","width":0,"height":0},"classes":[]},{"id":44313,"url":"https:\/\/www.achimbrueckner.de\/dxradio\/php\/wordpress\/?p=44313","url_meta":{"origin":32702,"position":1},"title":"Absolut Oldie Classics startet moderierte Fr\u00fchsendung mit Katrin M\u00fcller-Hohenstein","author":"Administrator","date":"November 18, 2025","format":false,"excerpt":"https:\/\/www.radioblog.eu\/2025\/11\/18\/absolut-oldie-classics-startet-moderierte-fruehsendung-mit-katrin-mueller-hohenstein\/","rel":"","context":"In &quot;Deutsch&quot;","block_context":{"text":"Deutsch","link":"https:\/\/www.achimbrueckner.de\/dxradio\/php\/wordpress\/?cat=1"},"img":{"alt_text":"","src":"","width":0,"height":0},"classes":[]},{"id":33400,"url":"https:\/\/www.achimbrueckner.de\/dxradio\/php\/wordpress\/?p=33400","url_meta":{"origin":32702,"position":2},"title":"Das neue Wochenende auf ANTENNE BAYERN mit Katrin M\u00fcller-Hohenstein und Stefan Meixner","author":"Administrator","date":"August 21, 2021","format":false,"excerpt":"https:\/\/www.radioszene.de\/157001\/das-neue-wochenende-auf-antenne-bayern-mit-katrin-mueller-hohenstein-und-stefan-meixner.html","rel":"","context":"In &quot;Deutsch&quot;","block_context":{"text":"Deutsch","link":"https:\/\/www.achimbrueckner.de\/dxradio\/php\/wordpress\/?cat=1"},"img":{"alt_text":"","src":"","width":0,"height":0},"classes":[]},{"id":42238,"url":"https:\/\/www.achimbrueckner.de\/dxradio\/php\/wordpress\/?p=42238","url_meta":{"origin":32702,"position":3},"title":"Radio-K\u00f6pfe | Katrin M\u00fcller-Hohenstein (Antenne Bayern \/ ZDF-Sportstudio)","author":"Administrator","date":"February 24, 2025","format":false,"excerpt":"https:\/\/www.radioszene.de\/200438\/katrin-mueller-hohenstein.html","rel":"","context":"In &quot;Deutsch&quot;","block_context":{"text":"Deutsch","link":"https:\/\/www.achimbrueckner.de\/dxradio\/php\/wordpress\/?cat=1"},"img":{"alt_text":"","src":"","width":0,"height":0},"classes":[]},{"id":33394,"url":"https:\/\/www.achimbrueckner.de\/dxradio\/php\/wordpress\/?p=33394","url_meta":{"origin":32702,"position":4},"title":"Radio-Comeback Katrin M\u00fcller-Hohenstein kehrt zu Antenne Bayern zur\u00fcck","author":"Administrator","date":"August 20, 2021","format":false,"excerpt":"https:\/\/www.dwdl.de\/nachrichten\/84147\/katrin_muellerhohenstein_kehrt_zu_antenne_bayern_zurueck\/","rel":"","context":"In &quot;Deutsch&quot;","block_context":{"text":"Deutsch","link":"https:\/\/www.achimbrueckner.de\/dxradio\/php\/wordpress\/?cat=1"},"img":{"alt_text":"","src":"","width":0,"height":0},"classes":[]},{"id":30374,"url":"https:\/\/www.achimbrueckner.de\/dxradio\/php\/wordpress\/?p=30374","url_meta":{"origin":32702,"position":5},"title":"BB RADIO-Gesch\u00e4ftsf\u00fchrerin Katrin Helmschrott erh\u00e4lt Verdienstorden des Landes Brandenburg","author":"Administrator","date":"October 11, 2020","format":false,"excerpt":"https:\/\/www.radioszene.de\/148443\/katrin-helmschrott-verdienstorden-land-brandenburg.html","rel":"","context":"In &quot;Deutsch&quot;","block_context":{"text":"Deutsch","link":"https:\/\/www.achimbrueckner.de\/dxradio\/php\/wordpress\/?cat=1"},"img":{"alt_text":"","src":"","width":0,"height":0},"classes":[]}],"_links":{"self":[{"href":"https:\/\/www.achimbrueckner.de\/dxradio\/php\/wordpress\/index.php?rest_route=\/wp\/v2\/posts\/32702","targetHints":{"allow":["GET"]}}],"collection":[{"href":"https:\/\/www.achimbrueckner.de\/dxradio\/php\/wordpress\/index.php?rest_route=\/wp\/v2\/posts"}],"about":[{"href":"https:\/\/www.achimbrueckner.de\/dxradio\/php\/wordpress\/index.php?rest_route=\/wp\/v2\/types\/post"}],"author":[{"embeddable":true,"href":"https:\/\/www.achimbrueckner.de\/dxradio\/php\/wordpress\/index.php?rest_route=\/wp\/v2\/users\/1"}],"replies":[{"embeddable":true,"href":"https:\/\/www.achimbrueckner.de\/dxradio\/php\/wordpress\/index.php?rest_route=%2Fwp%2Fv2%2Fcomments&post=32702"}],"version-history":[{"count":0,"href":"https:\/\/www.achimbrueckner.de\/dxradio\/php\/wordpress\/index.php?rest_route=\/wp\/v2\/posts\/32702\/revisions"}],"wp:attachment":[{"href":"https:\/\/www.achimbrueckner.de\/dxradio\/php\/wordpress\/index.php?rest_route=%2Fwp%2Fv2%2Fmedia&parent=32702"}],"wp:term":[{"taxonomy":"category","embeddable":true,"href":"https:\/\/www.achimbrueckner.de\/dxradio\/php\/wordpress\/index.php?rest_route=%2Fwp%2Fv2%2Fcategories&post=32702"},{"taxonomy":"post_tag","embeddable":true,"href":"https:\/\/www.achimbrueckner.de\/dxradio\/php\/wordpress\/index.php?rest_route=%2Fwp%2Fv2%2Ftags&post=32702"}],"curies":[{"name":"wp","href":"https:\/\/api.w.org\/{rel}","templated":true}]}}