{"id":32717,"date":"2021-05-20T12:09:26","date_gmt":"2021-05-20T12:09:26","guid":{"rendered":"https:\/\/www.achimbrueckner.de\/dxradio\/php\/wordpress\/?p=32717"},"modified":"2021-05-20T12:09:26","modified_gmt":"2021-05-20T12:09:26","slug":"die-nachrichten","status":"publish","type":"post","link":"https:\/\/www.achimbrueckner.de\/dxradio\/php\/wordpress\/?p=32717","title":{"rendered":"Die Nachrichten"},"content":{"rendered":"<p><a href=\"https:\/\/www.digiandi.de\/die-nachrichten\/\" rel=\"noopener\" target=\"_blank\">https:\/\/www.digiandi.de\/die-nachrichten\/<\/a><\/p>\n","protected":false},"excerpt":{"rendered":"<p>https:\/\/www.digiandi.de\/die-nachrichten\/<\/p>\n","protected":false},"author":1,"featured_media":0,"comment_status":"closed","ping_status":"open","sticky":false,"template":"","format":"standard","meta":{"_jetpack_memberships_contains_paid_content":false,"footnotes":"","jetpack_publicize_message":"","jetpack_publicize_feature_enabled":true,"jetpack_social_post_already_shared":true,"jetpack_social_options":{"image_generator_settings":{"template":"highway","default_image_id":0,"font":"","enabled":false},"version":2}},"categories":[1],"tags":[],"class_list":["post-32717","post","type-post","status-publish","format-standard","hentry","category-deutsch"],"jetpack_publicize_connections":[],"jetpack_featured_media_url":"","jetpack_sharing_enabled":true,"jetpack_shortlink":"https:\/\/wp.me\/p5CDmr-8vH","jetpack-related-posts":[{"id":16889,"url":"https:\/\/www.achimbrueckner.de\/dxradio\/php\/wordpress\/?p=16889","url_meta":{"origin":32717,"position":0},"title":"Wie die ARD ihre Nachrichten jetzt neu organisiert","author":"Administrator","date":"March 13, 2018","format":false,"excerpt":"https:\/\/www.abendblatt.de\/kultur-live\/tv-und-medien\/article213669171\/Wie-die-ARD-ihre-Nachrichten-jetzt-neu-organisiert.html","rel":"","context":"In &quot;Deutsch&quot;","block_context":{"text":"Deutsch","link":"https:\/\/www.achimbrueckner.de\/dxradio\/php\/wordpress\/?cat=1"},"img":{"alt_text":"","src":"","width":0,"height":0},"classes":[]},{"id":21518,"url":"https:\/\/www.achimbrueckner.de\/dxradio\/php\/wordpress\/?p=21518","url_meta":{"origin":32717,"position":1},"title":"News zwischen Marslandung und Verlegenheitsmeldung: Befreit die Nachrichten aus der Linearit\u00e4t!","author":"Administrator","date":"February 12, 2019","format":false,"excerpt":"https:\/\/meedia.de\/2019\/02\/12\/news-zwischen-marslandung-und-verlegenheitsmeldung-befreit-die-nachrichten-aus-der-linearitaet\/","rel":"","context":"In &quot;Deutsch&quot;","block_context":{"text":"Deutsch","link":"https:\/\/www.achimbrueckner.de\/dxradio\/php\/wordpress\/?cat=1"},"img":{"alt_text":"","src":"","width":0,"height":0},"classes":[]},{"id":17617,"url":"https:\/\/www.achimbrueckner.de\/dxradio\/php\/wordpress\/?p=17617","url_meta":{"origin":32717,"position":2},"title":"rbb-Intendantin: &#8220;Die \u00d6ffentlich-Rechtlichen haben noch das Monopol auf Nachrichten&#8221;","author":"Administrator","date":"May 3, 2018","format":false,"excerpt":"https:\/\/www.heise.de\/newsticker\/meldung\/rbb-Intendantin-Die-Oeffentlich-Rechtlichen-haben-noch-das-Monopol-auf-Nachrichten-4040560.html","rel":"","context":"In &quot;Deutsch&quot;","block_context":{"text":"Deutsch","link":"https:\/\/www.achimbrueckner.de\/dxradio\/php\/wordpress\/?cat=1"},"img":{"alt_text":"","src":"","width":0,"height":0},"classes":[]},{"id":15247,"url":"https:\/\/www.achimbrueckner.de\/dxradio\/php\/wordpress\/?p=15247","url_meta":{"origin":32717,"position":3},"title":"Radio h\u00f6ren in der Zukunft Eines Tages liest Ryan Gosling die Nachrichten vor","author":"Administrator","date":"October 30, 2017","format":false,"excerpt":"https:\/\/www.srf.ch\/news\/panorama\/radio-hoeren-in-der-zukunft-eines-tages-liest-ryan-gosling-die-nachrichten-vor","rel":"","context":"In &quot;Deutsch&quot;","block_context":{"text":"Deutsch","link":"https:\/\/www.achimbrueckner.de\/dxradio\/php\/wordpress\/?cat=1"},"img":{"alt_text":"","src":"","width":0,"height":0},"classes":[]},{"id":25132,"url":"https:\/\/www.achimbrueckner.de\/dxradio\/php\/wordpress\/?p=25132","url_meta":{"origin":32717,"position":4},"title":"Ist die Digitalisierung Fluch oder Segen f\u00fcr die H\u00f6rfunkh\u00e4user?","author":"Administrator","date":"October 4, 2019","format":false,"excerpt":"https:\/\/www.horizont.net\/medien\/nachrichten\/radio-roundtable-ist-die-digitalisierung-fluch-oder-segen-fuer-die-hoerfunkhaeuser-178007","rel":"","context":"In &quot;Deutsch&quot;","block_context":{"text":"Deutsch","link":"https:\/\/www.achimbrueckner.de\/dxradio\/php\/wordpress\/?cat=1"},"img":{"alt_text":"","src":"","width":0,"height":0},"classes":[]},{"id":25058,"url":"https:\/\/www.achimbrueckner.de\/dxradio\/php\/wordpress\/?p=25058","url_meta":{"origin":32717,"position":5},"title":"Was die Zuh\u00f6rer an Podcasts begeistert","author":"Administrator","date":"October 1, 2019","format":false,"excerpt":"https:\/\/www.horizont.net\/marketing\/nachrichten\/studie-was-die-zuhoerer-an-podcasts-begeistert-177944","rel":"","context":"In &quot;Deutsch&quot;","block_context":{"text":"Deutsch","link":"https:\/\/www.achimbrueckner.de\/dxradio\/php\/wordpress\/?cat=1"},"img":{"alt_text":"","src":"","width":0,"height":0},"classes":[]}],"_links":{"self":[{"href":"https:\/\/www.achimbrueckner.de\/dxradio\/php\/wordpress\/index.php?rest_route=\/wp\/v2\/posts\/32717","targetHints":{"allow":["GET"]}}],"collection":[{"href":"https:\/\/www.achimbrueckner.de\/dxradio\/php\/wordpress\/index.php?rest_route=\/wp\/v2\/posts"}],"about":[{"href":"https:\/\/www.achimbrueckner.de\/dxradio\/php\/wordpress\/index.php?rest_route=\/wp\/v2\/types\/post"}],"author":[{"embeddable":true,"href":"https:\/\/www.achimbrueckner.de\/dxradio\/php\/wordpress\/index.php?rest_route=\/wp\/v2\/users\/1"}],"replies":[{"embeddable":true,"href":"https:\/\/www.achimbrueckner.de\/dxradio\/php\/wordpress\/index.php?rest_route=%2Fwp%2Fv2%2Fcomments&post=32717"}],"version-history":[{"count":0,"href":"https:\/\/www.achimbrueckner.de\/dxradio\/php\/wordpress\/index.php?rest_route=\/wp\/v2\/posts\/32717\/revisions"}],"wp:attachment":[{"href":"https:\/\/www.achimbrueckner.de\/dxradio\/php\/wordpress\/index.php?rest_route=%2Fwp%2Fv2%2Fmedia&parent=32717"}],"wp:term":[{"taxonomy":"category","embeddable":true,"href":"https:\/\/www.achimbrueckner.de\/dxradio\/php\/wordpress\/index.php?rest_route=%2Fwp%2Fv2%2Fcategories&post=32717"},{"taxonomy":"post_tag","embeddable":true,"href":"https:\/\/www.achimbrueckner.de\/dxradio\/php\/wordpress\/index.php?rest_route=%2Fwp%2Fv2%2Ftags&post=32717"}],"curies":[{"name":"wp","href":"https:\/\/api.w.org\/{rel}","templated":true}]}}