{"id":32723,"date":"2021-05-20T12:37:12","date_gmt":"2021-05-20T12:37:12","guid":{"rendered":"https:\/\/www.achimbrueckner.de\/dxradio\/php\/wordpress\/?p=32723"},"modified":"2021-05-20T12:37:12","modified_gmt":"2021-05-20T12:37:12","slug":"mdr-bringt-sputnik-spring-break-2021-zu-den-fans-nach-hause","status":"publish","type":"post","link":"https:\/\/www.achimbrueckner.de\/dxradio\/php\/wordpress\/?p=32723","title":{"rendered":"MDR bringt SPUTNIK SPRING BREAK 2021 zu den Fans nach Hause"},"content":{"rendered":"<p><a href=\"https:\/\/www.radiowoche.de\/mdr-bringt-sputnik-spring-break-2021-zu-den-fans-nach-hause\/\" rel=\"noopener\" target=\"_blank\">https:\/\/www.radiowoche.de\/mdr-bringt-sputnik-spring-break-2021-zu-den-fans-nach-hause\/<\/a><\/p>\n","protected":false},"excerpt":{"rendered":"<p>https:\/\/www.radiowoche.de\/mdr-bringt-sputnik-spring-break-2021-zu-den-fans-nach-hause\/<\/p>\n","protected":false},"author":1,"featured_media":0,"comment_status":"closed","ping_status":"open","sticky":false,"template":"","format":"standard","meta":{"_jetpack_memberships_contains_paid_content":false,"footnotes":"","jetpack_publicize_message":"","jetpack_publicize_feature_enabled":true,"jetpack_social_post_already_shared":true,"jetpack_social_options":{"image_generator_settings":{"template":"highway","default_image_id":0,"font":"","enabled":false},"version":2}},"categories":[1],"tags":[],"class_list":["post-32723","post","type-post","status-publish","format-standard","hentry","category-deutsch"],"jetpack_publicize_connections":[],"jetpack_featured_media_url":"","jetpack_sharing_enabled":true,"jetpack_shortlink":"https:\/\/wp.me\/p5CDmr-8vN","jetpack-related-posts":[{"id":21441,"url":"https:\/\/www.achimbrueckner.de\/dxradio\/php\/wordpress\/?p=21441","url_meta":{"origin":32723,"position":0},"title":"Sunshine Live bringt den 90er Rave nach Hause","author":"Administrator","date":"February 9, 2019","format":false,"excerpt":"http:\/\/www.radiowoche.de\/sunshine-live-bringt-den-90er-rave-nach-hause\/","rel":"","context":"In &quot;Deutsch&quot;","block_context":{"text":"Deutsch","link":"https:\/\/www.achimbrueckner.de\/dxradio\/php\/wordpress\/?cat=1"},"img":{"alt_text":"","src":"","width":0,"height":0},"classes":[]},{"id":461,"url":"https:\/\/www.achimbrueckner.de\/dxradio\/php\/wordpress\/?p=461","url_meta":{"origin":32723,"position":1},"title":"Ein Sputnik ist abgest\u00fcrzt &#8211; Das Vorwende-Jahr bei DT 64","author":"Administrator","date":"June 10, 2009","format":false,"excerpt":"F\u00fcr alle DT64 Fans,aufgepasst und reinh\u00f6ren: Figaro am Vormittag Datum Sendezeit Sa., 13.06. 09:00 Uhr 09.00 Nachrichten 09.05 Feature Wir waren das Volk! - MDR FIGARO erinnert an die Friedliche Revolution: Ein Sputnik ist abgest\u00fcrzt - Das Vorwende-Jahr bei DT 64 Von J\u00fcrgen Balitzki und Marcus Heumann (Ursendung) Am 19.\u2026","rel":"","context":"In &quot;Deutsch&quot;","block_context":{"text":"Deutsch","link":"https:\/\/www.achimbrueckner.de\/dxradio\/php\/wordpress\/?cat=1"},"img":{"alt_text":"","src":"","width":0,"height":0},"classes":[]},{"id":36019,"url":"https:\/\/www.achimbrueckner.de\/dxradio\/php\/wordpress\/?p=36019","url_meta":{"origin":32723,"position":2},"title":"\u201eMDR SPUTNIK ist nicht \u00e4lter geworden, sondern jung geblieben\u201c","author":"Administrator","date":"April 27, 2022","format":false,"excerpt":"https:\/\/www.radioszene.de\/163267\/mdr-sputnik-jana-cebulla-interview.html","rel":"","context":"In &quot;Deutsch&quot;","block_context":{"text":"Deutsch","link":"https:\/\/www.achimbrueckner.de\/dxradio\/php\/wordpress\/?cat=1"},"img":{"alt_text":"","src":"","width":0,"height":0},"classes":[]},{"id":30287,"url":"https:\/\/www.achimbrueckner.de\/dxradio\/php\/wordpress\/?p=30287","url_meta":{"origin":32723,"position":3},"title":"\u201cRapperlapapp\u201d: MDR SPUTNIK startet Podcast \u00fcber Rap-Texte","author":"Administrator","date":"October 2, 2020","format":false,"excerpt":"https:\/\/www.radiowoche.de\/rapperlapapp-mdr-sputnik-startet-podcast-ueber-rap-texte\/","rel":"","context":"In &quot;Deutsch&quot;","block_context":{"text":"Deutsch","link":"https:\/\/www.achimbrueckner.de\/dxradio\/php\/wordpress\/?cat=1"},"img":{"alt_text":"","src":"","width":0,"height":0},"classes":[]},{"id":5541,"url":"https:\/\/www.achimbrueckner.de\/dxradio\/php\/wordpress\/?p=5541","url_meta":{"origin":32723,"position":4},"title":"MDR SPUTNIK mit neuem Soundlayout und noch mehr Lieblingsmusik","author":"Administrator","date":"August 13, 2015","format":false,"excerpt":"http:\/\/www.radiowoche.de\/mdr-sputnik-mit-neuem-soundlayout-und-noch-mehr-lieblingsmusik\/","rel":"","context":"In &quot;Deutsch&quot;","block_context":{"text":"Deutsch","link":"https:\/\/www.achimbrueckner.de\/dxradio\/php\/wordpress\/?cat=1"},"img":{"alt_text":"","src":"","width":0,"height":0},"classes":[]},{"id":1608,"url":"https:\/\/www.achimbrueckner.de\/dxradio\/php\/wordpress\/?p=1608","url_meta":{"origin":32723,"position":5},"title":"MDR: Neuregulierung von Jump und Sputnik","author":"Administrator","date":"June 20, 2011","format":false,"excerpt":"MDR: Neuregulierung von Jump und Sputnik http:\/\/www.radioszene.de\/25842\/die-neuregulierung-von-jump.html","rel":"","context":"In &quot;Deutsch&quot;","block_context":{"text":"Deutsch","link":"https:\/\/www.achimbrueckner.de\/dxradio\/php\/wordpress\/?cat=1"},"img":{"alt_text":"","src":"","width":0,"height":0},"classes":[]}],"_links":{"self":[{"href":"https:\/\/www.achimbrueckner.de\/dxradio\/php\/wordpress\/index.php?rest_route=\/wp\/v2\/posts\/32723","targetHints":{"allow":["GET"]}}],"collection":[{"href":"https:\/\/www.achimbrueckner.de\/dxradio\/php\/wordpress\/index.php?rest_route=\/wp\/v2\/posts"}],"about":[{"href":"https:\/\/www.achimbrueckner.de\/dxradio\/php\/wordpress\/index.php?rest_route=\/wp\/v2\/types\/post"}],"author":[{"embeddable":true,"href":"https:\/\/www.achimbrueckner.de\/dxradio\/php\/wordpress\/index.php?rest_route=\/wp\/v2\/users\/1"}],"replies":[{"embeddable":true,"href":"https:\/\/www.achimbrueckner.de\/dxradio\/php\/wordpress\/index.php?rest_route=%2Fwp%2Fv2%2Fcomments&post=32723"}],"version-history":[{"count":0,"href":"https:\/\/www.achimbrueckner.de\/dxradio\/php\/wordpress\/index.php?rest_route=\/wp\/v2\/posts\/32723\/revisions"}],"wp:attachment":[{"href":"https:\/\/www.achimbrueckner.de\/dxradio\/php\/wordpress\/index.php?rest_route=%2Fwp%2Fv2%2Fmedia&parent=32723"}],"wp:term":[{"taxonomy":"category","embeddable":true,"href":"https:\/\/www.achimbrueckner.de\/dxradio\/php\/wordpress\/index.php?rest_route=%2Fwp%2Fv2%2Fcategories&post=32723"},{"taxonomy":"post_tag","embeddable":true,"href":"https:\/\/www.achimbrueckner.de\/dxradio\/php\/wordpress\/index.php?rest_route=%2Fwp%2Fv2%2Ftags&post=32723"}],"curies":[{"name":"wp","href":"https:\/\/api.w.org\/{rel}","templated":true}]}}