{"id":32727,"date":"2021-05-21T14:16:15","date_gmt":"2021-05-21T14:16:15","guid":{"rendered":"https:\/\/www.achimbrueckner.de\/dxradio\/php\/wordpress\/?p=32727"},"modified":"2021-05-21T14:16:15","modified_gmt":"2021-05-21T14:16:15","slug":"ifa-2021-abgesagt","status":"publish","type":"post","link":"https:\/\/www.achimbrueckner.de\/dxradio\/php\/wordpress\/?p=32727","title":{"rendered":"IFA 2021 abgesagt"},"content":{"rendered":"<p><a href=\"https:\/\/www.smartphonefan.de\/2021\/05\/21\/ifa-2021-abgesagt\/\" rel=\"noopener\" target=\"_blank\">https:\/\/www.smartphonefan.de\/2021\/05\/21\/ifa-2021-abgesagt\/<\/a><\/p>\n","protected":false},"excerpt":{"rendered":"<p>https:\/\/www.smartphonefan.de\/2021\/05\/21\/ifa-2021-abgesagt\/<\/p>\n","protected":false},"author":1,"featured_media":0,"comment_status":"closed","ping_status":"open","sticky":false,"template":"","format":"standard","meta":{"_jetpack_memberships_contains_paid_content":false,"footnotes":"","jetpack_publicize_message":"","jetpack_publicize_feature_enabled":true,"jetpack_social_post_already_shared":true,"jetpack_social_options":{"image_generator_settings":{"template":"highway","default_image_id":0,"font":"","enabled":false},"version":2}},"categories":[1],"tags":[],"class_list":["post-32727","post","type-post","status-publish","format-standard","hentry","category-deutsch"],"jetpack_publicize_connections":[],"jetpack_featured_media_url":"","jetpack_sharing_enabled":true,"jetpack_shortlink":"https:\/\/wp.me\/p5CDmr-8vR","jetpack-related-posts":[{"id":32360,"url":"https:\/\/www.achimbrueckner.de\/dxradio\/php\/wordpress\/?p=32360","url_meta":{"origin":32727,"position":0},"title":"HAM Radio 2021 nun doch abgesagt","author":"Administrator","date":"March 27, 2021","format":false,"excerpt":"https:\/\/www.smartphonefan.de\/2021\/03\/27\/ham-radio-2021-nun-doch-abgesagt\/","rel":"","context":"In &quot;Deutsch&quot;","block_context":{"text":"Deutsch","link":"https:\/\/www.achimbrueckner.de\/dxradio\/php\/wordpress\/?cat=1"},"img":{"alt_text":"","src":"","width":0,"height":0},"classes":[]},{"id":28257,"url":"https:\/\/www.achimbrueckner.de\/dxradio\/php\/wordpress\/?p=28257","url_meta":{"origin":32727,"position":1},"title":"IFA 2020 f\u00e4llt aus: Berlin untersagt Gro\u00dfveranstaltungen","author":"Administrator","date":"April 21, 2020","format":false,"excerpt":"https:\/\/www.teltarif.de\/ifa-2020-abgesagt-messe\/news\/80360.html","rel":"","context":"In &quot;Deutsch&quot;","block_context":{"text":"Deutsch","link":"https:\/\/www.achimbrueckner.de\/dxradio\/php\/wordpress\/?cat=1"},"img":{"alt_text":"","src":"","width":0,"height":0},"classes":[]},{"id":23986,"url":"https:\/\/www.achimbrueckner.de\/dxradio\/php\/wordpress\/?p=23986","url_meta":{"origin":32727,"position":2},"title":"Abgesagt: Der 2. DAB+-Bundesmux startet nicht zur IFA","author":"Administrator","date":"July 29, 2019","format":false,"excerpt":"https:\/\/www.teltarif.de\/2-bundesmux-dab-plus-ifa-absage\/news\/77438.html","rel":"","context":"In &quot;Deutsch&quot;","block_context":{"text":"Deutsch","link":"https:\/\/www.achimbrueckner.de\/dxradio\/php\/wordpress\/?cat=1"},"img":{"alt_text":"","src":"","width":0,"height":0},"classes":[]},{"id":32708,"url":"https:\/\/www.achimbrueckner.de\/dxradio\/php\/wordpress\/?p=32708","url_meta":{"origin":32727,"position":3},"title":"IFA 2021 aufgrund fehlender gesicherter Perspektiven nicht durchf\u00fchrbar","author":"Administrator","date":"May 19, 2021","format":false,"excerpt":"https:\/\/www.radiowoche.de\/ifa-2021-aufgrund-fehlender-gesicherter-perspektiven-nicht-durchfuehrbar\/","rel":"","context":"In &quot;Deutsch&quot;","block_context":{"text":"Deutsch","link":"https:\/\/www.achimbrueckner.de\/dxradio\/php\/wordpress\/?cat=1"},"img":{"alt_text":"","src":"","width":0,"height":0},"classes":[]},{"id":32509,"url":"https:\/\/www.achimbrueckner.de\/dxradio\/php\/wordpress\/?p=32509","url_meta":{"origin":32727,"position":4},"title":"IFA 2021 soll im September mit Publikum stattfinden","author":"Administrator","date":"April 16, 2021","format":false,"excerpt":"https:\/\/stadt-bremerhaven.de\/ifa-2021-soll-im-september-mit-publikum-stattfinden\/","rel":"","context":"In &quot;Deutsch&quot;","block_context":{"text":"Deutsch","link":"https:\/\/www.achimbrueckner.de\/dxradio\/php\/wordpress\/?cat=1"},"img":{"alt_text":"","src":"","width":0,"height":0},"classes":[]},{"id":33442,"url":"https:\/\/www.achimbrueckner.de\/dxradio\/php\/wordpress\/?p=33442","url_meta":{"origin":32727,"position":5},"title":"Dortmunder Amateurfunkmarktes (DAT e.V.) abgesagt","author":"Administrator","date":"August 26, 2021","format":false,"excerpt":"http:\/\/dat-do.loose-kamen.de\/ .... !! Amateurfunkmarkt 2021 abgesagt !! Nach reiflicher \u00dcberlegung und Durchsprache aller Unw\u00e4gbarkeiten haben wir uns schweren Herzens zu dieser Entscheidung entschlossen. Die M\u00f6glichkeit den Markt in gewohnter Weise durchf\u00fchren zu k\u00f6nnen ist nicht sicher gegeben. Um k\u00fcnftige Veranstaltungen nicht zu gef\u00e4hrten wollen wir das hohe Risiko eines Misserfolges\u2026","rel":"","context":"In &quot;Deutsch&quot;","block_context":{"text":"Deutsch","link":"https:\/\/www.achimbrueckner.de\/dxradio\/php\/wordpress\/?cat=1"},"img":{"alt_text":"","src":"","width":0,"height":0},"classes":[]}],"_links":{"self":[{"href":"https:\/\/www.achimbrueckner.de\/dxradio\/php\/wordpress\/index.php?rest_route=\/wp\/v2\/posts\/32727","targetHints":{"allow":["GET"]}}],"collection":[{"href":"https:\/\/www.achimbrueckner.de\/dxradio\/php\/wordpress\/index.php?rest_route=\/wp\/v2\/posts"}],"about":[{"href":"https:\/\/www.achimbrueckner.de\/dxradio\/php\/wordpress\/index.php?rest_route=\/wp\/v2\/types\/post"}],"author":[{"embeddable":true,"href":"https:\/\/www.achimbrueckner.de\/dxradio\/php\/wordpress\/index.php?rest_route=\/wp\/v2\/users\/1"}],"replies":[{"embeddable":true,"href":"https:\/\/www.achimbrueckner.de\/dxradio\/php\/wordpress\/index.php?rest_route=%2Fwp%2Fv2%2Fcomments&post=32727"}],"version-history":[{"count":0,"href":"https:\/\/www.achimbrueckner.de\/dxradio\/php\/wordpress\/index.php?rest_route=\/wp\/v2\/posts\/32727\/revisions"}],"wp:attachment":[{"href":"https:\/\/www.achimbrueckner.de\/dxradio\/php\/wordpress\/index.php?rest_route=%2Fwp%2Fv2%2Fmedia&parent=32727"}],"wp:term":[{"taxonomy":"category","embeddable":true,"href":"https:\/\/www.achimbrueckner.de\/dxradio\/php\/wordpress\/index.php?rest_route=%2Fwp%2Fv2%2Fcategories&post=32727"},{"taxonomy":"post_tag","embeddable":true,"href":"https:\/\/www.achimbrueckner.de\/dxradio\/php\/wordpress\/index.php?rest_route=%2Fwp%2Fv2%2Ftags&post=32727"}],"curies":[{"name":"wp","href":"https:\/\/api.w.org\/{rel}","templated":true}]}}