{"id":32793,"date":"2021-05-30T15:45:52","date_gmt":"2021-05-30T15:45:52","guid":{"rendered":"https:\/\/www.achimbrueckner.de\/dxradio\/php\/wordpress\/?p=32793"},"modified":"2021-05-30T15:45:52","modified_gmt":"2021-05-30T15:45:52","slug":"knall-und-fall-das-ende-der-sr-sendeanlage-2","status":"publish","type":"post","link":"https:\/\/www.achimbrueckner.de\/dxradio\/php\/wordpress\/?p=32793","title":{"rendered":"Knall und Fall &#8211; Das Ende der SR-Sendeanlage"},"content":{"rendered":"<p><a href=\"https:\/\/www.ardmediathek.de\/video\/dokumentationen-und-reportagen\/knall-und-fall-das-ende-der-sr-sendeanlage\/sr\/Y3JpZDovL3NyLW9ubGluZS5kZS9EVVJfNjU3MTk\/\" rel=\"noopener\" target=\"_blank\">https:\/\/www.ardmediathek.de\/video\/dokumentationen-und-reportagen\/knall-und-fall-das-ende-der-sr-sendeanlage\/sr\/Y3JpZDovL3NyLW9ubGluZS5kZS9EVVJfNjU3MTk\/<\/a><\/p>\n","protected":false},"excerpt":{"rendered":"<p>https:\/\/www.ardmediathek.de\/video\/dokumentationen-und-reportagen\/knall-und-fall-das-ende-der-sr-sendeanlage\/sr\/Y3JpZDovL3NyLW9ubGluZS5kZS9EVVJfNjU3MTk\/<\/p>\n","protected":false},"author":1,"featured_media":0,"comment_status":"closed","ping_status":"open","sticky":false,"template":"","format":"standard","meta":{"_jetpack_memberships_contains_paid_content":false,"footnotes":"","jetpack_publicize_message":"","jetpack_publicize_feature_enabled":true,"jetpack_social_post_already_shared":true,"jetpack_social_options":{"image_generator_settings":{"template":"highway","default_image_id":0,"font":"","enabled":false},"version":2}},"categories":[1,17],"tags":[46],"class_list":["post-32793","post","type-post","status-publish","format-standard","hentry","category-deutsch","category-media","tag-media"],"jetpack_publicize_connections":[],"jetpack_featured_media_url":"","jetpack_sharing_enabled":true,"jetpack_shortlink":"https:\/\/wp.me\/p5CDmr-8wV","jetpack-related-posts":[{"id":22572,"url":"https:\/\/www.achimbrueckner.de\/dxradio\/php\/wordpress\/?p=22572","url_meta":{"origin":32793,"position":0},"title":"Knall und Fall &#8211; Das Ende der SR Sendeanlage","author":"Administrator","date":"April 4, 2019","format":false,"excerpt":"https:\/\/www.youtube.com\/watch?v=LcUEZMUA5zM","rel":"","context":"In &quot;Deutsch&quot;","block_context":{"text":"Deutsch","link":"https:\/\/www.achimbrueckner.de\/dxradio\/php\/wordpress\/?cat=1"},"img":{"alt_text":"","src":"","width":0,"height":0},"classes":[]},{"id":19393,"url":"https:\/\/www.achimbrueckner.de\/dxradio\/php\/wordpress\/?p=19393","url_meta":{"origin":32793,"position":1},"title":"Knall und Fall das Ender der SR-Sendeanlage Heusweiler","author":"Administrator","date":"October 2, 2018","format":false,"excerpt":"SR Fernsehen 3. Oktober 2018 1845 MESZ https:\/\/www.sr.de\/sr\/fernsehen\/station108~week.html","rel":"","context":"In &quot;Deutsch&quot;","block_context":{"text":"Deutsch","link":"https:\/\/www.achimbrueckner.de\/dxradio\/php\/wordpress\/?cat=1"},"img":{"alt_text":"","src":"","width":0,"height":0},"classes":[]},{"id":1224,"url":"https:\/\/www.achimbrueckner.de\/dxradio\/php\/wordpress\/?p=1224","url_meta":{"origin":32793,"position":2},"title":"RAE &#8211; Ende der Vorstellung ?","author":"Administrator","date":"November 5, 2010","format":false,"excerpt":"Liebe Freunde, aus Umweltgr\u00fcnden muss der Betrieb der Sendeanlage von RAE - die f\u00fcr die Sendungen auf 15.345 und 11.710 kHz eingesetzt wird - bis Ende dieses Jahres eingestellt werden und es ist noch nicht sicher, ob sie \u00fcberhaupt ersetzt wird, was die Einstellung der Sendungen auf diesen Frequenzen bedeuten\u2026","rel":"","context":"In &quot;Deutsch&quot;","block_context":{"text":"Deutsch","link":"https:\/\/www.achimbrueckner.de\/dxradio\/php\/wordpress\/?cat=1"},"img":{"alt_text":"","src":"","width":0,"height":0},"classes":[]},{"id":29221,"url":"https:\/\/www.achimbrueckner.de\/dxradio\/php\/wordpress\/?p=29221","url_meta":{"origin":32793,"position":3},"title":"Abschaltung Moosbrunn 2020","author":"Administrator","date":"June 29, 2020","format":false,"excerpt":"Die Leitung des Sendezentrums Moosbrunn teilt mir soeben Folgendes mit: \"Die Fake News einer Abschaltung 2020 wurde bereits 2015 von der Gemeinde Moosbrunn ohne R\u00fccksprache mit uns verbreitet. Seither ist sie nicht mehr wegzukriegen. Tatsache ist, dass kein Ende oder Abschaltung der Sendeanlage beabsichtigt ist. Wir freuen uns, bis auf\u2026","rel":"","context":"In &quot;Deutsch&quot;","block_context":{"text":"Deutsch","link":"https:\/\/www.achimbrueckner.de\/dxradio\/php\/wordpress\/?cat=1"},"img":{"alt_text":"","src":"","width":0,"height":0},"classes":[]},{"id":4170,"url":"https:\/\/www.achimbrueckner.de\/dxradio\/php\/wordpress\/?p=4170","url_meta":{"origin":32793,"position":4},"title":"Luxemburger Sendeanlage Marnach wird Ende 2015 stillgelegt","author":"Administrator","date":"March 4, 2015","format":false,"excerpt":"http:\/\/www.radioszene.de\/77566\/luxemburger-sendeanlage-marnach-wird-ende-2015-stillgelegt.html","rel":"","context":"In &quot;Deutsch&quot;","block_context":{"text":"Deutsch","link":"https:\/\/www.achimbrueckner.de\/dxradio\/php\/wordpress\/?cat=1"},"img":{"alt_text":"","src":"","width":0,"height":0},"classes":[]},{"id":3525,"url":"https:\/\/www.achimbrueckner.de\/dxradio\/php\/wordpress\/?p=3525","url_meta":{"origin":32793,"position":5},"title":"RTI Testsendung 15 September 2014","author":"Administrator","date":"September 13, 2014","format":false,"excerpt":"Liebe H\u00f6rerinnen und H\u00f6rer, RTI strahlt am 15. September 10-min\u00fctige Testsendungen (Kurzwelle und DRM) von der Sendeanlage in Tamsui in Taiwan aus. Wir w\u00fcrden uns \u00fcber Beobachtung und Empfangsberichte sehr freuen! Testsendungen: Montag, 15. September 2014 von 16:00 bis 16:10 UTC Frequenz 11665 kHz \u00fcber die Kurzwelle von der Sendeanlage\u2026","rel":"","context":"In &quot;Empfang&quot;","block_context":{"text":"Empfang","link":"https:\/\/www.achimbrueckner.de\/dxradio\/php\/wordpress\/?cat=3"},"img":{"alt_text":"","src":"","width":0,"height":0},"classes":[]}],"_links":{"self":[{"href":"https:\/\/www.achimbrueckner.de\/dxradio\/php\/wordpress\/index.php?rest_route=\/wp\/v2\/posts\/32793","targetHints":{"allow":["GET"]}}],"collection":[{"href":"https:\/\/www.achimbrueckner.de\/dxradio\/php\/wordpress\/index.php?rest_route=\/wp\/v2\/posts"}],"about":[{"href":"https:\/\/www.achimbrueckner.de\/dxradio\/php\/wordpress\/index.php?rest_route=\/wp\/v2\/types\/post"}],"author":[{"embeddable":true,"href":"https:\/\/www.achimbrueckner.de\/dxradio\/php\/wordpress\/index.php?rest_route=\/wp\/v2\/users\/1"}],"replies":[{"embeddable":true,"href":"https:\/\/www.achimbrueckner.de\/dxradio\/php\/wordpress\/index.php?rest_route=%2Fwp%2Fv2%2Fcomments&post=32793"}],"version-history":[{"count":0,"href":"https:\/\/www.achimbrueckner.de\/dxradio\/php\/wordpress\/index.php?rest_route=\/wp\/v2\/posts\/32793\/revisions"}],"wp:attachment":[{"href":"https:\/\/www.achimbrueckner.de\/dxradio\/php\/wordpress\/index.php?rest_route=%2Fwp%2Fv2%2Fmedia&parent=32793"}],"wp:term":[{"taxonomy":"category","embeddable":true,"href":"https:\/\/www.achimbrueckner.de\/dxradio\/php\/wordpress\/index.php?rest_route=%2Fwp%2Fv2%2Fcategories&post=32793"},{"taxonomy":"post_tag","embeddable":true,"href":"https:\/\/www.achimbrueckner.de\/dxradio\/php\/wordpress\/index.php?rest_route=%2Fwp%2Fv2%2Ftags&post=32793"}],"curies":[{"name":"wp","href":"https:\/\/api.w.org\/{rel}","templated":true}]}}