{"id":32848,"date":"2021-06-09T16:13:18","date_gmt":"2021-06-09T16:13:18","guid":{"rendered":"https:\/\/www.achimbrueckner.de\/dxradio\/php\/wordpress\/?p=32848"},"modified":"2021-06-09T16:13:18","modified_gmt":"2021-06-09T16:13:18","slug":"bezahlen-fur-news-wie-die-tech-branche-den-journalismus-starken-konnte","status":"publish","type":"post","link":"https:\/\/www.achimbrueckner.de\/dxradio\/php\/wordpress\/?p=32848","title":{"rendered":"Bezahlen f\u00fcr News: Wie die Tech-Branche den Journalismus st\u00e4rken k\u00f6nnte"},"content":{"rendered":"<p><a href=\"https:\/\/www.heise.de\/hintergrund\/Bezahlen-fuer-News-Wie-die-Tech-Branche-den-Journalismus-rekapitalisieren-koennte-6057244.html\" rel=\"noopener\" target=\"_blank\">https:\/\/www.heise.de\/hintergrund\/Bezahlen-fuer-News-Wie-die-Tech-Branche-den-Journalismus-rekapitalisieren-koennte-6057244.html<\/a><\/p>\n","protected":false},"excerpt":{"rendered":"<p>https:\/\/www.heise.de\/hintergrund\/Bezahlen-fuer-News-Wie-die-Tech-Branche-den-Journalismus-rekapitalisieren-koennte-6057244.html<\/p>\n","protected":false},"author":1,"featured_media":0,"comment_status":"closed","ping_status":"open","sticky":false,"template":"","format":"standard","meta":{"_jetpack_memberships_contains_paid_content":false,"footnotes":"","jetpack_publicize_message":"","jetpack_publicize_feature_enabled":true,"jetpack_social_post_already_shared":true,"jetpack_social_options":{"image_generator_settings":{"template":"highway","default_image_id":0,"font":"","enabled":false},"version":2}},"categories":[1],"tags":[],"class_list":["post-32848","post","type-post","status-publish","format-standard","hentry","category-deutsch"],"jetpack_publicize_connections":[],"jetpack_featured_media_url":"","jetpack_sharing_enabled":true,"jetpack_shortlink":"https:\/\/wp.me\/p5CDmr-8xO","jetpack-related-posts":[{"id":28013,"url":"https:\/\/www.achimbrueckner.de\/dxradio\/php\/wordpress\/?p=28013","url_meta":{"origin":32848,"position":0},"title":"Redaktionen in der Corona-Krise : Eine Branche zwischen Rekordzahlen und Kurzarbeit","author":"Administrator","date":"April 6, 2020","format":false,"excerpt":"https:\/\/www.sueddeutsche.de\/medien\/journalismus-corona-krise-1.4869935","rel":"","context":"In &quot;Deutsch&quot;","block_context":{"text":"Deutsch","link":"https:\/\/www.achimbrueckner.de\/dxradio\/php\/wordpress\/?cat=1"},"img":{"alt_text":"","src":"","width":0,"height":0},"classes":[]},{"id":24277,"url":"https:\/\/www.achimbrueckner.de\/dxradio\/php\/wordpress\/?p=24277","url_meta":{"origin":32848,"position":1},"title":"Wie das Internet den Journalismus verflacht","author":"Administrator","date":"August 16, 2019","format":false,"excerpt":"https:\/\/blog.wdr.de\/digitalistan\/wie-twitter-und-co-der-journalismus-veraendert\/","rel":"","context":"In &quot;Deutsch&quot;","block_context":{"text":"Deutsch","link":"https:\/\/www.achimbrueckner.de\/dxradio\/php\/wordpress\/?cat=1"},"img":{"alt_text":"","src":"","width":0,"height":0},"classes":[]},{"id":30348,"url":"https:\/\/www.achimbrueckner.de\/dxradio\/php\/wordpress\/?p=30348","url_meta":{"origin":32848,"position":2},"title":"\u00abWir wollen nicht den Journalismus retten. Wir wollen einen neuen Journalismus schaffen.\u00bb","author":"Administrator","date":"October 7, 2020","format":false,"excerpt":"https:\/\/medienwoche.ch\/2020\/10\/07\/wir-wollen-nicht-den-journalismus-retten-wir-wollen-einen-neuen-journalismus-schaffen\/","rel":"","context":"In &quot;Deutsch&quot;","block_context":{"text":"Deutsch","link":"https:\/\/www.achimbrueckner.de\/dxradio\/php\/wordpress\/?cat=1"},"img":{"alt_text":"","src":"","width":0,"height":0},"classes":[]},{"id":37931,"url":"https:\/\/www.achimbrueckner.de\/dxradio\/php\/wordpress\/?p=37931","url_meta":{"origin":32848,"position":3},"title":"K\u00fcnstliche Intelligenz bei Tamedia  Wie Algorithmen unseren Journalismus unterst\u00fctzen","author":"Administrator","date":"November 14, 2022","format":false,"excerpt":"https:\/\/www.tagesanzeiger.ch\/wie-algorithmen-unseren-journalismus-unterstuetzen-623598173629","rel":"","context":"In &quot;Deutsch&quot;","block_context":{"text":"Deutsch","link":"https:\/\/www.achimbrueckner.de\/dxradio\/php\/wordpress\/?cat=1"},"img":{"alt_text":"","src":"","width":0,"height":0},"classes":[]},{"id":21528,"url":"https:\/\/www.achimbrueckner.de\/dxradio\/php\/wordpress\/?p=21528","url_meta":{"origin":32848,"position":4},"title":"Wie ein schwedischer Verlag mit Robo-Journalismus dauerhaft Digitalabonnenten gewinnt","author":"Administrator","date":"February 12, 2019","format":false,"excerpt":"https:\/\/meedia.de\/2019\/02\/12\/wie-ein-schwedischer-verlag-mit-robo-journalismus-dauerhaft-digitalabonnenten-gewinnt\/","rel":"","context":"In &quot;Deutsch&quot;","block_context":{"text":"Deutsch","link":"https:\/\/www.achimbrueckner.de\/dxradio\/php\/wordpress\/?cat=1"},"img":{"alt_text":"","src":"","width":0,"height":0},"classes":[]},{"id":27855,"url":"https:\/\/www.achimbrueckner.de\/dxradio\/php\/wordpress\/?p=27855","url_meta":{"origin":32848,"position":5},"title":"Medien und die Corona-Pandemie \u2013 wie gut ist der deutsche Journalismus?","author":"Administrator","date":"March 30, 2020","format":false,"excerpt":"https:\/\/www.deutschlandfunk.de\/covid-19-medien-und-die-corona-pandemie-wie-gut-ist-der.1939.de.html?drn:news_id=1115404","rel":"","context":"In &quot;Deutsch&quot;","block_context":{"text":"Deutsch","link":"https:\/\/www.achimbrueckner.de\/dxradio\/php\/wordpress\/?cat=1"},"img":{"alt_text":"","src":"","width":0,"height":0},"classes":[]}],"_links":{"self":[{"href":"https:\/\/www.achimbrueckner.de\/dxradio\/php\/wordpress\/index.php?rest_route=\/wp\/v2\/posts\/32848","targetHints":{"allow":["GET"]}}],"collection":[{"href":"https:\/\/www.achimbrueckner.de\/dxradio\/php\/wordpress\/index.php?rest_route=\/wp\/v2\/posts"}],"about":[{"href":"https:\/\/www.achimbrueckner.de\/dxradio\/php\/wordpress\/index.php?rest_route=\/wp\/v2\/types\/post"}],"author":[{"embeddable":true,"href":"https:\/\/www.achimbrueckner.de\/dxradio\/php\/wordpress\/index.php?rest_route=\/wp\/v2\/users\/1"}],"replies":[{"embeddable":true,"href":"https:\/\/www.achimbrueckner.de\/dxradio\/php\/wordpress\/index.php?rest_route=%2Fwp%2Fv2%2Fcomments&post=32848"}],"version-history":[{"count":0,"href":"https:\/\/www.achimbrueckner.de\/dxradio\/php\/wordpress\/index.php?rest_route=\/wp\/v2\/posts\/32848\/revisions"}],"wp:attachment":[{"href":"https:\/\/www.achimbrueckner.de\/dxradio\/php\/wordpress\/index.php?rest_route=%2Fwp%2Fv2%2Fmedia&parent=32848"}],"wp:term":[{"taxonomy":"category","embeddable":true,"href":"https:\/\/www.achimbrueckner.de\/dxradio\/php\/wordpress\/index.php?rest_route=%2Fwp%2Fv2%2Fcategories&post=32848"},{"taxonomy":"post_tag","embeddable":true,"href":"https:\/\/www.achimbrueckner.de\/dxradio\/php\/wordpress\/index.php?rest_route=%2Fwp%2Fv2%2Ftags&post=32848"}],"curies":[{"name":"wp","href":"https:\/\/api.w.org\/{rel}","templated":true}]}}