{"id":32858,"date":"2021-06-13T12:44:57","date_gmt":"2021-06-13T12:44:57","guid":{"rendered":"https:\/\/www.achimbrueckner.de\/dxradio\/php\/wordpress\/?p=32858"},"modified":"2021-06-13T12:44:57","modified_gmt":"2021-06-13T12:44:57","slug":"innovativ-drohne-checkt-ors-senderanlage","status":"publish","type":"post","link":"https:\/\/www.achimbrueckner.de\/dxradio\/php\/wordpress\/?p=32858","title":{"rendered":"INNOVATIV: DROHNE CHECKT ORS-SENDERANLAGE"},"content":{"rendered":"<p><a href=\"https:\/\/www.ors.at\/de\/tech-blog\/blogartikel\/innovativ-drohne-checkt-ors-senderanlage-525\/\" rel=\"noopener\" target=\"_blank\">https:\/\/www.ors.at\/de\/tech-blog\/blogartikel\/innovativ-drohne-checkt-ors-senderanlage-525\/<\/a><\/p>\n","protected":false},"excerpt":{"rendered":"<p>https:\/\/www.ors.at\/de\/tech-blog\/blogartikel\/innovativ-drohne-checkt-ors-senderanlage-525\/<\/p>\n","protected":false},"author":1,"featured_media":0,"comment_status":"closed","ping_status":"open","sticky":false,"template":"","format":"standard","meta":{"_jetpack_memberships_contains_paid_content":false,"footnotes":"","jetpack_publicize_message":"","jetpack_publicize_feature_enabled":true,"jetpack_social_post_already_shared":true,"jetpack_social_options":{"image_generator_settings":{"template":"highway","default_image_id":0,"font":"","enabled":false},"version":2}},"categories":[1],"tags":[],"class_list":["post-32858","post","type-post","status-publish","format-standard","hentry","category-deutsch"],"jetpack_publicize_connections":[],"jetpack_featured_media_url":"","jetpack_sharing_enabled":true,"jetpack_shortlink":"https:\/\/wp.me\/p5CDmr-8xY","jetpack-related-posts":[{"id":27730,"url":"https:\/\/www.achimbrueckner.de\/dxradio\/php\/wordpress\/?p=27730","url_meta":{"origin":32858,"position":0},"title":"14 TAGE ARBEITEN UND WOHNEN IM ORF ZENTRUM","author":"Administrator","date":"March 24, 2020","format":false,"excerpt":"https:\/\/www.ors.at\/de\/tech-blog\/blogartikel\/14-tage-arbeiten-und-wohnen-im-orf-zentrum-465\/","rel":"","context":"In &quot;Deutsch&quot;","block_context":{"text":"Deutsch","link":"https:\/\/www.achimbrueckner.de\/dxradio\/php\/wordpress\/?cat=1"},"img":{"alt_text":"","src":"","width":0,"height":0},"classes":[]},{"id":33960,"url":"https:\/\/www.achimbrueckner.de\/dxradio\/php\/wordpress\/?p=33960","url_meta":{"origin":32858,"position":1},"title":"RADIO-VERSORGUNG F\u00dcR DIE STEIERMARK: NEUE UKW-SENDEGER\u00c4TE AM SCH\u00d6CKL","author":"Administrator","date":"November 5, 2021","format":false,"excerpt":"https:\/\/www.ors.at\/de\/tech-blog\/blogartikel\/radio-versorgung-fuer-die-steiermark-neue-ukw-sendegeraete-am-schoeckl-549\/","rel":"","context":"In &quot;Deutsch&quot;","block_context":{"text":"Deutsch","link":"https:\/\/www.achimbrueckner.de\/dxradio\/php\/wordpress\/?cat=1"},"img":{"alt_text":"","src":"","width":0,"height":0},"classes":[]},{"id":10804,"url":"https:\/\/www.achimbrueckner.de\/dxradio\/php\/wordpress\/?p=10804","url_meta":{"origin":32858,"position":2},"title":"\u00d6sterreich: ABSCHALTUNG DER ANALOGEN UKW-VERBREITUNG \u00dcBER KABELNETZE","author":"Administrator","date":"October 21, 2016","format":false,"excerpt":"http:\/\/www.ors.at\/de\/tech-blog\/blogartikel\/abschaltung-der-analogen-ukw-verbreitung-ueber-kabelnetze-409\/","rel":"","context":"In &quot;Deutsch&quot;","block_context":{"text":"Deutsch","link":"https:\/\/www.achimbrueckner.de\/dxradio\/php\/wordpress\/?cat=1"},"img":{"alt_text":"","src":"","width":0,"height":0},"classes":[]},{"id":39873,"url":"https:\/\/www.achimbrueckner.de\/dxradio\/php\/wordpress\/?p=39873","url_meta":{"origin":32858,"position":3},"title":"Kurzwellen-Radio der ORS \u2013 weltweit bew\u00e4hrt","author":"Administrator","date":"July 19, 2023","format":false,"excerpt":"https:\/\/www.ors.at\/radio\/kurzwelle\/","rel":"","context":"In &quot;Deutsch&quot;","block_context":{"text":"Deutsch","link":"https:\/\/www.achimbrueckner.de\/dxradio\/php\/wordpress\/?cat=1"},"img":{"alt_text":"","src":"","width":0,"height":0},"classes":[]},{"id":22240,"url":"https:\/\/www.achimbrueckner.de\/dxradio\/php\/wordpress\/?p=22240","url_meta":{"origin":32858,"position":4},"title":"Kampf gegen Desinformation dpa checkt f\u00fcr \u2013 und will weiterhin kritisch \u00fcber Facebook berichten","author":"Administrator","date":"March 19, 2019","format":false,"excerpt":"https:\/\/www.deutschlandfunk.de\/kampf-gegen-desinformation-dpa-checkt-fuer-und-will.2907.de.html?dram:article_id=444005","rel":"","context":"In &quot;Deutsch&quot;","block_context":{"text":"Deutsch","link":"https:\/\/www.achimbrueckner.de\/dxradio\/php\/wordpress\/?cat=1"},"img":{"alt_text":"","src":"","width":0,"height":0},"classes":[]},{"id":4253,"url":"https:\/\/www.achimbrueckner.de\/dxradio\/php\/wordpress\/?p=4253","url_meta":{"origin":32858,"position":5},"title":"Abw\u00e4rme der Senderanlage effizient genutzt","author":"Administrator","date":"March 21, 2015","format":false,"excerpt":"http:\/\/www.pr-grosse.de\/presse\/tecalor\/726-072014-abwaerme-der-senderanlage-effizient-genutzt","rel":"","context":"In &quot;Deutsch&quot;","block_context":{"text":"Deutsch","link":"https:\/\/www.achimbrueckner.de\/dxradio\/php\/wordpress\/?cat=1"},"img":{"alt_text":"","src":"","width":0,"height":0},"classes":[]}],"_links":{"self":[{"href":"https:\/\/www.achimbrueckner.de\/dxradio\/php\/wordpress\/index.php?rest_route=\/wp\/v2\/posts\/32858","targetHints":{"allow":["GET"]}}],"collection":[{"href":"https:\/\/www.achimbrueckner.de\/dxradio\/php\/wordpress\/index.php?rest_route=\/wp\/v2\/posts"}],"about":[{"href":"https:\/\/www.achimbrueckner.de\/dxradio\/php\/wordpress\/index.php?rest_route=\/wp\/v2\/types\/post"}],"author":[{"embeddable":true,"href":"https:\/\/www.achimbrueckner.de\/dxradio\/php\/wordpress\/index.php?rest_route=\/wp\/v2\/users\/1"}],"replies":[{"embeddable":true,"href":"https:\/\/www.achimbrueckner.de\/dxradio\/php\/wordpress\/index.php?rest_route=%2Fwp%2Fv2%2Fcomments&post=32858"}],"version-history":[{"count":0,"href":"https:\/\/www.achimbrueckner.de\/dxradio\/php\/wordpress\/index.php?rest_route=\/wp\/v2\/posts\/32858\/revisions"}],"wp:attachment":[{"href":"https:\/\/www.achimbrueckner.de\/dxradio\/php\/wordpress\/index.php?rest_route=%2Fwp%2Fv2%2Fmedia&parent=32858"}],"wp:term":[{"taxonomy":"category","embeddable":true,"href":"https:\/\/www.achimbrueckner.de\/dxradio\/php\/wordpress\/index.php?rest_route=%2Fwp%2Fv2%2Fcategories&post=32858"},{"taxonomy":"post_tag","embeddable":true,"href":"https:\/\/www.achimbrueckner.de\/dxradio\/php\/wordpress\/index.php?rest_route=%2Fwp%2Fv2%2Ftags&post=32858"}],"curies":[{"name":"wp","href":"https:\/\/api.w.org\/{rel}","templated":true}]}}