{"id":32866,"date":"2021-06-13T16:26:18","date_gmt":"2021-06-13T16:26:18","guid":{"rendered":"https:\/\/www.achimbrueckner.de\/dxradio\/php\/wordpress\/?p=32866"},"modified":"2021-06-13T16:26:18","modified_gmt":"2021-06-13T16:26:18","slug":"fire-hd-10-plus-im-test-gute-technik-mit-kleinen-schwachen","status":"publish","type":"post","link":"https:\/\/www.achimbrueckner.de\/dxradio\/php\/wordpress\/?p=32866","title":{"rendered":"Fire HD 10 Plus im Test: Gute Technik mit kleinen Schw\u00e4chen"},"content":{"rendered":"<p><a href=\"https:\/\/www.teltarif.de\/amazon-fire-hd-10-plus-test-tastatur-ladestation\/news\/84785.html\" rel=\"noopener\" target=\"_blank\">https:\/\/www.teltarif.de\/amazon-fire-hd-10-plus-test-tastatur-ladestation\/news\/84785.html<\/a><\/p>\n","protected":false},"excerpt":{"rendered":"<p>https:\/\/www.teltarif.de\/amazon-fire-hd-10-plus-test-tastatur-ladestation\/news\/84785.html<\/p>\n","protected":false},"author":1,"featured_media":0,"comment_status":"closed","ping_status":"open","sticky":false,"template":"","format":"standard","meta":{"_jetpack_memberships_contains_paid_content":false,"footnotes":"","jetpack_publicize_message":"","jetpack_publicize_feature_enabled":true,"jetpack_social_post_already_shared":true,"jetpack_social_options":{"image_generator_settings":{"template":"highway","default_image_id":0,"font":"","enabled":false},"version":2}},"categories":[1],"tags":[24],"class_list":["post-32866","post","type-post","status-publish","format-standard","hentry","category-deutsch","tag-am"],"jetpack_publicize_connections":[],"jetpack_featured_media_url":"","jetpack_sharing_enabled":true,"jetpack_shortlink":"https:\/\/wp.me\/p5CDmr-8y6","jetpack-related-posts":[{"id":45465,"url":"https:\/\/www.achimbrueckner.de\/dxradio\/php\/wordpress\/?p=45465","url_meta":{"origin":32866,"position":0},"title":"Fire TV Stick HD Amazons neues Streaming-Ger\u00e4t hat viele Nachteile","author":"Administrator","date":"April 16, 2026","format":false,"excerpt":"https:\/\/www.golem.de\/news\/fire-tv-stick-hd-amazons-neues-streaming-geraet-hat-viele-nachteile-2604-207619.html","rel":"","context":"In &quot;Deutsch&quot;","block_context":{"text":"Deutsch","link":"https:\/\/www.achimbrueckner.de\/dxradio\/php\/wordpress\/?cat=1"},"img":{"alt_text":"","src":"","width":0,"height":0},"classes":[]},{"id":19819,"url":"https:\/\/www.achimbrueckner.de\/dxradio\/php\/wordpress\/?p=19819","url_meta":{"origin":32866,"position":1},"title":"HD-Radio auf Mittelwelle im kurzen Test","author":"Administrator","date":"October 29, 2018","format":false,"excerpt":"https:\/\/www.smartphonefan.de\/2018\/10\/29\/hd-radio-auf-mittelwelle-im-kurzen-test\/","rel":"","context":"In &quot;Deutsch&quot;","block_context":{"text":"Deutsch","link":"https:\/\/www.achimbrueckner.de\/dxradio\/php\/wordpress\/?cat=1"},"img":{"alt_text":"","src":"","width":0,"height":0},"classes":[]},{"id":38026,"url":"https:\/\/www.achimbrueckner.de\/dxradio\/php\/wordpress\/?p=38026","url_meta":{"origin":32866,"position":2},"title":"HD+ sendet Servus TV-Inhalte in UHD","author":"Administrator","date":"November 26, 2022","format":false,"excerpt":"https:\/\/www.digitalfernsehen.de\/top-news\/hd-plus-servus-tv-uhd-947797\/","rel":"","context":"In &quot;Deutsch&quot;","block_context":{"text":"Deutsch","link":"https:\/\/www.achimbrueckner.de\/dxradio\/php\/wordpress\/?cat=1"},"img":{"alt_text":"","src":"","width":0,"height":0},"classes":[]},{"id":16034,"url":"https:\/\/www.achimbrueckner.de\/dxradio\/php\/wordpress\/?p=16034","url_meta":{"origin":32866,"position":3},"title":"Das war 2017 bei DAB+ und DVB-T2 HD","author":"Administrator","date":"December 29, 2017","format":false,"excerpt":"https:\/\/www.teltarif.de\/dab-plus-dvb-t2-hd-jahresrueckblick\/news\/71167.html","rel":"","context":"In &quot;Deutsch&quot;","block_context":{"text":"Deutsch","link":"https:\/\/www.achimbrueckner.de\/dxradio\/php\/wordpress\/?cat=1"},"img":{"alt_text":"","src":"","width":0,"height":0},"classes":[]},{"id":5543,"url":"https:\/\/www.achimbrueckner.de\/dxradio\/php\/wordpress\/?p=5543","url_meta":{"origin":32866,"position":4},"title":"Vorbereitung f\u00fcr das neue DVB-T2 HD: WDR und MEDIA BROADCAST starten gemeinsamen Test f\u00fcr hochaufl\u00f6sendes Antennenfernsehen","author":"Administrator","date":"August 13, 2015","format":false,"excerpt":"http:\/\/www.presseportal.de\/pm\/7899\/3096284","rel":"","context":"In &quot;Deutsch&quot;","block_context":{"text":"Deutsch","link":"https:\/\/www.achimbrueckner.de\/dxradio\/php\/wordpress\/?cat=1"},"img":{"alt_text":"","src":"","width":0,"height":0},"classes":[]},{"id":31749,"url":"https:\/\/www.achimbrueckner.de\/dxradio\/php\/wordpress\/?p=31749","url_meta":{"origin":32866,"position":5},"title":"FIRE TV UND GOOGLE CHROMECAST: Am Ende schauen alle das Gleiche","author":"Administrator","date":"January 19, 2021","format":false,"excerpt":"https:\/\/www.faz.net\/aktuell\/technik-motor\/digital\/amazon-fire-tv-und-google-chromecast-im-test-17150012.html","rel":"","context":"In &quot;Deutsch&quot;","block_context":{"text":"Deutsch","link":"https:\/\/www.achimbrueckner.de\/dxradio\/php\/wordpress\/?cat=1"},"img":{"alt_text":"","src":"","width":0,"height":0},"classes":[]}],"_links":{"self":[{"href":"https:\/\/www.achimbrueckner.de\/dxradio\/php\/wordpress\/index.php?rest_route=\/wp\/v2\/posts\/32866","targetHints":{"allow":["GET"]}}],"collection":[{"href":"https:\/\/www.achimbrueckner.de\/dxradio\/php\/wordpress\/index.php?rest_route=\/wp\/v2\/posts"}],"about":[{"href":"https:\/\/www.achimbrueckner.de\/dxradio\/php\/wordpress\/index.php?rest_route=\/wp\/v2\/types\/post"}],"author":[{"embeddable":true,"href":"https:\/\/www.achimbrueckner.de\/dxradio\/php\/wordpress\/index.php?rest_route=\/wp\/v2\/users\/1"}],"replies":[{"embeddable":true,"href":"https:\/\/www.achimbrueckner.de\/dxradio\/php\/wordpress\/index.php?rest_route=%2Fwp%2Fv2%2Fcomments&post=32866"}],"version-history":[{"count":0,"href":"https:\/\/www.achimbrueckner.de\/dxradio\/php\/wordpress\/index.php?rest_route=\/wp\/v2\/posts\/32866\/revisions"}],"wp:attachment":[{"href":"https:\/\/www.achimbrueckner.de\/dxradio\/php\/wordpress\/index.php?rest_route=%2Fwp%2Fv2%2Fmedia&parent=32866"}],"wp:term":[{"taxonomy":"category","embeddable":true,"href":"https:\/\/www.achimbrueckner.de\/dxradio\/php\/wordpress\/index.php?rest_route=%2Fwp%2Fv2%2Fcategories&post=32866"},{"taxonomy":"post_tag","embeddable":true,"href":"https:\/\/www.achimbrueckner.de\/dxradio\/php\/wordpress\/index.php?rest_route=%2Fwp%2Fv2%2Ftags&post=32866"}],"curies":[{"name":"wp","href":"https:\/\/api.w.org\/{rel}","templated":true}]}}