{"id":32911,"date":"2021-06-20T14:26:06","date_gmt":"2021-06-20T14:26:06","guid":{"rendered":"https:\/\/www.achimbrueckner.de\/dxradio\/php\/wordpress\/?p=32911"},"modified":"2021-06-20T14:26:06","modified_gmt":"2021-06-20T14:26:06","slug":"danemark-dab-kapazitaten-in-12-regionen-ausgeschrieben","status":"publish","type":"post","link":"https:\/\/www.achimbrueckner.de\/dxradio\/php\/wordpress\/?p=32911","title":{"rendered":"D\u00e4nemark: DAB+ Kapazit\u00e4ten in 12 Regionen ausgeschrieben"},"content":{"rendered":"<p><a href=\"https:\/\/www.radiowoche.de\/daenemark-dab-kapazitaeten-in-12-regionen-ausgeschrieben\/\" rel=\"noopener\" target=\"_blank\">https:\/\/www.radiowoche.de\/daenemark-dab-kapazitaeten-in-12-regionen-ausgeschrieben\/<\/a><\/p>\n","protected":false},"excerpt":{"rendered":"<p>https:\/\/www.radiowoche.de\/daenemark-dab-kapazitaeten-in-12-regionen-ausgeschrieben\/<\/p>\n","protected":false},"author":1,"featured_media":0,"comment_status":"closed","ping_status":"open","sticky":false,"template":"","format":"standard","meta":{"_jetpack_memberships_contains_paid_content":false,"footnotes":"","jetpack_publicize_message":"","jetpack_publicize_feature_enabled":true,"jetpack_social_post_already_shared":true,"jetpack_social_options":{"image_generator_settings":{"template":"highway","default_image_id":0,"font":"","enabled":false},"version":2}},"categories":[1],"tags":[31],"class_list":["post-32911","post","type-post","status-publish","format-standard","hentry","category-deutsch","tag-dab"],"jetpack_publicize_connections":[],"jetpack_featured_media_url":"","jetpack_sharing_enabled":true,"jetpack_shortlink":"https:\/\/wp.me\/p5CDmr-8yP","jetpack-related-posts":[{"id":20396,"url":"https:\/\/www.achimbrueckner.de\/dxradio\/php\/wordpress\/?p=20396","url_meta":{"origin":32911,"position":0},"title":"Streit um DAB+ Multiplex: Zweiter DAB+ Bundesmux soll neu ausgeschrieben werden","author":"Administrator","date":"December 14, 2018","format":false,"excerpt":"https:\/\/www.infosat.de\/radio\/streit-um-dab-multiplex-zweiter-dab-bundesmux-soll-neu-ausgeschrieben-werden","rel":"","context":"In &quot;Deutsch&quot;","block_context":{"text":"Deutsch","link":"https:\/\/www.achimbrueckner.de\/dxradio\/php\/wordpress\/?cat=1"},"img":{"alt_text":"","src":"","width":0,"height":0},"classes":[]},{"id":32603,"url":"https:\/\/www.achimbrueckner.de\/dxradio\/php\/wordpress\/?p=32603","url_meta":{"origin":32911,"position":1},"title":"DAB+: Plattform-Mux f\u00fcr nichtkommerzielle Radios in Rostock ausgeschrieben","author":"Administrator","date":"May 1, 2021","format":false,"excerpt":"https:\/\/www.radiowoche.de\/dab-plattform-mux-fuer-nichtkommerzielle-radios-in-rostock-ausgeschrieben\/","rel":"","context":"In &quot;Deutsch&quot;","block_context":{"text":"Deutsch","link":"https:\/\/www.achimbrueckner.de\/dxradio\/php\/wordpress\/?cat=1"},"img":{"alt_text":"","src":"","width":0,"height":0},"classes":[]},{"id":8730,"url":"https:\/\/www.achimbrueckner.de\/dxradio\/php\/wordpress\/?p=8730","url_meta":{"origin":32911,"position":2},"title":"Kapazit\u00e4t f\u00fcr landesweite DAB + Radioverbreitung in Baden-W\u00fcrttemberg ausgeschrieben","author":"Administrator","date":"July 6, 2016","format":false,"excerpt":"http:\/\/www.radiowoche.de\/kapazitaet-fuer-landesweite-dab-radioverbreitung-in-baden-wuerttemberg-ausgeschrieben\/","rel":"","context":"In &quot;Deutsch&quot;","block_context":{"text":"Deutsch","link":"https:\/\/www.achimbrueckner.de\/dxradio\/php\/wordpress\/?cat=1"},"img":{"alt_text":"","src":"","width":0,"height":0},"classes":[]},{"id":35664,"url":"https:\/\/www.achimbrueckner.de\/dxradio\/php\/wordpress\/?p=35664","url_meta":{"origin":32911,"position":3},"title":"DAB+-Regelbetrieb in Schleswig-Holstein ausgeschrieben","author":"Administrator","date":"April 9, 2022","format":false,"excerpt":"https:\/\/www.radiowoche.de\/dab-regelbetrieb-in-schleswig-holstein-ausgeschrieben\/","rel":"","context":"In &quot;Deutsch&quot;","block_context":{"text":"Deutsch","link":"https:\/\/www.achimbrueckner.de\/dxradio\/php\/wordpress\/?cat=1"},"img":{"alt_text":"","src":"","width":0,"height":0},"classes":[]},{"id":40831,"url":"https:\/\/www.achimbrueckner.de\/dxradio\/php\/wordpress\/?p=40831","url_meta":{"origin":32911,"position":4},"title":"Landesweiter DAB+ Sendeplatz in Baden-W\u00fcrttemberg ausgeschrieben","author":"Administrator","date":"January 21, 2024","format":false,"excerpt":"https:\/\/www.radiowoche.de\/landesweiter-dab-sendeplatz-in-baden-wuerttemberg-ausgeschrieben\/","rel":"","context":"In &quot;Deutsch&quot;","block_context":{"text":"Deutsch","link":"https:\/\/www.achimbrueckner.de\/dxradio\/php\/wordpress\/?cat=1"},"img":{"alt_text":"","src":"","width":0,"height":0},"classes":[]},{"id":43354,"url":"https:\/\/www.achimbrueckner.de\/dxradio\/php\/wordpress\/?p=43354","url_meta":{"origin":32911,"position":5},"title":"DAB+ Kapazit\u00e4ten von egoFM werden neu ausgeschrieben","author":"Administrator","date":"July 22, 2025","format":false,"excerpt":"https:\/\/www.radioblog.eu\/2025\/07\/22\/dab-kapazitaeten-von-egofm-werden-neu-ausgeschrieben\/","rel":"","context":"In &quot;Deutsch&quot;","block_context":{"text":"Deutsch","link":"https:\/\/www.achimbrueckner.de\/dxradio\/php\/wordpress\/?cat=1"},"img":{"alt_text":"","src":"","width":0,"height":0},"classes":[]}],"_links":{"self":[{"href":"https:\/\/www.achimbrueckner.de\/dxradio\/php\/wordpress\/index.php?rest_route=\/wp\/v2\/posts\/32911","targetHints":{"allow":["GET"]}}],"collection":[{"href":"https:\/\/www.achimbrueckner.de\/dxradio\/php\/wordpress\/index.php?rest_route=\/wp\/v2\/posts"}],"about":[{"href":"https:\/\/www.achimbrueckner.de\/dxradio\/php\/wordpress\/index.php?rest_route=\/wp\/v2\/types\/post"}],"author":[{"embeddable":true,"href":"https:\/\/www.achimbrueckner.de\/dxradio\/php\/wordpress\/index.php?rest_route=\/wp\/v2\/users\/1"}],"replies":[{"embeddable":true,"href":"https:\/\/www.achimbrueckner.de\/dxradio\/php\/wordpress\/index.php?rest_route=%2Fwp%2Fv2%2Fcomments&post=32911"}],"version-history":[{"count":0,"href":"https:\/\/www.achimbrueckner.de\/dxradio\/php\/wordpress\/index.php?rest_route=\/wp\/v2\/posts\/32911\/revisions"}],"wp:attachment":[{"href":"https:\/\/www.achimbrueckner.de\/dxradio\/php\/wordpress\/index.php?rest_route=%2Fwp%2Fv2%2Fmedia&parent=32911"}],"wp:term":[{"taxonomy":"category","embeddable":true,"href":"https:\/\/www.achimbrueckner.de\/dxradio\/php\/wordpress\/index.php?rest_route=%2Fwp%2Fv2%2Fcategories&post=32911"},{"taxonomy":"post_tag","embeddable":true,"href":"https:\/\/www.achimbrueckner.de\/dxradio\/php\/wordpress\/index.php?rest_route=%2Fwp%2Fv2%2Ftags&post=32911"}],"curies":[{"name":"wp","href":"https:\/\/api.w.org\/{rel}","templated":true}]}}