{"id":32922,"date":"2021-06-23T15:00:41","date_gmt":"2021-06-23T15:00:41","guid":{"rendered":"https:\/\/www.achimbrueckner.de\/dxradio\/php\/wordpress\/?p=32922"},"modified":"2021-06-23T15:00:41","modified_gmt":"2021-06-23T15:00:41","slug":"giuseppe-scaglione-eine-branche-die-keine-innovationen-hervorbringt-ist-irgendwann-tot","status":"publish","type":"post","link":"https:\/\/www.achimbrueckner.de\/dxradio\/php\/wordpress\/?p=32922","title":{"rendered":"Giuseppe Scaglione: \u00abEine Branche, die keine Innovationen hervorbringt, ist irgendwann tot.\u00bb"},"content":{"rendered":"<p><a href=\"https:\/\/medienwoche.ch\/2021\/06\/22\/eine-branche-die-keine-innovationen-hervorbringt-ist-irgendwann-tot\/\" rel=\"noopener\" target=\"_blank\">https:\/\/medienwoche.ch\/2021\/06\/22\/eine-branche-die-keine-innovationen-hervorbringt-ist-irgendwann-tot\/<\/a><\/p>\n","protected":false},"excerpt":{"rendered":"<p>https:\/\/medienwoche.ch\/2021\/06\/22\/eine-branche-die-keine-innovationen-hervorbringt-ist-irgendwann-tot\/<\/p>\n","protected":false},"author":1,"featured_media":0,"comment_status":"closed","ping_status":"open","sticky":false,"template":"","format":"standard","meta":{"_jetpack_memberships_contains_paid_content":false,"footnotes":"","jetpack_publicize_message":"","jetpack_publicize_feature_enabled":true,"jetpack_social_post_already_shared":true,"jetpack_social_options":{"image_generator_settings":{"template":"highway","default_image_id":0,"font":"","enabled":false},"version":2}},"categories":[1,15],"tags":[45],"class_list":["post-32922","post","type-post","status-publish","format-standard","hentry","category-deutsch","category-medien","tag-medien"],"jetpack_publicize_connections":[],"jetpack_featured_media_url":"","jetpack_sharing_enabled":true,"jetpack_shortlink":"https:\/\/wp.me\/p5CDmr-8z0","jetpack-related-posts":[{"id":21704,"url":"https:\/\/www.achimbrueckner.de\/dxradio\/php\/wordpress\/?p=21704","url_meta":{"origin":32922,"position":0},"title":"Medien im Ruhrgebiet Wo bleiben die Innovationen im Lokaljournalismus?","author":"Administrator","date":"February 18, 2019","format":false,"excerpt":"https:\/\/www.deutschlandfunk.de\/medien-im-ruhrgebiet-wo-bleiben-die-innovationen-im.2907.de.html?dram:article_id=441364","rel":"","context":"In &quot;Deutsch&quot;","block_context":{"text":"Deutsch","link":"https:\/\/www.achimbrueckner.de\/dxradio\/php\/wordpress\/?cat=1"},"img":{"alt_text":"","src":"","width":0,"height":0},"classes":[]},{"id":26167,"url":"https:\/\/www.achimbrueckner.de\/dxradio\/php\/wordpress\/?p=26167","url_meta":{"origin":32922,"position":1},"title":"Mehr Geld f\u00fcr Audio: Medienanstalt NRW f\u00f6rdert k\u00fcnftig Audio-Innovationen","author":"Administrator","date":"December 13, 2019","format":false,"excerpt":"http:\/\/www.radiowoche.de\/mehr-geld-fuer-audio-medienanstalt-nrw-foerdert-kuenftig-audio-innovationen\/","rel":"","context":"In &quot;audio&quot;","block_context":{"text":"audio","link":"https:\/\/www.achimbrueckner.de\/dxradio\/php\/wordpress\/?cat=47"},"img":{"alt_text":"","src":"","width":0,"height":0},"classes":[]},{"id":8496,"url":"https:\/\/www.achimbrueckner.de\/dxradio\/php\/wordpress\/?p=8496","url_meta":{"origin":32922,"position":2},"title":"Keine Entscheidung ist eine Entscheidung","author":"Administrator","date":"June 12, 2016","format":false,"excerpt":"http:\/\/www.badische-zeitung.de\/computer-medien-1\/keine-entscheidung-ist-eine-entscheidung--122955647.html","rel":"","context":"In &quot;Deutsch&quot;","block_context":{"text":"Deutsch","link":"https:\/\/www.achimbrueckner.de\/dxradio\/php\/wordpress\/?cat=1"},"img":{"alt_text":"","src":"","width":0,"height":0},"classes":[]},{"id":24158,"url":"https:\/\/www.achimbrueckner.de\/dxradio\/php\/wordpress\/?p=24158","url_meta":{"origin":32922,"position":3},"title":"Wie DAB+ die Branche spaltet","author":"Administrator","date":"August 8, 2019","format":false,"excerpt":"https:\/\/www.horizont.net\/medien\/nachrichten\/digitalradio-wie-dab-die-branche-spaltet-176610","rel":"","context":"In &quot;Deutsch&quot;","block_context":{"text":"Deutsch","link":"https:\/\/www.achimbrueckner.de\/dxradio\/php\/wordpress\/?cat=1"},"img":{"alt_text":"","src":"","width":0,"height":0},"classes":[]},{"id":28013,"url":"https:\/\/www.achimbrueckner.de\/dxradio\/php\/wordpress\/?p=28013","url_meta":{"origin":32922,"position":4},"title":"Redaktionen in der Corona-Krise : Eine Branche zwischen Rekordzahlen und Kurzarbeit","author":"Administrator","date":"April 6, 2020","format":false,"excerpt":"https:\/\/www.sueddeutsche.de\/medien\/journalismus-corona-krise-1.4869935","rel":"","context":"In &quot;Deutsch&quot;","block_context":{"text":"Deutsch","link":"https:\/\/www.achimbrueckner.de\/dxradio\/php\/wordpress\/?cat=1"},"img":{"alt_text":"","src":"","width":0,"height":0},"classes":[]},{"id":8355,"url":"https:\/\/www.achimbrueckner.de\/dxradio\/php\/wordpress\/?p=8355","url_meta":{"origin":32922,"position":5},"title":"Responsives Radio \u2013 zukunftsweisende Innovationen","author":"Administrator","date":"May 22, 2016","format":false,"excerpt":"http:\/\/www.mediennetzwerk-bayern.de\/8504\/responsive-audio-inhalte-rath\/","rel":"","context":"In &quot;audio&quot;","block_context":{"text":"audio","link":"https:\/\/www.achimbrueckner.de\/dxradio\/php\/wordpress\/?cat=47"},"img":{"alt_text":"","src":"","width":0,"height":0},"classes":[]}],"_links":{"self":[{"href":"https:\/\/www.achimbrueckner.de\/dxradio\/php\/wordpress\/index.php?rest_route=\/wp\/v2\/posts\/32922","targetHints":{"allow":["GET"]}}],"collection":[{"href":"https:\/\/www.achimbrueckner.de\/dxradio\/php\/wordpress\/index.php?rest_route=\/wp\/v2\/posts"}],"about":[{"href":"https:\/\/www.achimbrueckner.de\/dxradio\/php\/wordpress\/index.php?rest_route=\/wp\/v2\/types\/post"}],"author":[{"embeddable":true,"href":"https:\/\/www.achimbrueckner.de\/dxradio\/php\/wordpress\/index.php?rest_route=\/wp\/v2\/users\/1"}],"replies":[{"embeddable":true,"href":"https:\/\/www.achimbrueckner.de\/dxradio\/php\/wordpress\/index.php?rest_route=%2Fwp%2Fv2%2Fcomments&post=32922"}],"version-history":[{"count":0,"href":"https:\/\/www.achimbrueckner.de\/dxradio\/php\/wordpress\/index.php?rest_route=\/wp\/v2\/posts\/32922\/revisions"}],"wp:attachment":[{"href":"https:\/\/www.achimbrueckner.de\/dxradio\/php\/wordpress\/index.php?rest_route=%2Fwp%2Fv2%2Fmedia&parent=32922"}],"wp:term":[{"taxonomy":"category","embeddable":true,"href":"https:\/\/www.achimbrueckner.de\/dxradio\/php\/wordpress\/index.php?rest_route=%2Fwp%2Fv2%2Fcategories&post=32922"},{"taxonomy":"post_tag","embeddable":true,"href":"https:\/\/www.achimbrueckner.de\/dxradio\/php\/wordpress\/index.php?rest_route=%2Fwp%2Fv2%2Ftags&post=32922"}],"curies":[{"name":"wp","href":"https:\/\/api.w.org\/{rel}","templated":true}]}}