{"id":32938,"date":"2021-06-25T20:36:09","date_gmt":"2021-06-25T20:36:09","guid":{"rendered":"https:\/\/www.achimbrueckner.de\/dxradio\/php\/wordpress\/?p=32938"},"modified":"2021-06-25T20:36:09","modified_gmt":"2021-06-25T20:36:09","slug":"fm-radio-station-on-90-7-mhz-near-quebec-is-heard-across-the-atlantic-in-ireland-21st-june-2021","status":"publish","type":"post","link":"https:\/\/www.achimbrueckner.de\/dxradio\/php\/wordpress\/?p=32938","title":{"rendered":"FM radio station on 90.7 MHz near Quebec is heard across the Atlantic in Ireland &#8211; 21st June 2021"},"content":{"rendered":"<p><a href=\"https:\/\/ei7gl.blogspot.com\/2021\/06\/fm-radio-station-on-907-mhz-near-quebec.html\" rel=\"noopener\" target=\"_blank\">https:\/\/ei7gl.blogspot.com\/2021\/06\/fm-radio-station-on-907-mhz-near-quebec.html<\/a><\/p>\n","protected":false},"excerpt":{"rendered":"<p>https:\/\/ei7gl.blogspot.com\/2021\/06\/fm-radio-station-on-907-mhz-near-quebec.html<\/p>\n","protected":false},"author":1,"featured_media":0,"comment_status":"closed","ping_status":"open","sticky":false,"template":"","format":"standard","meta":{"_jetpack_memberships_contains_paid_content":false,"footnotes":"","jetpack_publicize_message":"","jetpack_publicize_feature_enabled":true,"jetpack_social_post_already_shared":true,"jetpack_social_options":{"image_generator_settings":{"template":"highway","default_image_id":0,"font":"","enabled":false},"version":2}},"categories":[2],"tags":[],"class_list":["post-32938","post","type-post","status-publish","format-standard","hentry","category-english"],"jetpack_publicize_connections":[],"jetpack_featured_media_url":"","jetpack_sharing_enabled":true,"jetpack_shortlink":"https:\/\/wp.me\/p5CDmr-8zg","jetpack-related-posts":[{"id":187,"url":"https:\/\/www.achimbrueckner.de\/dxradio\/php\/wordpress\/?p=187","url_meta":{"origin":32938,"position":0},"title":"Ibra Radio B06","author":"Administrator","date":"November 1, 2006","format":false,"excerpt":"IBRA RADIO B06 BROADCAST SCHEDULE, October 2006 Day 1=Monday UTC = Universal Time Coordinated (=GMT) LT = Local Time AFRICA Area Station\/Place Day Time UTC (or LT)Language Band Frequency Africa Horn FEBA, Kigali 1234567 1530 - 1600 Afar SW 11750 kHz Burundi Radio Ivyizigiro 123456 09:15 - 09:45 LT Swahili\u2026","rel":"","context":"In &quot;schedules&quot;","block_context":{"text":"schedules","link":"https:\/\/www.achimbrueckner.de\/dxradio\/php\/wordpress\/?cat=8"},"img":{"alt_text":"","src":"","width":0,"height":0},"classes":[]},{"id":20217,"url":"https:\/\/www.achimbrueckner.de\/dxradio\/php\/wordpress\/?p=20217","url_meta":{"origin":32938,"position":1},"title":"Hola FM: Deutsches Radio auf Fuerteventura jetzt auch auf 93,7 MHz","author":"Administrator","date":"December 1, 2018","format":false,"excerpt":"https:\/\/www.smartphonefan.de\/2018\/11\/30\/hola-fm-deutsches-radio-auf-fuerteventura-jetzt-auch-auf-937-mhz\/","rel":"","context":"In &quot;Deutsch&quot;","block_context":{"text":"Deutsch","link":"https:\/\/www.achimbrueckner.de\/dxradio\/php\/wordpress\/?cat=1"},"img":{"alt_text":"","src":"","width":0,"height":0},"classes":[]},{"id":805,"url":"https:\/\/www.achimbrueckner.de\/dxradio\/php\/wordpress\/?p=805","url_meta":{"origin":32938,"position":2},"title":"South Herts Radio","author":"Administrator","date":"December 30, 2009","format":false,"excerpt":"South Herts Radio will now broadcast as follows effective from 3rd Jan 2010. Every other Sunday from Sunday 3rd January from 08.00 - 20.00 UTC. Shortwave 5835 KHz (52 meter band) with low power to Europe from the U.K. Only when our webstream is on air can you find us\u2026","rel":"","context":"In &quot;English&quot;","block_context":{"text":"English","link":"https:\/\/www.achimbrueckner.de\/dxradio\/php\/wordpress\/?cat=2"},"img":{"alt_text":"","src":"","width":0,"height":0},"classes":[]},{"id":30281,"url":"https:\/\/www.achimbrueckner.de\/dxradio\/php\/wordpress\/?p=30281","url_meta":{"origin":32938,"position":3},"title":"Programmtipp: 50 Jahre Close-Down von Radio CAE","author":"Administrator","date":"October 2, 2020","format":false,"excerpt":"\u201cAt 87.8 on the FM-dial, this is Canadian Forces Radio CAE in Werl, Germany\u2026\u201d \u00dcber 14 Jahre lang h\u00f6rte man diesen Station Break auf UKW ganz vorne, am Anfang der Skala, sofern man am \u00f6stlichen Rande des Ruhrgebiets wohnte. Am 21. M\u00e4rz 1956 um 17.00 Uhr war hier ein einzigartiger\u2026","rel":"","context":"In &quot;Deutsch&quot;","block_context":{"text":"Deutsch","link":"https:\/\/www.achimbrueckner.de\/dxradio\/php\/wordpress\/?cat=1"},"img":{"alt_text":"","src":"","width":0,"height":0},"classes":[]},{"id":28400,"url":"https:\/\/www.achimbrueckner.de\/dxradio\/php\/wordpress\/?p=28400","url_meta":{"origin":32938,"position":4},"title":"BFBS Radio 1 Germany &#8211; FM transmitter switch off 103 MHz Bielefeld","author":"Administrator","date":"April 29, 2020","format":false,"excerpt":"https:\/\/www.youtube.com\/watch?v=ff6fU6bD6DU&feature=emb_title","rel":"","context":"In &quot;English&quot;","block_context":{"text":"English","link":"https:\/\/www.achimbrueckner.de\/dxradio\/php\/wordpress\/?cat=2"},"img":{"alt_text":"","src":"","width":0,"height":0},"classes":[]},{"id":1029,"url":"https:\/\/www.achimbrueckner.de\/dxradio\/php\/wordpress\/?p=1029","url_meta":{"origin":32938,"position":5},"title":"Star Radio 4025 Khz","author":"Administrator","date":"June 2, 2010","format":false,"excerpt":"STAR radio is broadcasting on 104 FM & 4.025 MHz (mega-hertz) Short Wave in the 75-meter Band. For now test transmission on the Short Wave runs from 5 to 9 in the morning and 6-9 in the evening. Call us on 077577142, 077018797 or 06857000. FM frequency 104 in Monrovia\u2026","rel":"","context":"In &quot;English&quot;","block_context":{"text":"English","link":"https:\/\/www.achimbrueckner.de\/dxradio\/php\/wordpress\/?cat=2"},"img":{"alt_text":"","src":"","width":0,"height":0},"classes":[]}],"_links":{"self":[{"href":"https:\/\/www.achimbrueckner.de\/dxradio\/php\/wordpress\/index.php?rest_route=\/wp\/v2\/posts\/32938","targetHints":{"allow":["GET"]}}],"collection":[{"href":"https:\/\/www.achimbrueckner.de\/dxradio\/php\/wordpress\/index.php?rest_route=\/wp\/v2\/posts"}],"about":[{"href":"https:\/\/www.achimbrueckner.de\/dxradio\/php\/wordpress\/index.php?rest_route=\/wp\/v2\/types\/post"}],"author":[{"embeddable":true,"href":"https:\/\/www.achimbrueckner.de\/dxradio\/php\/wordpress\/index.php?rest_route=\/wp\/v2\/users\/1"}],"replies":[{"embeddable":true,"href":"https:\/\/www.achimbrueckner.de\/dxradio\/php\/wordpress\/index.php?rest_route=%2Fwp%2Fv2%2Fcomments&post=32938"}],"version-history":[{"count":0,"href":"https:\/\/www.achimbrueckner.de\/dxradio\/php\/wordpress\/index.php?rest_route=\/wp\/v2\/posts\/32938\/revisions"}],"wp:attachment":[{"href":"https:\/\/www.achimbrueckner.de\/dxradio\/php\/wordpress\/index.php?rest_route=%2Fwp%2Fv2%2Fmedia&parent=32938"}],"wp:term":[{"taxonomy":"category","embeddable":true,"href":"https:\/\/www.achimbrueckner.de\/dxradio\/php\/wordpress\/index.php?rest_route=%2Fwp%2Fv2%2Fcategories&post=32938"},{"taxonomy":"post_tag","embeddable":true,"href":"https:\/\/www.achimbrueckner.de\/dxradio\/php\/wordpress\/index.php?rest_route=%2Fwp%2Fv2%2Ftags&post=32938"}],"curies":[{"name":"wp","href":"https:\/\/api.w.org\/{rel}","templated":true}]}}