{"id":32942,"date":"2021-06-25T20:46:31","date_gmt":"2021-06-25T20:46:31","guid":{"rendered":"https:\/\/www.achimbrueckner.de\/dxradio\/php\/wordpress\/?p=32942"},"modified":"2021-06-25T20:46:31","modified_gmt":"2021-06-25T20:46:31","slug":"studie-zu-audio-und-mobilitat-medienanstalt-nrw-veroffentlicht-erste-highlights","status":"publish","type":"post","link":"https:\/\/www.achimbrueckner.de\/dxradio\/php\/wordpress\/?p=32942","title":{"rendered":"Studie zu Audio und Mobilit\u00e4t: Medienanstalt NRW ver\u00f6ffentlicht erste Highlights"},"content":{"rendered":"<p><a href=\"https:\/\/www.infosat.de\/radio\/studie-zu-audio-und-mobilit-t-medienanstalt-nrw-ver-ffentlicht-erste-highlights\" rel=\"noopener\" target=\"_blank\">https:\/\/www.infosat.de\/radio\/studie-zu-audio-und-mobilit-t-medienanstalt-nrw-ver-ffentlicht-erste-highlights<\/a><\/p>\n","protected":false},"excerpt":{"rendered":"<p>https:\/\/www.infosat.de\/radio\/studie-zu-audio-und-mobilit-t-medienanstalt-nrw-ver-ffentlicht-erste-highlights<\/p>\n","protected":false},"author":1,"featured_media":0,"comment_status":"closed","ping_status":"open","sticky":false,"template":"","format":"standard","meta":{"_jetpack_memberships_contains_paid_content":false,"footnotes":"","jetpack_publicize_message":"","jetpack_publicize_feature_enabled":true,"jetpack_social_post_already_shared":true,"jetpack_social_options":{"image_generator_settings":{"template":"highway","default_image_id":0,"font":"","enabled":false},"version":2}},"categories":[1],"tags":[],"class_list":["post-32942","post","type-post","status-publish","format-standard","hentry","category-deutsch"],"jetpack_publicize_connections":[],"jetpack_featured_media_url":"","jetpack_sharing_enabled":true,"jetpack_shortlink":"https:\/\/wp.me\/p5CDmr-8zk","jetpack-related-posts":[{"id":19301,"url":"https:\/\/www.achimbrueckner.de\/dxradio\/php\/wordpress\/?p=19301","url_meta":{"origin":32942,"position":0},"title":"Goldmedia-Studie zur Zukunft des H\u00f6rfunks: Medienanstalt NRW-Chef Dr. Tobias Schmid im Interview","author":"Administrator","date":"September 26, 2018","format":false,"excerpt":"http:\/\/www.radiowoche.de\/goldmedia-studie-zur-zukunft-des-hoerfunks-lfm-chef-dr-tobias-schmid-im-interview\/","rel":"","context":"In &quot;Deutsch&quot;","block_context":{"text":"Deutsch","link":"https:\/\/www.achimbrueckner.de\/dxradio\/php\/wordpress\/?cat=1"},"img":{"alt_text":"","src":"","width":0,"height":0},"classes":[]},{"id":26167,"url":"https:\/\/www.achimbrueckner.de\/dxradio\/php\/wordpress\/?p=26167","url_meta":{"origin":32942,"position":1},"title":"Mehr Geld f\u00fcr Audio: Medienanstalt NRW f\u00f6rdert k\u00fcnftig Audio-Innovationen","author":"Administrator","date":"December 13, 2019","format":false,"excerpt":"http:\/\/www.radiowoche.de\/mehr-geld-fuer-audio-medienanstalt-nrw-foerdert-kuenftig-audio-innovationen\/","rel":"","context":"In &quot;audio&quot;","block_context":{"text":"audio","link":"https:\/\/www.achimbrueckner.de\/dxradio\/php\/wordpress\/?cat=47"},"img":{"alt_text":"","src":"","width":0,"height":0},"classes":[]},{"id":43275,"url":"https:\/\/www.achimbrueckner.de\/dxradio\/php\/wordpress\/?p=43275","url_meta":{"origin":32942,"position":2},"title":"Medienanstalt NRW schreibt regionale DAB+ Sendepl\u00e4tze f\u00fcr M\u00fcnster aus","author":"Administrator","date":"July 11, 2025","format":false,"excerpt":"https:\/\/www.radioblog.eu\/2025\/07\/10\/medienanstalt-nrw-schreibt-regionale-dab-sendeplaetze-fuer-muenster-aus\/","rel":"","context":"In &quot;Deutsch&quot;","block_context":{"text":"Deutsch","link":"https:\/\/www.achimbrueckner.de\/dxradio\/php\/wordpress\/?cat=1"},"img":{"alt_text":"","src":"","width":0,"height":0},"classes":[]},{"id":8602,"url":"https:\/\/www.achimbrueckner.de\/dxradio\/php\/wordpress\/?p=8602","url_meta":{"origin":32942,"position":3},"title":"RTL-&#038; VPRT-Cheflobbyist wird neuer Direktor der NRW-Medienanstalt","author":"Administrator","date":"June 24, 2016","format":false,"excerpt":"http:\/\/www.radioforen.de\/index.php?threads\/rtl-vprt-cheflobbyist-wird-neuer-direktor-der-nrw-medienanstalt.40792\/","rel":"","context":"In &quot;Deutsch&quot;","block_context":{"text":"Deutsch","link":"https:\/\/www.achimbrueckner.de\/dxradio\/php\/wordpress\/?cat=1"},"img":{"alt_text":"","src":"","width":0,"height":0},"classes":[]},{"id":41624,"url":"https:\/\/www.achimbrueckner.de\/dxradio\/php\/wordpress\/?p=41624","url_meta":{"origin":32942,"position":4},"title":"NRW: Medienanstalt entscheidet \u00fcber neue Radiolizenzen","author":"Administrator","date":"August 23, 2024","format":false,"excerpt":"https:\/\/www.satellifax.de\/mlesen.php?id=7d4730c2675db7e26d7372c93a109a85","rel":"","context":"In &quot;Deutsch&quot;","block_context":{"text":"Deutsch","link":"https:\/\/www.achimbrueckner.de\/dxradio\/php\/wordpress\/?cat=1"},"img":{"alt_text":"","src":"","width":0,"height":0},"classes":[]},{"id":18665,"url":"https:\/\/www.achimbrueckner.de\/dxradio\/php\/wordpress\/?p=18665","url_meta":{"origin":32942,"position":5},"title":"MEHR! Radio: \u201cMedienanstalt verz\u00f6gert Start von Digitalradios\u201d","author":"Administrator","date":"August 1, 2018","format":false,"excerpt":"https:\/\/www.radioszene.de\/124424\/digitalradio-nrw-dab-start.html","rel":"","context":"In &quot;Deutsch&quot;","block_context":{"text":"Deutsch","link":"https:\/\/www.achimbrueckner.de\/dxradio\/php\/wordpress\/?cat=1"},"img":{"alt_text":"","src":"","width":0,"height":0},"classes":[]}],"_links":{"self":[{"href":"https:\/\/www.achimbrueckner.de\/dxradio\/php\/wordpress\/index.php?rest_route=\/wp\/v2\/posts\/32942","targetHints":{"allow":["GET"]}}],"collection":[{"href":"https:\/\/www.achimbrueckner.de\/dxradio\/php\/wordpress\/index.php?rest_route=\/wp\/v2\/posts"}],"about":[{"href":"https:\/\/www.achimbrueckner.de\/dxradio\/php\/wordpress\/index.php?rest_route=\/wp\/v2\/types\/post"}],"author":[{"embeddable":true,"href":"https:\/\/www.achimbrueckner.de\/dxradio\/php\/wordpress\/index.php?rest_route=\/wp\/v2\/users\/1"}],"replies":[{"embeddable":true,"href":"https:\/\/www.achimbrueckner.de\/dxradio\/php\/wordpress\/index.php?rest_route=%2Fwp%2Fv2%2Fcomments&post=32942"}],"version-history":[{"count":0,"href":"https:\/\/www.achimbrueckner.de\/dxradio\/php\/wordpress\/index.php?rest_route=\/wp\/v2\/posts\/32942\/revisions"}],"wp:attachment":[{"href":"https:\/\/www.achimbrueckner.de\/dxradio\/php\/wordpress\/index.php?rest_route=%2Fwp%2Fv2%2Fmedia&parent=32942"}],"wp:term":[{"taxonomy":"category","embeddable":true,"href":"https:\/\/www.achimbrueckner.de\/dxradio\/php\/wordpress\/index.php?rest_route=%2Fwp%2Fv2%2Fcategories&post=32942"},{"taxonomy":"post_tag","embeddable":true,"href":"https:\/\/www.achimbrueckner.de\/dxradio\/php\/wordpress\/index.php?rest_route=%2Fwp%2Fv2%2Ftags&post=32942"}],"curies":[{"name":"wp","href":"https:\/\/api.w.org\/{rel}","templated":true}]}}