{"id":32950,"date":"2021-06-26T15:37:10","date_gmt":"2021-06-26T15:37:10","guid":{"rendered":"https:\/\/www.achimbrueckner.de\/dxradio\/php\/wordpress\/?p=32950"},"modified":"2021-06-26T15:37:10","modified_gmt":"2021-06-26T15:37:10","slug":"regionalsender-bakom-zieht-die-schraube-an","status":"publish","type":"post","link":"https:\/\/www.achimbrueckner.de\/dxradio\/php\/wordpress\/?p=32950","title":{"rendered":"Regionalsender: Bakom zieht die Schraube an"},"content":{"rendered":"<p><a href=\"https:\/\/medienwoche.ch\/2021\/06\/25\/regionalsender-bakom-zieht-die-schraube-an\/\" rel=\"noopener\" target=\"_blank\">https:\/\/medienwoche.ch\/2021\/06\/25\/regionalsender-bakom-zieht-die-schraube-an\/<\/a><\/p>\n","protected":false},"excerpt":{"rendered":"<p>https:\/\/medienwoche.ch\/2021\/06\/25\/regionalsender-bakom-zieht-die-schraube-an\/<\/p>\n","protected":false},"author":1,"featured_media":0,"comment_status":"closed","ping_status":"open","sticky":false,"template":"","format":"standard","meta":{"_jetpack_memberships_contains_paid_content":false,"footnotes":"","jetpack_publicize_message":"","jetpack_publicize_feature_enabled":true,"jetpack_social_post_already_shared":true,"jetpack_social_options":{"image_generator_settings":{"template":"highway","default_image_id":0,"font":"","enabled":false},"version":2}},"categories":[1],"tags":[],"class_list":["post-32950","post","type-post","status-publish","format-standard","hentry","category-deutsch"],"jetpack_publicize_connections":[],"jetpack_featured_media_url":"","jetpack_sharing_enabled":true,"jetpack_shortlink":"https:\/\/wp.me\/p5CDmr-8zs","jetpack-related-posts":[{"id":7639,"url":"https:\/\/www.achimbrueckner.de\/dxradio\/php\/wordpress\/?p=7639","url_meta":{"origin":32950,"position":0},"title":"Akustische Nostalgie: Die fr\u00fcheren Pausenzeichen der ARD-Regionalsender","author":"Administrator","date":"February 20, 2016","format":false,"excerpt":"http:\/\/blog.wiwo.de\/look-at-it\/2016\/02\/19\/akustische-nostalgie-die-frueheren-pausenzeichen-der-ard-regionalsender\/","rel":"","context":"In &quot;Deutsch&quot;","block_context":{"text":"Deutsch","link":"https:\/\/www.achimbrueckner.de\/dxradio\/php\/wordpress\/?cat=1"},"img":{"alt_text":"","src":"","width":0,"height":0},"classes":[]},{"id":15796,"url":"https:\/\/www.achimbrueckner.de\/dxradio\/php\/wordpress\/?p=15796","url_meta":{"origin":32950,"position":1},"title":"&#8220;Nicht wir, sondern die Regionalsender der ARD sind teuer&#8221;","author":"Administrator","date":"December 6, 2017","format":false,"excerpt":"https:\/\/www.dwdl.de\/nachrichten\/64644\/nicht_wir_sondern_die_regionalsender_der_ard_sind_teuer\/","rel":"","context":"In &quot;Deutsch&quot;","block_context":{"text":"Deutsch","link":"https:\/\/www.achimbrueckner.de\/dxradio\/php\/wordpress\/?cat=1"},"img":{"alt_text":"","src":"","width":0,"height":0},"classes":[]},{"id":29786,"url":"https:\/\/www.achimbrueckner.de\/dxradio\/php\/wordpress\/?p=29786","url_meta":{"origin":32950,"position":2},"title":"Buchen: Von der Funzel zum Regionalsender","author":"Administrator","date":"August 19, 2020","format":false,"excerpt":"https:\/\/www.smartphonefan.de\/2020\/08\/19\/buchen-von-der-funzel-zum-regionalsender\/","rel":"","context":"In &quot;Deutsch&quot;","block_context":{"text":"Deutsch","link":"https:\/\/www.achimbrueckner.de\/dxradio\/php\/wordpress\/?cat=1"},"img":{"alt_text":"","src":"","width":0,"height":0},"classes":[]},{"id":26295,"url":"https:\/\/www.achimbrueckner.de\/dxradio\/php\/wordpress\/?p=26295","url_meta":{"origin":32950,"position":3},"title":"\u201eHier ist Radio Charivari\u201c: Rosenheims Regionalsender feiert 30-j\u00e4hriges Bestehen","author":"Administrator","date":"December 21, 2019","format":false,"excerpt":"https:\/\/www.ovb-online.de\/rosenheim\/landkreis\/hier-radio-charivari-rosenheims-regionalsender-feiert-30-jaehriges-bestehen-13360210.amp.html","rel":"","context":"In &quot;Deutsch&quot;","block_context":{"text":"Deutsch","link":"https:\/\/www.achimbrueckner.de\/dxradio\/php\/wordpress\/?cat=1"},"img":{"alt_text":"","src":"","width":0,"height":0},"classes":[]},{"id":31195,"url":"https:\/\/www.achimbrueckner.de\/dxradio\/php\/wordpress\/?p=31195","url_meta":{"origin":32950,"position":4},"title":"Wegen Corona-Krise Bakom erh\u00f6ht DAB+-F\u00f6rderbeitr\u00e4ge f\u00fcr 2021","author":"Administrator","date":"December 16, 2020","format":false,"excerpt":"https:\/\/www.persoenlich.com\/medien\/bakom-erhoht-dab-forderbeitrage-fur-2021","rel":"","context":"In &quot;Deutsch&quot;","block_context":{"text":"Deutsch","link":"https:\/\/www.achimbrueckner.de\/dxradio\/php\/wordpress\/?cat=1"},"img":{"alt_text":"","src":"","width":0,"height":0},"classes":[]},{"id":19769,"url":"https:\/\/www.achimbrueckner.de\/dxradio\/php\/wordpress\/?p=19769","url_meta":{"origin":32950,"position":5},"title":"Ausstellung Radiophonic Spaces \u201eZieht man die Kopfh\u00f6rer auf, \u00f6ffnen sich die inneren Bilder\u201c","author":"Administrator","date":"October 26, 2018","format":false,"excerpt":"https:\/\/www.deutschlandfunk.de\/ausstellung-radiophonic-spaces-zieht-man-die-kopfhoerer-auf.807.de.html?dram:article_id=431406","rel":"","context":"In &quot;Deutsch&quot;","block_context":{"text":"Deutsch","link":"https:\/\/www.achimbrueckner.de\/dxradio\/php\/wordpress\/?cat=1"},"img":{"alt_text":"","src":"","width":0,"height":0},"classes":[]}],"_links":{"self":[{"href":"https:\/\/www.achimbrueckner.de\/dxradio\/php\/wordpress\/index.php?rest_route=\/wp\/v2\/posts\/32950","targetHints":{"allow":["GET"]}}],"collection":[{"href":"https:\/\/www.achimbrueckner.de\/dxradio\/php\/wordpress\/index.php?rest_route=\/wp\/v2\/posts"}],"about":[{"href":"https:\/\/www.achimbrueckner.de\/dxradio\/php\/wordpress\/index.php?rest_route=\/wp\/v2\/types\/post"}],"author":[{"embeddable":true,"href":"https:\/\/www.achimbrueckner.de\/dxradio\/php\/wordpress\/index.php?rest_route=\/wp\/v2\/users\/1"}],"replies":[{"embeddable":true,"href":"https:\/\/www.achimbrueckner.de\/dxradio\/php\/wordpress\/index.php?rest_route=%2Fwp%2Fv2%2Fcomments&post=32950"}],"version-history":[{"count":0,"href":"https:\/\/www.achimbrueckner.de\/dxradio\/php\/wordpress\/index.php?rest_route=\/wp\/v2\/posts\/32950\/revisions"}],"wp:attachment":[{"href":"https:\/\/www.achimbrueckner.de\/dxradio\/php\/wordpress\/index.php?rest_route=%2Fwp%2Fv2%2Fmedia&parent=32950"}],"wp:term":[{"taxonomy":"category","embeddable":true,"href":"https:\/\/www.achimbrueckner.de\/dxradio\/php\/wordpress\/index.php?rest_route=%2Fwp%2Fv2%2Fcategories&post=32950"},{"taxonomy":"post_tag","embeddable":true,"href":"https:\/\/www.achimbrueckner.de\/dxradio\/php\/wordpress\/index.php?rest_route=%2Fwp%2Fv2%2Ftags&post=32950"}],"curies":[{"name":"wp","href":"https:\/\/api.w.org\/{rel}","templated":true}]}}