{"id":32971,"date":"2021-06-30T15:57:11","date_gmt":"2021-06-30T15:57:11","guid":{"rendered":"https:\/\/www.achimbrueckner.de\/dxradio\/php\/wordpress\/?p=32971"},"modified":"2021-06-30T15:57:11","modified_gmt":"2021-06-30T15:57:11","slug":"brauchen-wir-den-offentlich-rechtlichen-rundfunk-noch","status":"publish","type":"post","link":"https:\/\/www.achimbrueckner.de\/dxradio\/php\/wordpress\/?p=32971","title":{"rendered":"Brauchen wir den \u00f6ffentlich-rechtlichen Rundfunk noch?"},"content":{"rendered":"<p><a href=\"https:\/\/www.heise.de\/tp\/features\/Brauchen-wir-den-oeffentlich-rechtlichen-Rundfunk-noch-6123355.html\" rel=\"noopener\" target=\"_blank\">https:\/\/www.heise.de\/tp\/features\/Brauchen-wir-den-oeffentlich-rechtlichen-Rundfunk-noch-6123355.html<\/a><\/p>\n","protected":false},"excerpt":{"rendered":"<p>https:\/\/www.heise.de\/tp\/features\/Brauchen-wir-den-oeffentlich-rechtlichen-Rundfunk-noch-6123355.html<\/p>\n","protected":false},"author":1,"featured_media":0,"comment_status":"closed","ping_status":"open","sticky":false,"template":"","format":"standard","meta":{"_jetpack_memberships_contains_paid_content":false,"footnotes":"","jetpack_publicize_message":"","jetpack_publicize_feature_enabled":true,"jetpack_social_post_already_shared":true,"jetpack_social_options":{"image_generator_settings":{"template":"highway","default_image_id":0,"font":"","enabled":false},"version":2}},"categories":[1],"tags":[],"class_list":["post-32971","post","type-post","status-publish","format-standard","hentry","category-deutsch"],"jetpack_publicize_connections":[],"jetpack_featured_media_url":"","jetpack_sharing_enabled":true,"jetpack_shortlink":"https:\/\/wp.me\/p5CDmr-8zN","jetpack-related-posts":[{"id":16696,"url":"https:\/\/www.achimbrueckner.de\/dxradio\/php\/wordpress\/?p=16696","url_meta":{"origin":32971,"position":0},"title":"&#8220;Wozu brauchen wir noch ARD und ZDF?&#8221;","author":"Administrator","date":"March 1, 2018","format":false,"excerpt":"http:\/\/www.sueddeutsche.de\/medien\/maischberger-ueber-oeffentlich-rechtlichen-rundfunk-wozu-brauchen-wir-noch-ard-und-zdf-1.3887377","rel":"","context":"In &quot;Deutsch&quot;","block_context":{"text":"Deutsch","link":"https:\/\/www.achimbrueckner.de\/dxradio\/php\/wordpress\/?cat=1"},"img":{"alt_text":"","src":"","width":0,"height":0},"classes":[]},{"id":21961,"url":"https:\/\/www.achimbrueckner.de\/dxradio\/php\/wordpress\/?p=21961","url_meta":{"origin":32971,"position":1},"title":"\u00d6sterreich: Staatsfinanzierung w\u00fcrde den \u00f6ffentlich-rechtlichen Rundfunk zerst\u00f6ren","author":"Administrator","date":"March 4, 2019","format":false,"excerpt":"https:\/\/www.handelsblatt.com\/meinung\/kommentare\/kommentar-staatsfinanzierung-wuerde-den-oeffentlich-rechtlichen-rundfunk-zerstoeren\/24054534.html","rel":"","context":"In &quot;Deutsch&quot;","block_context":{"text":"Deutsch","link":"https:\/\/www.achimbrueckner.de\/dxradio\/php\/wordpress\/?cat=1"},"img":{"alt_text":"","src":"","width":0,"height":0},"classes":[]},{"id":33860,"url":"https:\/\/www.achimbrueckner.de\/dxradio\/php\/wordpress\/?p=33860","url_meta":{"origin":32971,"position":2},"title":"Rundfunk L\u00e4nder wollen Reform der \u00d6ffentlich-Rechtlichen auf den Weg bringen","author":"Administrator","date":"October 21, 2021","format":false,"excerpt":"https:\/\/www.deutschlandfunk.de\/rundfunk-laender-wollen-reform-der-oeffentlich-rechtlichen.1939.de.html?drn:news_id=1313473","rel":"","context":"In &quot;Deutsch&quot;","block_context":{"text":"Deutsch","link":"https:\/\/www.achimbrueckner.de\/dxradio\/php\/wordpress\/?cat=1"},"img":{"alt_text":"","src":"","width":0,"height":0},"classes":[]},{"id":20905,"url":"https:\/\/www.achimbrueckner.de\/dxradio\/php\/wordpress\/?p=20905","url_meta":{"origin":32971,"position":3},"title":"Debatte \u00fcber den \u00f6ffentlichen Rundfunk und seine Finanzierung ist unabdingbar","author":"Administrator","date":"January 13, 2019","format":false,"excerpt":"https:\/\/www.handelsblatt.com\/meinung\/gastbeitraege\/gastkommentar-debatte-ueber-den-oeffentlich-rechtlichen-rundfunk-und-seine-finanzierung-ist-unabdingbar\/23858354.html","rel":"","context":"In &quot;Deutsch&quot;","block_context":{"text":"Deutsch","link":"https:\/\/www.achimbrueckner.de\/dxradio\/php\/wordpress\/?cat=1"},"img":{"alt_text":"","src":"","width":0,"height":0},"classes":[]},{"id":2823,"url":"https:\/\/www.achimbrueckner.de\/dxradio\/php\/wordpress\/?p=2823","url_meta":{"origin":32971,"position":4},"title":"ISLAND Kahlschlag beim \u00f6ffentlich-rechtlichen Rundfunk","author":"Administrator","date":"December 28, 2013","format":false,"excerpt":"http:\/\/www.deutschlandfunk.de\/island-kahlschlag-beim-oeffentlich-rechtlichen-rundfunk.761.de.html?dram%3Aarticle_id=272753","rel":"","context":"In &quot;Deutsch&quot;","block_context":{"text":"Deutsch","link":"https:\/\/www.achimbrueckner.de\/dxradio\/php\/wordpress\/?cat=1"},"img":{"alt_text":"","src":"","width":0,"height":0},"classes":[]},{"id":2954,"url":"https:\/\/www.achimbrueckner.de\/dxradio\/php\/wordpress\/?p=2954","url_meta":{"origin":32971,"position":5},"title":"Griechische Verh\u00e4ltnisse Israel reformiert \u00f6ffentlich-rechtlichen Rundfunk","author":"Administrator","date":"March 7, 2014","format":false,"excerpt":"http:\/\/www.tagesspiegel.de\/medien\/griechische-verhaeltnisse-israel-reformiert-oeffentlich-rechtlichen-rundfunk\/9586962.html","rel":"","context":"In &quot;Deutsch&quot;","block_context":{"text":"Deutsch","link":"https:\/\/www.achimbrueckner.de\/dxradio\/php\/wordpress\/?cat=1"},"img":{"alt_text":"","src":"","width":0,"height":0},"classes":[]}],"_links":{"self":[{"href":"https:\/\/www.achimbrueckner.de\/dxradio\/php\/wordpress\/index.php?rest_route=\/wp\/v2\/posts\/32971","targetHints":{"allow":["GET"]}}],"collection":[{"href":"https:\/\/www.achimbrueckner.de\/dxradio\/php\/wordpress\/index.php?rest_route=\/wp\/v2\/posts"}],"about":[{"href":"https:\/\/www.achimbrueckner.de\/dxradio\/php\/wordpress\/index.php?rest_route=\/wp\/v2\/types\/post"}],"author":[{"embeddable":true,"href":"https:\/\/www.achimbrueckner.de\/dxradio\/php\/wordpress\/index.php?rest_route=\/wp\/v2\/users\/1"}],"replies":[{"embeddable":true,"href":"https:\/\/www.achimbrueckner.de\/dxradio\/php\/wordpress\/index.php?rest_route=%2Fwp%2Fv2%2Fcomments&post=32971"}],"version-history":[{"count":0,"href":"https:\/\/www.achimbrueckner.de\/dxradio\/php\/wordpress\/index.php?rest_route=\/wp\/v2\/posts\/32971\/revisions"}],"wp:attachment":[{"href":"https:\/\/www.achimbrueckner.de\/dxradio\/php\/wordpress\/index.php?rest_route=%2Fwp%2Fv2%2Fmedia&parent=32971"}],"wp:term":[{"taxonomy":"category","embeddable":true,"href":"https:\/\/www.achimbrueckner.de\/dxradio\/php\/wordpress\/index.php?rest_route=%2Fwp%2Fv2%2Fcategories&post=32971"},{"taxonomy":"post_tag","embeddable":true,"href":"https:\/\/www.achimbrueckner.de\/dxradio\/php\/wordpress\/index.php?rest_route=%2Fwp%2Fv2%2Ftags&post=32971"}],"curies":[{"name":"wp","href":"https:\/\/api.w.org\/{rel}","templated":true}]}}