{"id":3298,"date":"2014-06-28T22:46:29","date_gmt":"2014-06-28T22:46:29","guid":{"rendered":"https:\/\/www.achimbrueckner.de\/dxradio\/php\/wordpress\/?p=3298"},"modified":"2014-06-28T22:46:29","modified_gmt":"2014-06-28T22:46:29","slug":"bilder-hamradio-2014","status":"publish","type":"post","link":"https:\/\/www.achimbrueckner.de\/dxradio\/php\/wordpress\/?p=3298","title":{"rendered":"Bilder Hamradio 2014"},"content":{"rendered":"<p><a href=\"http:\/\/www.fenu-radio.ch\/Hamradio-2014.htm\" target=\"_blank\">http:\/\/www.fenu-radio.ch\/Hamradio-2014.htm<\/a><\/p>\n<p>Info via <a href=\"http:\/\/www.ratzer.at\" target=\"_blank\">A-DX<\/a><\/p>\n","protected":false},"excerpt":{"rendered":"<p>http:\/\/www.fenu-radio.ch\/Hamradio-2014.htm Info via A-DX<\/p>\n","protected":false},"author":1,"featured_media":0,"comment_status":"open","ping_status":"open","sticky":false,"template":"","format":"standard","meta":{"_jetpack_memberships_contains_paid_content":false,"footnotes":"","jetpack_publicize_message":"","jetpack_publicize_feature_enabled":true,"jetpack_social_post_already_shared":false,"jetpack_social_options":{"image_generator_settings":{"template":"highway","default_image_id":0,"font":"","enabled":false},"version":2}},"categories":[5,14],"tags":[24,40],"class_list":["post-3298","post","type-post","status-publish","format-standard","hentry","category-camps","category-dx","tag-am","tag-dx"],"jetpack_publicize_connections":[],"jetpack_featured_media_url":"","jetpack_sharing_enabled":true,"jetpack_shortlink":"https:\/\/wp.me\/p5CDmr-Rc","jetpack-related-posts":[{"id":8623,"url":"https:\/\/www.achimbrueckner.de\/dxradio\/php\/wordpress\/?p=8623","url_meta":{"origin":3298,"position":0},"title":"Hamradio 2016 Fotoshow","author":"Administrator","date":"June 26, 2016","format":false,"excerpt":"http:\/\/www.fenu-radio.ch\/Fotoshow\/Hamradio-2016\/Hamradio%202016.html","rel":"","context":"In &quot;camps&quot;","block_context":{"text":"camps","link":"https:\/\/www.achimbrueckner.de\/dxradio\/php\/wordpress\/?cat=5"},"img":{"alt_text":"","src":"","width":0,"height":0},"classes":[]},{"id":4653,"url":"https:\/\/www.achimbrueckner.de\/dxradio\/php\/wordpress\/?p=4653","url_meta":{"origin":3298,"position":1},"title":"Camptermine der Radiofreunde NRW f\u00fcr 2016","author":"Administrator","date":"May 17, 2015","format":false,"excerpt":"Hallo, nachdem wir die starken St\u00f6rungen finden konnten, die auf dem letzten Wintercamp im Holzerbachtal das H\u00f6ren stark eingeschr\u00e4nkt hatten, haben wir uns entschlossen, auch in 2016 im Holzerbachtal zu bleiben und Termine festzumachen. Mit unserem Herbstcamptermin f\u00fcr 2015 sind dies: Herbstcamp 2015, Naturfreundehaus Holzerbachtal, Solingen-Wald: Mittwoch, den 7.10.2015 bis\u2026","rel":"","context":"In &quot;camps&quot;","block_context":{"text":"camps","link":"https:\/\/www.achimbrueckner.de\/dxradio\/php\/wordpress\/?cat=5"},"img":{"alt_text":"","src":"","width":0,"height":0},"classes":[]},{"id":12303,"url":"https:\/\/www.achimbrueckner.de\/dxradio\/php\/wordpress\/?p=12303","url_meta":{"origin":3298,"position":2},"title":"DX-Wintercamp Holzerbachtal 2017","author":"Administrator","date":"February 26, 2017","format":false,"excerpt":"http:\/\/www.fenu-radio.ch\/index20.htm#DX-Wintercamp_Holzerbachtal_2017","rel":"","context":"In &quot;Deutsch&quot;","block_context":{"text":"Deutsch","link":"https:\/\/www.achimbrueckner.de\/dxradio\/php\/wordpress\/?cat=1"},"img":{"alt_text":"","src":"","width":0,"height":0},"classes":[]},{"id":2890,"url":"https:\/\/www.achimbrueckner.de\/dxradio\/php\/wordpress\/?p=2890","url_meta":{"origin":3298,"position":3},"title":"Bilder Berichte Camp Radiofreunde NRW Februar 2014","author":"Administrator","date":"February 15, 2014","format":false,"excerpt":"http:\/\/newsroom.bonito.net\/?p=319 http:\/\/www.fenu-radio.ch\/index20.htm#Holzerbachtal-Februar-2014","rel":"","context":"In &quot;camps&quot;","block_context":{"text":"camps","link":"https:\/\/www.achimbrueckner.de\/dxradio\/php\/wordpress\/?cat=5"},"img":{"alt_text":"","src":"","width":0,"height":0},"classes":[]},{"id":5016,"url":"https:\/\/www.achimbrueckner.de\/dxradio\/php\/wordpress\/?p=5016","url_meta":{"origin":3298,"position":4},"title":"UKW\/TV-Arbeitskreis auf der HAMRADIO","author":"Administrator","date":"June 25, 2015","format":false,"excerpt":"Wir haben heute unseren Messestand aufgebaut, die neuen Publikationen sind rechtzeitig eingetroffen, die Flyer sind gefaltet - morgen fr\u00fch kann die Messe beginnen. Bilder: https:\/\/pbs.twimg.com\/media\/CIV3JqqWoAA0pZF.jpg https:\/\/pbs.twimg.com\/media\/CIVlzvdWEAAcanf.jpg https:\/\/twitter.com\/UKWTV\/status\/614008589796163584\/photo\/1 Folgende besondere Themen-Treffs gibt es an unserem Stand: Freitag 26.06. 16:00 Vorstellung des neuen Reuter-Empf\u00e4ngers durch Ralph Menn Samstag 27.06. 11:00 Udo Isaenko\u2026","rel":"","context":"In &quot;camps&quot;","block_context":{"text":"camps","link":"https:\/\/www.achimbrueckner.de\/dxradio\/php\/wordpress\/?cat=5"},"img":{"alt_text":"","src":"","width":0,"height":0},"classes":[]},{"id":1492,"url":"https:\/\/www.achimbrueckner.de\/dxradio\/php\/wordpress\/?p=1492","url_meta":{"origin":3298,"position":5},"title":"ADDX H\u00f6rertreffen Ham Radio 2011","author":"Administrator","date":"April 21, 2011","format":false,"excerpt":"Vielen H\u00f6rern von KBS World Radio wird bekannt sein, dass sich der Vereinsvorstand des Deutsch-Koreanischen Freundeskreises Mainz e.V. nach 15 Jahren erfolgreich durchgef\u00fchrter KBS World H\u00f6rertreffen nicht mehr in der Lage sieht, diese beliebte Veranstaltung weiter durchzuf\u00fchren. Im Rahmen des Kurzwellenh\u00f6rer-Treffes der ADDX auf der Hamradio 2011 besteht nun die\u2026","rel":"","context":"In &quot;camps&quot;","block_context":{"text":"camps","link":"https:\/\/www.achimbrueckner.de\/dxradio\/php\/wordpress\/?cat=5"},"img":{"alt_text":"","src":"","width":0,"height":0},"classes":[]}],"_links":{"self":[{"href":"https:\/\/www.achimbrueckner.de\/dxradio\/php\/wordpress\/index.php?rest_route=\/wp\/v2\/posts\/3298","targetHints":{"allow":["GET"]}}],"collection":[{"href":"https:\/\/www.achimbrueckner.de\/dxradio\/php\/wordpress\/index.php?rest_route=\/wp\/v2\/posts"}],"about":[{"href":"https:\/\/www.achimbrueckner.de\/dxradio\/php\/wordpress\/index.php?rest_route=\/wp\/v2\/types\/post"}],"author":[{"embeddable":true,"href":"https:\/\/www.achimbrueckner.de\/dxradio\/php\/wordpress\/index.php?rest_route=\/wp\/v2\/users\/1"}],"replies":[{"embeddable":true,"href":"https:\/\/www.achimbrueckner.de\/dxradio\/php\/wordpress\/index.php?rest_route=%2Fwp%2Fv2%2Fcomments&post=3298"}],"version-history":[{"count":0,"href":"https:\/\/www.achimbrueckner.de\/dxradio\/php\/wordpress\/index.php?rest_route=\/wp\/v2\/posts\/3298\/revisions"}],"wp:attachment":[{"href":"https:\/\/www.achimbrueckner.de\/dxradio\/php\/wordpress\/index.php?rest_route=%2Fwp%2Fv2%2Fmedia&parent=3298"}],"wp:term":[{"taxonomy":"category","embeddable":true,"href":"https:\/\/www.achimbrueckner.de\/dxradio\/php\/wordpress\/index.php?rest_route=%2Fwp%2Fv2%2Fcategories&post=3298"},{"taxonomy":"post_tag","embeddable":true,"href":"https:\/\/www.achimbrueckner.de\/dxradio\/php\/wordpress\/index.php?rest_route=%2Fwp%2Fv2%2Ftags&post=3298"}],"curies":[{"name":"wp","href":"https:\/\/api.w.org\/{rel}","templated":true}]}}