{"id":32991,"date":"2021-07-03T15:59:16","date_gmt":"2021-07-03T15:59:16","guid":{"rendered":"https:\/\/www.achimbrueckner.de\/dxradio\/php\/wordpress\/?p=32991"},"modified":"2021-07-03T15:59:16","modified_gmt":"2021-07-03T15:59:16","slug":"warum-das-junge-radio-ein-nachwuchsproblem-hat","status":"publish","type":"post","link":"https:\/\/www.achimbrueckner.de\/dxradio\/php\/wordpress\/?p=32991","title":{"rendered":"Warum das junge Radio ein Nachwuchsproblem hat"},"content":{"rendered":"<p><a href=\"https:\/\/www.dwdl.de\/schallundrausch\/83480\/warum_das_junge_radio_ein_nachwuchsproblem_hat\/\" rel=\"noopener\" target=\"_blank\">https:\/\/www.dwdl.de\/schallundrausch\/83480\/warum_das_junge_radio_ein_nachwuchsproblem_hat\/<\/a><\/p>\n","protected":false},"excerpt":{"rendered":"<p>https:\/\/www.dwdl.de\/schallundrausch\/83480\/warum_das_junge_radio_ein_nachwuchsproblem_hat\/<\/p>\n","protected":false},"author":1,"featured_media":0,"comment_status":"closed","ping_status":"open","sticky":false,"template":"","format":"standard","meta":{"_jetpack_memberships_contains_paid_content":false,"footnotes":"","jetpack_publicize_message":"","jetpack_publicize_feature_enabled":true,"jetpack_social_post_already_shared":true,"jetpack_social_options":{"image_generator_settings":{"template":"highway","default_image_id":0,"font":"","enabled":false},"version":2}},"categories":[1],"tags":[],"class_list":["post-32991","post","type-post","status-publish","format-standard","hentry","category-deutsch"],"jetpack_publicize_connections":[],"jetpack_featured_media_url":"","jetpack_sharing_enabled":true,"jetpack_shortlink":"https:\/\/wp.me\/p5CDmr-8A7","jetpack-related-posts":[{"id":33032,"url":"https:\/\/www.achimbrueckner.de\/dxradio\/php\/wordpress\/?p=33032","url_meta":{"origin":32991,"position":0},"title":"Und t\u00e4glich gr\u00fc\u00dft das Radio: Psychoterror f\u00fcr Taxifahrer?","author":"Administrator","date":"July 10, 2021","format":false,"excerpt":"https:\/\/www.dwdl.de\/schallundrausch\/83566\/und_taeglich_gruesst_das_radio_psychoterror_fuer_taxifahrer\/","rel":"","context":"In &quot;Deutsch&quot;","block_context":{"text":"Deutsch","link":"https:\/\/www.achimbrueckner.de\/dxradio\/php\/wordpress\/?cat=1"},"img":{"alt_text":"","src":"","width":0,"height":0},"classes":[]},{"id":33198,"url":"https:\/\/www.achimbrueckner.de\/dxradio\/php\/wordpress\/?p=33198","url_meta":{"origin":32991,"position":1},"title":"Junges Radio muss sich noch mehr neu erfinden als das Fernsehen","author":"Administrator","date":"July 31, 2021","format":false,"excerpt":"https:\/\/www.dwdl.de\/schallundrausch\/83868\/junges_radio_muss_sich_noch_mehr_neu_erfinden_als_das_fernsehen\/","rel":"","context":"In &quot;Deutsch&quot;","block_context":{"text":"Deutsch","link":"https:\/\/www.achimbrueckner.de\/dxradio\/php\/wordpress\/?cat=1"},"img":{"alt_text":"","src":"","width":0,"height":0},"classes":[]},{"id":33456,"url":"https:\/\/www.achimbrueckner.de\/dxradio\/php\/wordpress\/?p=33456","url_meta":{"origin":32991,"position":2},"title":"Tor, Tor, Tor: Fu\u00dfball, Radio und viele Bilder im Kopf","author":"Administrator","date":"August 28, 2021","format":false,"excerpt":"https:\/\/www.dwdl.de\/schallundrausch\/84232\/tor_tor_tor_fussball_radio_und_viele_bilder_im_kopf\/","rel":"","context":"In &quot;Deutsch&quot;","block_context":{"text":"Deutsch","link":"https:\/\/www.achimbrueckner.de\/dxradio\/php\/wordpress\/?cat=1"},"img":{"alt_text":"","src":"","width":0,"height":0},"classes":[]},{"id":19312,"url":"https:\/\/www.achimbrueckner.de\/dxradio\/php\/wordpress\/?p=19312","url_meta":{"origin":32991,"position":3},"title":"&#8220;Frustriert von politischen Eingriffen&#8221; Warum Georg Kofler ein \u00f6ffentlich-rechtliches Trauma hat","author":"Administrator","date":"September 26, 2018","format":false,"excerpt":"https:\/\/www.dwdl.de\/nachrichten\/68948\/warum_georg_kofler_ein_oeffentlichrechtliches_trauma_hat\/","rel":"","context":"In &quot;Deutsch&quot;","block_context":{"text":"Deutsch","link":"https:\/\/www.achimbrueckner.de\/dxradio\/php\/wordpress\/?cat=1"},"img":{"alt_text":"","src":"","width":0,"height":0},"classes":[]},{"id":37897,"url":"https:\/\/www.achimbrueckner.de\/dxradio\/php\/wordpress\/?p=37897","url_meta":{"origin":32991,"position":4},"title":"RFE Ausstellung Stadtmuseum M\u00fcnchen","author":"Administrator","date":"November 10, 2022","format":false,"excerpt":"Hatte nun die Gelegenheit, im Stadtmuseum M\u00fcnchen die Ausstellung \u00fcber RFE anzusehen. F\u00fcr jemanden der dort viele Jahre gearbeitet hat, ist das aber eher eine Entt\u00e4uschung. Obwohl das nat\u00fcrlich nur ein Baustein innerhalb eines Projekts \u00fcber Migranten in M\u00fcnchen ist, h\u00e4tte man spannendere Geschichten finden k\u00f6nnen. Warum ausgerechnet die Witwe\u2026","rel":"","context":"In &quot;Deutsch&quot;","block_context":{"text":"Deutsch","link":"https:\/\/www.achimbrueckner.de\/dxradio\/php\/wordpress\/?cat=1"},"img":{"alt_text":"","src":"","width":0,"height":0},"classes":[]},{"id":18075,"url":"https:\/\/www.achimbrueckner.de\/dxradio\/php\/wordpress\/?p=18075","url_meta":{"origin":32991,"position":5},"title":"Warum das Radio eine Zukunft hat","author":"Administrator","date":"June 5, 2018","format":false,"excerpt":"http:\/\/www.haz.de\/Nachrichten\/Medien\/Uebersicht\/Warum-das-Radio-eine-Zukunft-hat","rel":"","context":"In &quot;Deutsch&quot;","block_context":{"text":"Deutsch","link":"https:\/\/www.achimbrueckner.de\/dxradio\/php\/wordpress\/?cat=1"},"img":{"alt_text":"","src":"","width":0,"height":0},"classes":[]}],"_links":{"self":[{"href":"https:\/\/www.achimbrueckner.de\/dxradio\/php\/wordpress\/index.php?rest_route=\/wp\/v2\/posts\/32991","targetHints":{"allow":["GET"]}}],"collection":[{"href":"https:\/\/www.achimbrueckner.de\/dxradio\/php\/wordpress\/index.php?rest_route=\/wp\/v2\/posts"}],"about":[{"href":"https:\/\/www.achimbrueckner.de\/dxradio\/php\/wordpress\/index.php?rest_route=\/wp\/v2\/types\/post"}],"author":[{"embeddable":true,"href":"https:\/\/www.achimbrueckner.de\/dxradio\/php\/wordpress\/index.php?rest_route=\/wp\/v2\/users\/1"}],"replies":[{"embeddable":true,"href":"https:\/\/www.achimbrueckner.de\/dxradio\/php\/wordpress\/index.php?rest_route=%2Fwp%2Fv2%2Fcomments&post=32991"}],"version-history":[{"count":0,"href":"https:\/\/www.achimbrueckner.de\/dxradio\/php\/wordpress\/index.php?rest_route=\/wp\/v2\/posts\/32991\/revisions"}],"wp:attachment":[{"href":"https:\/\/www.achimbrueckner.de\/dxradio\/php\/wordpress\/index.php?rest_route=%2Fwp%2Fv2%2Fmedia&parent=32991"}],"wp:term":[{"taxonomy":"category","embeddable":true,"href":"https:\/\/www.achimbrueckner.de\/dxradio\/php\/wordpress\/index.php?rest_route=%2Fwp%2Fv2%2Fcategories&post=32991"},{"taxonomy":"post_tag","embeddable":true,"href":"https:\/\/www.achimbrueckner.de\/dxradio\/php\/wordpress\/index.php?rest_route=%2Fwp%2Fv2%2Ftags&post=32991"}],"curies":[{"name":"wp","href":"https:\/\/api.w.org\/{rel}","templated":true}]}}