{"id":3308,"date":"2014-07-02T18:58:44","date_gmt":"2014-07-02T18:58:44","guid":{"rendered":"https:\/\/www.achimbrueckner.de\/dxradio\/php\/wordpress\/?p=3308"},"modified":"2014-07-02T18:58:44","modified_gmt":"2014-07-02T18:58:44","slug":"sender-tabelle-2014","status":"publish","type":"post","link":"https:\/\/www.achimbrueckner.de\/dxradio\/php\/wordpress\/?p=3308","title":{"rendered":"Sender-Tabelle 2014"},"content":{"rendered":"<p>P\u00fcnktlich zur Ham Radio ist die Neuauflage der Sender-Tabelle 2014 erschienen! Auf 500 Seiten werden alle technischen Details zu den Rundfunksendern auf UKW und DAB aufgef\u00fchrt. Mit DAB-Senderkarten im Buch, UKW-Senderkarten seperat im DIN A1-Format erh\u00e4ltlich. Weitere Infos und Bestellm\u00f6glichkeiten unter<\/p>\n<p><a href=\"http:\/\/www.ukwtv.de\/cms\/ukw-tv-arbeitskreis\/publikationen.html\" target=\"_blank\">http:\/\/www.ukwtv.de\/cms\/ukw-tv-arbeitskreis\/publikationen.html<\/a><\/p>\n","protected":false},"excerpt":{"rendered":"<p>P\u00fcnktlich zur Ham Radio ist die Neuauflage der Sender-Tabelle 2014 erschienen! Auf 500 Seiten werden alle technischen Details zu den Rundfunksendern auf UKW und DAB aufgef\u00fchrt. Mit DAB-Senderkarten im Buch, UKW-Senderkarten seperat im DIN A1-Format erh\u00e4ltlich. Weitere Infos und Bestellm\u00f6glichkeiten unter http:\/\/www.ukwtv.de\/cms\/ukw-tv-arbeitskreis\/publikationen.html<\/p>\n","protected":false},"author":1,"featured_media":0,"comment_status":"open","ping_status":"open","sticky":false,"template":"","format":"standard","meta":{"_jetpack_memberships_contains_paid_content":false,"footnotes":"","jetpack_publicize_message":"","jetpack_publicize_feature_enabled":true,"jetpack_social_post_already_shared":false,"jetpack_social_options":{"image_generator_settings":{"template":"highway","default_image_id":0,"font":"","enabled":false},"version":2}},"categories":[1],"tags":[24,31,27],"class_list":["post-3308","post","type-post","status-publish","format-standard","hentry","category-deutsch","tag-am","tag-dab","tag-ukw"],"jetpack_publicize_connections":[],"jetpack_featured_media_url":"","jetpack_sharing_enabled":true,"jetpack_shortlink":"https:\/\/wp.me\/p5CDmr-Rm","jetpack-related-posts":[{"id":5107,"url":"https:\/\/www.achimbrueckner.de\/dxradio\/php\/wordpress\/?p=5107","url_meta":{"origin":3308,"position":0},"title":"Sender-Tabelle, UKW\/DAB &#8211; Band 2","author":"Administrator","date":"July 4, 2015","format":false,"excerpt":"http:\/\/www.ukwtv.de\/cms\/ukw-tv-arbeitskreis\/publikationen\/719-sender-tabelle-ukw-dab-band-2.html","rel":"","context":"In &quot;Deutsch&quot;","block_context":{"text":"Deutsch","link":"https:\/\/www.achimbrueckner.de\/dxradio\/php\/wordpress\/?cat=1"},"img":{"alt_text":"","src":"","width":0,"height":0},"classes":[]},{"id":5111,"url":"https:\/\/www.achimbrueckner.de\/dxradio\/php\/wordpress\/?p=5111","url_meta":{"origin":3308,"position":1},"title":"Sender-Tabelle, UKW\/DAB &#8211; Band 1","author":"Administrator","date":"July 4, 2015","format":false,"excerpt":"http:\/\/www.ukwtv.de\/cms\/ukw-tv-arbeitskreis\/publikationen\/631-sender-tabelle-ukw-dab-band-1.html","rel":"","context":"In &quot;Deutsch&quot;","block_context":{"text":"Deutsch","link":"https:\/\/www.achimbrueckner.de\/dxradio\/php\/wordpress\/?cat=1"},"img":{"alt_text":"","src":"","width":0,"height":0},"classes":[]},{"id":10274,"url":"https:\/\/www.achimbrueckner.de\/dxradio\/php\/wordpress\/?p=10274","url_meta":{"origin":3308,"position":2},"title":"DAB+: Sender wollen Multinormchips statt UKW-Abschaltdatum","author":"Administrator","date":"September 6, 2016","format":false,"excerpt":"http:\/\/www.golem.de\/news\/dab-sender-wollen-multinormchips-statt-ukw-abschaltdatum-1609-123127.html","rel":"","context":"In &quot;Deutsch&quot;","block_context":{"text":"Deutsch","link":"https:\/\/www.achimbrueckner.de\/dxradio\/php\/wordpress\/?cat=1"},"img":{"alt_text":"","src":"","width":0,"height":0},"classes":[]},{"id":1758,"url":"https:\/\/www.achimbrueckner.de\/dxradio\/php\/wordpress\/?p=1758","url_meta":{"origin":3308,"position":3},"title":"Digitalradio DAB+ unterwegs im Auto h\u00f6ren und dabei auf UKW, USB und iPod-Steuerung nicht verzichten m\u00fcssen","author":"Administrator","date":"August 27, 2011","format":false,"excerpt":"Digitalradio DAB+ unterwegs im Auto h\u00f6ren und dabei auf UKW, USB und iPod-Steuerung nicht verzichten m\u00fcssen http:\/\/kauftipps.fr-online.de\/digitalradio.html Info via A-DX","rel":"","context":"In &quot;Deutsch&quot;","block_context":{"text":"Deutsch","link":"https:\/\/www.achimbrueckner.de\/dxradio\/php\/wordpress\/?cat=1"},"img":{"alt_text":"","src":"","width":0,"height":0},"classes":[]},{"id":30381,"url":"https:\/\/www.achimbrueckner.de\/dxradio\/php\/wordpress\/?p=30381","url_meta":{"origin":3308,"position":4},"title":"DAB+: Wieso empfange ich nicht alle Sender, die ich auch \u00fcber UKW empfange?","author":"Administrator","date":"October 11, 2020","format":false,"excerpt":"https:\/\/www.mdr.de\/mdr-thueringen\/redakteur-dab-plus-empfang-ukw-sender-100.html","rel":"","context":"In &quot;Deutsch&quot;","block_context":{"text":"Deutsch","link":"https:\/\/www.achimbrueckner.de\/dxradio\/php\/wordpress\/?cat=1"},"img":{"alt_text":"","src":"","width":0,"height":0},"classes":[]},{"id":44939,"url":"https:\/\/www.achimbrueckner.de\/dxradio\/php\/wordpress\/?p=44939","url_meta":{"origin":3308,"position":5},"title":"Spanien: Wenn UKW-Sender den DAB+ Empfang st\u00f6ren","author":"Administrator","date":"February 2, 2026","format":false,"excerpt":"https:\/\/www.radioblog.eu\/2026\/02\/01\/spanien-wenn-ukw-sender-den-dab-empfang-stoeren\/","rel":"","context":"In &quot;Deutsch&quot;","block_context":{"text":"Deutsch","link":"https:\/\/www.achimbrueckner.de\/dxradio\/php\/wordpress\/?cat=1"},"img":{"alt_text":"","src":"","width":0,"height":0},"classes":[]}],"_links":{"self":[{"href":"https:\/\/www.achimbrueckner.de\/dxradio\/php\/wordpress\/index.php?rest_route=\/wp\/v2\/posts\/3308","targetHints":{"allow":["GET"]}}],"collection":[{"href":"https:\/\/www.achimbrueckner.de\/dxradio\/php\/wordpress\/index.php?rest_route=\/wp\/v2\/posts"}],"about":[{"href":"https:\/\/www.achimbrueckner.de\/dxradio\/php\/wordpress\/index.php?rest_route=\/wp\/v2\/types\/post"}],"author":[{"embeddable":true,"href":"https:\/\/www.achimbrueckner.de\/dxradio\/php\/wordpress\/index.php?rest_route=\/wp\/v2\/users\/1"}],"replies":[{"embeddable":true,"href":"https:\/\/www.achimbrueckner.de\/dxradio\/php\/wordpress\/index.php?rest_route=%2Fwp%2Fv2%2Fcomments&post=3308"}],"version-history":[{"count":0,"href":"https:\/\/www.achimbrueckner.de\/dxradio\/php\/wordpress\/index.php?rest_route=\/wp\/v2\/posts\/3308\/revisions"}],"wp:attachment":[{"href":"https:\/\/www.achimbrueckner.de\/dxradio\/php\/wordpress\/index.php?rest_route=%2Fwp%2Fv2%2Fmedia&parent=3308"}],"wp:term":[{"taxonomy":"category","embeddable":true,"href":"https:\/\/www.achimbrueckner.de\/dxradio\/php\/wordpress\/index.php?rest_route=%2Fwp%2Fv2%2Fcategories&post=3308"},{"taxonomy":"post_tag","embeddable":true,"href":"https:\/\/www.achimbrueckner.de\/dxradio\/php\/wordpress\/index.php?rest_route=%2Fwp%2Fv2%2Ftags&post=3308"}],"curies":[{"name":"wp","href":"https:\/\/api.w.org\/{rel}","templated":true}]}}