{"id":3315,"date":"2014-07-07T13:11:20","date_gmt":"2014-07-07T13:11:20","guid":{"rendered":"https:\/\/www.achimbrueckner.de\/dxradio\/php\/wordpress\/?p=3315"},"modified":"2014-07-07T13:11:20","modified_gmt":"2014-07-07T13:11:20","slug":"neue-smartphone-app-belohnt-furs-zuhoren-und-bindet-horer","status":"publish","type":"post","link":"https:\/\/www.achimbrueckner.de\/dxradio\/php\/wordpress\/?p=3315","title":{"rendered":"Neue Smartphone-App belohnt f\u00fcrs Zuh\u00f6ren und bindet H\u00f6rer"},"content":{"rendered":"<p><a href=\"http:\/\/www.radioszene.de\/69930\/audiogaz.html\" target=\"_blank\">http:\/\/www.radioszene.de\/69930\/audiogaz.html<\/a><\/p>\n","protected":false},"excerpt":{"rendered":"<p>http:\/\/www.radioszene.de\/69930\/audiogaz.html<\/p>\n","protected":false},"author":1,"featured_media":0,"comment_status":"open","ping_status":"open","sticky":false,"template":"","format":"standard","meta":{"_jetpack_memberships_contains_paid_content":false,"footnotes":"","jetpack_publicize_message":"","jetpack_publicize_feature_enabled":true,"jetpack_social_post_already_shared":false,"jetpack_social_options":{"image_generator_settings":{"template":"highway","default_image_id":0,"font":"","enabled":false},"version":2}},"categories":[47,1,16],"tags":[19,41],"class_list":["post-3315","post","type-post","status-publish","format-standard","hentry","category-audio","category-deutsch","category-radioszene","tag-audio","tag-radioszene"],"jetpack_publicize_connections":[],"jetpack_featured_media_url":"","jetpack_sharing_enabled":true,"jetpack_shortlink":"https:\/\/wp.me\/p5CDmr-Rt","jetpack-related-posts":[{"id":25363,"url":"https:\/\/www.achimbrueckner.de\/dxradio\/php\/wordpress\/?p=25363","url_meta":{"origin":3315,"position":0},"title":"Die neue Audio-Lust: Fast doppelt so viele t\u00e4gliche H\u00f6rer wie 2018","author":"Administrator","date":"October 17, 2019","format":false,"excerpt":"https:\/\/www.radioszene.de\/137599\/audible-hoerkompass-2019.html","rel":"","context":"In &quot;audio&quot;","block_context":{"text":"audio","link":"https:\/\/www.achimbrueckner.de\/dxradio\/php\/wordpress\/?cat=47"},"img":{"alt_text":"","src":"","width":0,"height":0},"classes":[]},{"id":16995,"url":"https:\/\/www.achimbrueckner.de\/dxradio\/php\/wordpress\/?p=16995","url_meta":{"origin":3315,"position":1},"title":"ma Audio 2018: Neue Konvergenzw\u00e4hrung f\u00fcr Radio und Online-Audio","author":"Administrator","date":"March 21, 2018","format":false,"excerpt":"http:\/\/www.radioszene.de\/119873\/ma-audio-2018.html","rel":"","context":"In &quot;audio&quot;","block_context":{"text":"audio","link":"https:\/\/www.achimbrueckner.de\/dxradio\/php\/wordpress\/?cat=47"},"img":{"alt_text":"","src":"","width":0,"height":0},"classes":[]},{"id":18448,"url":"https:\/\/www.achimbrueckner.de\/dxradio\/php\/wordpress\/?p=18448","url_meta":{"origin":3315,"position":2},"title":"ma 2018: Neue H\u00f6rerzahlen f\u00fcr Radio und Online-Audio","author":"Administrator","date":"July 11, 2018","format":false,"excerpt":"https:\/\/www.radioszene.de\/123731\/ma-2018.html","rel":"","context":"In &quot;audio&quot;","block_context":{"text":"audio","link":"https:\/\/www.achimbrueckner.de\/dxradio\/php\/wordpress\/?cat=47"},"img":{"alt_text":"","src":"","width":0,"height":0},"classes":[]},{"id":32600,"url":"https:\/\/www.achimbrueckner.de\/dxradio\/php\/wordpress\/?p=32600","url_meta":{"origin":3315,"position":3},"title":"Innovation: Gong 96.3 bietet als erster Radiosender spannenden Audio-Live-Walk f\u00fcr H\u00f6rer an","author":"Administrator","date":"May 1, 2021","format":false,"excerpt":"https:\/\/www.radioszene.de\/154107\/radio-gong963-audio-live-walk.html","rel":"","context":"In &quot;audio&quot;","block_context":{"text":"audio","link":"https:\/\/www.achimbrueckner.de\/dxradio\/php\/wordpress\/?cat=47"},"img":{"alt_text":"","src":"","width":0,"height":0},"classes":[]},{"id":32056,"url":"https:\/\/www.achimbrueckner.de\/dxradio\/php\/wordpress\/?p=32056","url_meta":{"origin":3315,"position":4},"title":"Neue ffn-Streams: ffn rockt!, ffn Gold, ffn 80er und ffn Hits*","author":"Administrator","date":"February 22, 2021","format":false,"excerpt":"https:\/\/www.radioszene.de\/152392\/ffn-audiostreams.html","rel":"","context":"In &quot;audio&quot;","block_context":{"text":"audio","link":"https:\/\/www.achimbrueckner.de\/dxradio\/php\/wordpress\/?cat=47"},"img":{"alt_text":"","src":"","width":0,"height":0},"classes":[]},{"id":15904,"url":"https:\/\/www.achimbrueckner.de\/dxradio\/php\/wordpress\/?p=15904","url_meta":{"origin":3315,"position":5},"title":"Das neue Sound-Design f\u00fcr das neue Charivari von AUDIONPLUS","author":"Administrator","date":"December 14, 2017","format":false,"excerpt":"http:\/\/www.radioszene.de\/116224\/charivari-jingles-audionplus.html","rel":"","context":"In &quot;audio&quot;","block_context":{"text":"audio","link":"https:\/\/www.achimbrueckner.de\/dxradio\/php\/wordpress\/?cat=47"},"img":{"alt_text":"","src":"","width":0,"height":0},"classes":[]}],"_links":{"self":[{"href":"https:\/\/www.achimbrueckner.de\/dxradio\/php\/wordpress\/index.php?rest_route=\/wp\/v2\/posts\/3315","targetHints":{"allow":["GET"]}}],"collection":[{"href":"https:\/\/www.achimbrueckner.de\/dxradio\/php\/wordpress\/index.php?rest_route=\/wp\/v2\/posts"}],"about":[{"href":"https:\/\/www.achimbrueckner.de\/dxradio\/php\/wordpress\/index.php?rest_route=\/wp\/v2\/types\/post"}],"author":[{"embeddable":true,"href":"https:\/\/www.achimbrueckner.de\/dxradio\/php\/wordpress\/index.php?rest_route=\/wp\/v2\/users\/1"}],"replies":[{"embeddable":true,"href":"https:\/\/www.achimbrueckner.de\/dxradio\/php\/wordpress\/index.php?rest_route=%2Fwp%2Fv2%2Fcomments&post=3315"}],"version-history":[{"count":0,"href":"https:\/\/www.achimbrueckner.de\/dxradio\/php\/wordpress\/index.php?rest_route=\/wp\/v2\/posts\/3315\/revisions"}],"wp:attachment":[{"href":"https:\/\/www.achimbrueckner.de\/dxradio\/php\/wordpress\/index.php?rest_route=%2Fwp%2Fv2%2Fmedia&parent=3315"}],"wp:term":[{"taxonomy":"category","embeddable":true,"href":"https:\/\/www.achimbrueckner.de\/dxradio\/php\/wordpress\/index.php?rest_route=%2Fwp%2Fv2%2Fcategories&post=3315"},{"taxonomy":"post_tag","embeddable":true,"href":"https:\/\/www.achimbrueckner.de\/dxradio\/php\/wordpress\/index.php?rest_route=%2Fwp%2Fv2%2Ftags&post=3315"}],"curies":[{"name":"wp","href":"https:\/\/api.w.org\/{rel}","templated":true}]}}