{"id":3321,"date":"2014-07-09T08:49:29","date_gmt":"2014-07-09T08:49:29","guid":{"rendered":"https:\/\/www.achimbrueckner.de\/dxradio\/php\/wordpress\/?p=3321"},"modified":"2014-07-09T08:49:29","modified_gmt":"2014-07-09T08:49:29","slug":"langerringen-ausgefunkt-70-antennen-und-30-turme-verschwinden","status":"publish","type":"post","link":"https:\/\/www.achimbrueckner.de\/dxradio\/php\/wordpress\/?p=3321","title":{"rendered":"LANGERRINGEN Ausgefunkt: 70 Antennen und 30 T\u00fcrme verschwinden"},"content":{"rendered":"<p><a href=\"http:\/\/www.augsburger-allgemeine.de\/schwabmuenchen\/Ausgefunkt-70-Antennen-und-30-Tuerme-verschwinden-id30526577.html\" target=\"_blank\">http:\/\/www.augsburger-allgemeine.de\/schwabmuenchen\/Ausgefunkt-70-Antennen-und-30-Tuerme-verschwinden-id30526577.html<\/a><\/p>\n<p>Info via <a href=\"http:\/\/www.ratzer.at\" target=\"_blank\">A-DX<\/a><\/p>\n","protected":false},"excerpt":{"rendered":"<p>http:\/\/www.augsburger-allgemeine.de\/schwabmuenchen\/Ausgefunkt-70-Antennen-und-30-Tuerme-verschwinden-id30526577.html Info via A-DX<\/p>\n","protected":false},"author":1,"featured_media":0,"comment_status":"open","ping_status":"open","sticky":false,"template":"","format":"standard","meta":{"_jetpack_memberships_contains_paid_content":false,"footnotes":"","jetpack_publicize_message":"","jetpack_publicize_feature_enabled":true,"jetpack_social_post_already_shared":false,"jetpack_social_options":{"image_generator_settings":{"template":"highway","default_image_id":0,"font":"","enabled":false},"version":2}},"categories":[1,14],"tags":[40],"class_list":["post-3321","post","type-post","status-publish","format-standard","hentry","category-deutsch","category-dx","tag-dx"],"jetpack_publicize_connections":[],"jetpack_featured_media_url":"","jetpack_sharing_enabled":true,"jetpack_shortlink":"https:\/\/wp.me\/p5CDmr-Rz","jetpack-related-posts":[{"id":11908,"url":"https:\/\/www.achimbrueckner.de\/dxradio\/php\/wordpress\/?p=11908","url_meta":{"origin":3321,"position":0},"title":"Publikation der DGPT zum Thema &#8220;Sender und Antennen&#8221;","author":"Administrator","date":"January 29, 2017","format":false,"excerpt":"Hallo zusammen, das aktuelle Heft der \"Deutschen Gesellschaft f\u00fcr Post- und Telekommunikationsgeschichte\" hat zum Thema \"Sender und Antennen\". Ein Schwerpunkt sind die Sendeanlagen auf dem Gro\u00dfen Feldberg. Weitere Themen sind - \"die Deutsche Welle\", - der Gro\u00dfsender M\u00fchlacker und die Senderstadt - Senderr\u00f6hren und - der Lorenz-Gro\u00dfsender in der Sammlung\u2026","rel":"","context":"In &quot;Deutsch&quot;","block_context":{"text":"Deutsch","link":"https:\/\/www.achimbrueckner.de\/dxradio\/php\/wordpress\/?cat=1"},"img":{"alt_text":"","src":"","width":0,"height":0},"classes":[]},{"id":1133,"url":"https:\/\/www.achimbrueckner.de\/dxradio\/php\/wordpress\/?p=1133","url_meta":{"origin":3321,"position":1},"title":"46. DX Camp des Rhein-Main-Radio-Clubs","author":"Administrator","date":"September 8, 2010","format":false,"excerpt":"Einladung zum 46. DX Camp des Rhein-Main-Radio-Clubs Das mittlerweile 46. RMRC - DX - Camp findet traditionell im Naturfreundehaus auf dem Wingertskippel in 63505 Langenselbold bei Hanau vom 27.September bis zum 3.Oktober 2010 statt. Die ersten Camp-Tage sind wie immer vorwiegend zum H\u00f6ren. Hier gibt es Grasnarben DX mit unterschiedlichen\u2026","rel":"","context":"In &quot;camps&quot;","block_context":{"text":"camps","link":"https:\/\/www.achimbrueckner.de\/dxradio\/php\/wordpress\/?cat=5"},"img":{"alt_text":"","src":"","width":0,"height":0},"classes":[]},{"id":956,"url":"https:\/\/www.achimbrueckner.de\/dxradio\/php\/wordpress\/?p=956","url_meta":{"origin":3321,"position":2},"title":"DX-Camp KWFR","author":"Administrator","date":"March 12, 2010","format":false,"excerpt":"Hallo liebe YL und OM, vom 17. Mai bis zum 21. Mai findet zum 5. Mal das DX-Camp der Kuzwellenfreunde Rhein\/Ruhr im Naturfreundehaus Holzerbachtal statt. Das Haus liegt ruhig und verkehrsg\u00fcnstig am Rande von Solingen, nahe der Autobahn A46. Es k\u00f6nnen 10 DX-Pl\u00e4tze aufgebaut werden. Der Verein stellt drei Antennen\u2026","rel":"","context":"In &quot;camps&quot;","block_context":{"text":"camps","link":"https:\/\/www.achimbrueckner.de\/dxradio\/php\/wordpress\/?cat=5"},"img":{"alt_text":"","src":"","width":0,"height":0},"classes":[]},{"id":1095,"url":"https:\/\/www.achimbrueckner.de\/dxradio\/php\/wordpress\/?p=1095","url_meta":{"origin":3321,"position":3},"title":"KWFR-Herbstcamp","author":"Administrator","date":"July 26, 2010","format":false,"excerpt":"Vom 15. September bis zum 19. September 2010 findet zum 6. Mal das DX-Camp der Kurzwellenfreunde Rhein\/Ruhr im Naturfreundehaus Holzerbachtal statt. Das Haus liegt ruhig und verkehrsg\u00fcnstig am Rande von Solingen, nahe der Autobahn A46. Es k\u00f6nnen 10 DX-Pl\u00e4tze aufgebaut werden. Der Verein stellt drei Antennen (HF30, YA-30, und Kelemen-Tropenbanddipol)\u2026","rel":"","context":"In &quot;camps&quot;","block_context":{"text":"camps","link":"https:\/\/www.achimbrueckner.de\/dxradio\/php\/wordpress\/?cat=5"},"img":{"alt_text":"","src":"","width":0,"height":0},"classes":[]},{"id":40034,"url":"https:\/\/www.achimbrueckner.de\/dxradio\/php\/wordpress\/?p=40034","url_meta":{"origin":3321,"position":4},"title":"Whip Antennen PDF","author":"Administrator","date":"August 18, 2023","format":false,"excerpt":"Von DL4ZAO gibt es eine ausgezeichnete 12-seitige Hilfestellung zu Funktionsweise und Betrieb der beliebten kleinen \"Whip\" Antennen. PDF Download unter: https:\/\/www.dl4zao.de\/active_antenna\/index.html#a2137 Info via A-DX Facebook","rel":"","context":"In &quot;Deutsch&quot;","block_context":{"text":"Deutsch","link":"https:\/\/www.achimbrueckner.de\/dxradio\/php\/wordpress\/?cat=1"},"img":{"alt_text":"","src":"","width":0,"height":0},"classes":[]},{"id":4014,"url":"https:\/\/www.achimbrueckner.de\/dxradio\/php\/wordpress\/?p=4014","url_meta":{"origin":3321,"position":5},"title":"Tage des Heusweiler Senders sind gez\u00e4hlt","author":"Administrator","date":"January 24, 2015","format":false,"excerpt":"http:\/\/www.saarbruecker-zeitung.de\/saarland\/koellertal\/heusweiler\/heusweiler\/Heusweiler-Antennen-Hoerfunksendungen-und-Serien-Jahr-1973-Jahr-1994-Jahr-2015-Rundfunkhaeuser-Ultrakurzwelle;art446759,5598107 Info via A-DX","rel":"","context":"In &quot;Deutsch&quot;","block_context":{"text":"Deutsch","link":"https:\/\/www.achimbrueckner.de\/dxradio\/php\/wordpress\/?cat=1"},"img":{"alt_text":"","src":"","width":0,"height":0},"classes":[]}],"_links":{"self":[{"href":"https:\/\/www.achimbrueckner.de\/dxradio\/php\/wordpress\/index.php?rest_route=\/wp\/v2\/posts\/3321","targetHints":{"allow":["GET"]}}],"collection":[{"href":"https:\/\/www.achimbrueckner.de\/dxradio\/php\/wordpress\/index.php?rest_route=\/wp\/v2\/posts"}],"about":[{"href":"https:\/\/www.achimbrueckner.de\/dxradio\/php\/wordpress\/index.php?rest_route=\/wp\/v2\/types\/post"}],"author":[{"embeddable":true,"href":"https:\/\/www.achimbrueckner.de\/dxradio\/php\/wordpress\/index.php?rest_route=\/wp\/v2\/users\/1"}],"replies":[{"embeddable":true,"href":"https:\/\/www.achimbrueckner.de\/dxradio\/php\/wordpress\/index.php?rest_route=%2Fwp%2Fv2%2Fcomments&post=3321"}],"version-history":[{"count":0,"href":"https:\/\/www.achimbrueckner.de\/dxradio\/php\/wordpress\/index.php?rest_route=\/wp\/v2\/posts\/3321\/revisions"}],"wp:attachment":[{"href":"https:\/\/www.achimbrueckner.de\/dxradio\/php\/wordpress\/index.php?rest_route=%2Fwp%2Fv2%2Fmedia&parent=3321"}],"wp:term":[{"taxonomy":"category","embeddable":true,"href":"https:\/\/www.achimbrueckner.de\/dxradio\/php\/wordpress\/index.php?rest_route=%2Fwp%2Fv2%2Fcategories&post=3321"},{"taxonomy":"post_tag","embeddable":true,"href":"https:\/\/www.achimbrueckner.de\/dxradio\/php\/wordpress\/index.php?rest_route=%2Fwp%2Fv2%2Ftags&post=3321"}],"curies":[{"name":"wp","href":"https:\/\/api.w.org\/{rel}","templated":true}]}}