{"id":3322,"date":"2014-07-09T14:50:22","date_gmt":"2014-07-09T14:50:22","guid":{"rendered":"https:\/\/www.achimbrueckner.de\/dxradio\/php\/wordpress\/?p=3322"},"modified":"2014-07-09T14:50:22","modified_gmt":"2014-07-09T14:50:22","slug":"deutlich-wahrnehmbar-leipzig-legt-bebauungsplan-fur-191-meter-funkturm-vor","status":"publish","type":"post","link":"https:\/\/www.achimbrueckner.de\/dxradio\/php\/wordpress\/?p=3322","title":{"rendered":"\u201eDeutlich wahrnehmbar\u201c: Leipzig legt Bebauungsplan f\u00fcr 191-Meter-Funkturm vor"},"content":{"rendered":"<p><a href=\"http:\/\/www.lvz-online.de\/leipzig\/citynews\/deutlich-wahrnehmbar-leipzig-legt-bebauungsplan-fuer-191-meter-hohen-funkturm-vor\/r-citynews-a-245869.html\" target=\"_blank\">http:\/\/www.lvz-online.de\/leipzig\/citynews\/deutlich-wahrnehmbar-leipzig-legt-bebauungsplan-fuer-191-meter-hohen-funkturm-vor\/r-citynews-a-245869.html<\/a><\/p>\n","protected":false},"excerpt":{"rendered":"<p>http:\/\/www.lvz-online.de\/leipzig\/citynews\/deutlich-wahrnehmbar-leipzig-legt-bebauungsplan-fuer-191-meter-hohen-funkturm-vor\/r-citynews-a-245869.html<\/p>\n","protected":false},"author":1,"featured_media":0,"comment_status":"open","ping_status":"open","sticky":false,"template":"","format":"standard","meta":{"_jetpack_memberships_contains_paid_content":false,"footnotes":"","jetpack_publicize_message":"","jetpack_publicize_feature_enabled":true,"jetpack_social_post_already_shared":false,"jetpack_social_options":{"image_generator_settings":{"template":"highway","default_image_id":0,"font":"","enabled":false},"version":2}},"categories":[1],"tags":[],"class_list":["post-3322","post","type-post","status-publish","format-standard","hentry","category-deutsch"],"jetpack_publicize_connections":[],"jetpack_featured_media_url":"","jetpack_sharing_enabled":true,"jetpack_shortlink":"https:\/\/wp.me\/p5CDmr-RA","jetpack-related-posts":[{"id":4285,"url":"https:\/\/www.achimbrueckner.de\/dxradio\/php\/wordpress\/?p=4285","url_meta":{"origin":3322,"position":0},"title":"\u201eDeutlich wahrnehmbar\u201c: Leipzig legt Bebauungsplan f\u00fcr 191-Meter-Funkturm vor","author":"Administrator","date":"March 26, 2015","format":false,"excerpt":"http:\/\/www.lvz-online.de\/leipzig\/citynews\/deutlich-wahrnehmbar-leipzig-legt-bebauungsplan-fuer-191-meter-hohen-funkturm-vor\/r-citynews-a-245869.html","rel":"","context":"In &quot;Deutsch&quot;","block_context":{"text":"Deutsch","link":"https:\/\/www.achimbrueckner.de\/dxradio\/php\/wordpress\/?cat=1"},"img":{"alt_text":"","src":"","width":0,"height":0},"classes":[]},{"id":2904,"url":"https:\/\/www.achimbrueckner.de\/dxradio\/php\/wordpress\/?p=2904","url_meta":{"origin":3322,"position":1},"title":"Landesmedienanstalt k\u00fcrzt F\u00f6rderung f\u00fcr B\u00fcrgerradios \u2013 Sachsens Sender bedroht","author":"Administrator","date":"February 22, 2014","format":false,"excerpt":"http:\/\/www.lvz-online.de\/leipzig\/citynews\/landesmedienanstalt-kuerzt-foerderung-fuer-buergerradios-sachsens-sender-bedroht\/r-citynews-a-228013.html http:\/\/www.addn.me\/freiraeume\/freien-radios-drohen-weitere-einschnitte\/","rel":"","context":"In &quot;Deutsch&quot;","block_context":{"text":"Deutsch","link":"https:\/\/www.achimbrueckner.de\/dxradio\/php\/wordpress\/?cat=1"},"img":{"alt_text":"","src":"","width":0,"height":0},"classes":[]},{"id":6123,"url":"https:\/\/www.achimbrueckner.de\/dxradio\/php\/wordpress\/?p=6123","url_meta":{"origin":3322,"position":2},"title":"Neuer Funkturm w\u00e4chst in Leipzig in die H\u00f6he","author":"Administrator","date":"October 2, 2015","format":false,"excerpt":"http:\/\/www.lvz.de\/Leipzig\/Lokales\/Neuer-Funkturm-waechst-in-Leipzig-in-die-Hoehe","rel":"","context":"In &quot;Deutsch&quot;","block_context":{"text":"Deutsch","link":"https:\/\/www.achimbrueckner.de\/dxradio\/php\/wordpress\/?cat=1"},"img":{"alt_text":"","src":"","width":0,"height":0},"classes":[]},{"id":8435,"url":"https:\/\/www.achimbrueckner.de\/dxradio\/php\/wordpress\/?p=8435","url_meta":{"origin":3322,"position":3},"title":"neuer Funkturm Leipzig in Betrieb","author":"Administrator","date":"May 31, 2016","format":false,"excerpt":"http:\/\/www.radiosaw.de\/neuer-funkturm-leipzig-betrieb","rel":"","context":"In &quot;Deutsch&quot;","block_context":{"text":"Deutsch","link":"https:\/\/www.achimbrueckner.de\/dxradio\/php\/wordpress\/?cat=1"},"img":{"alt_text":"","src":"","width":0,"height":0},"classes":[]},{"id":8446,"url":"https:\/\/www.achimbrueckner.de\/dxradio\/php\/wordpress\/?p=8446","url_meta":{"origin":3322,"position":4},"title":"Leipzig Neuer Telekom-Funkturm f\u00fcr DVB-T2 und DAB+","author":"Administrator","date":"June 1, 2016","format":false,"excerpt":"http:\/\/www.golem.de\/news\/leipzig-neuer-telekom-funkturm-fuer-dvb-t2-und-dab-1606-121235.html","rel":"","context":"In &quot;Deutsch&quot;","block_context":{"text":"Deutsch","link":"https:\/\/www.achimbrueckner.de\/dxradio\/php\/wordpress\/?cat=1"},"img":{"alt_text":"","src":"","width":0,"height":0},"classes":[]},{"id":6315,"url":"https:\/\/www.achimbrueckner.de\/dxradio\/php\/wordpress\/?p=6315","url_meta":{"origin":3322,"position":5},"title":"H\u00f6chstes Geb\u00e4ude der Stadt Leipzigs neuer Funkturm erh\u00e4lt Spitze per Helikopter","author":"Administrator","date":"October 26, 2015","format":false,"excerpt":"http:\/\/www.lvz.de\/Leipzig\/Lokales\/Leipzigs-neuer-Funkturm-erhaelt-Spitze-per-Helikopter","rel":"","context":"In &quot;Deutsch&quot;","block_context":{"text":"Deutsch","link":"https:\/\/www.achimbrueckner.de\/dxradio\/php\/wordpress\/?cat=1"},"img":{"alt_text":"","src":"","width":0,"height":0},"classes":[]}],"_links":{"self":[{"href":"https:\/\/www.achimbrueckner.de\/dxradio\/php\/wordpress\/index.php?rest_route=\/wp\/v2\/posts\/3322","targetHints":{"allow":["GET"]}}],"collection":[{"href":"https:\/\/www.achimbrueckner.de\/dxradio\/php\/wordpress\/index.php?rest_route=\/wp\/v2\/posts"}],"about":[{"href":"https:\/\/www.achimbrueckner.de\/dxradio\/php\/wordpress\/index.php?rest_route=\/wp\/v2\/types\/post"}],"author":[{"embeddable":true,"href":"https:\/\/www.achimbrueckner.de\/dxradio\/php\/wordpress\/index.php?rest_route=\/wp\/v2\/users\/1"}],"replies":[{"embeddable":true,"href":"https:\/\/www.achimbrueckner.de\/dxradio\/php\/wordpress\/index.php?rest_route=%2Fwp%2Fv2%2Fcomments&post=3322"}],"version-history":[{"count":0,"href":"https:\/\/www.achimbrueckner.de\/dxradio\/php\/wordpress\/index.php?rest_route=\/wp\/v2\/posts\/3322\/revisions"}],"wp:attachment":[{"href":"https:\/\/www.achimbrueckner.de\/dxradio\/php\/wordpress\/index.php?rest_route=%2Fwp%2Fv2%2Fmedia&parent=3322"}],"wp:term":[{"taxonomy":"category","embeddable":true,"href":"https:\/\/www.achimbrueckner.de\/dxradio\/php\/wordpress\/index.php?rest_route=%2Fwp%2Fv2%2Fcategories&post=3322"},{"taxonomy":"post_tag","embeddable":true,"href":"https:\/\/www.achimbrueckner.de\/dxradio\/php\/wordpress\/index.php?rest_route=%2Fwp%2Fv2%2Ftags&post=3322"}],"curies":[{"name":"wp","href":"https:\/\/api.w.org\/{rel}","templated":true}]}}