{"id":33337,"date":"2021-08-14T16:30:48","date_gmt":"2021-08-14T16:30:48","guid":{"rendered":"https:\/\/www.achimbrueckner.de\/dxradio\/php\/wordpress\/?p=33337"},"modified":"2021-08-14T16:30:48","modified_gmt":"2021-08-14T16:30:48","slug":"fusball-bundesliga-bei-sportradio-deutschland","status":"publish","type":"post","link":"https:\/\/www.achimbrueckner.de\/dxradio\/php\/wordpress\/?p=33337","title":{"rendered":"Fu\u00dfball-Bundesliga bei Sportradio Deutschland"},"content":{"rendered":"<p><a href=\"https:\/\/www.smartphonefan.de\/2021\/08\/14\/fussball-bundesliga-bei-sportradio-deutschland\/\" rel=\"noopener\" target=\"_blank\">https:\/\/www.smartphonefan.de\/2021\/08\/14\/fussball-bundesliga-bei-sportradio-deutschland\/<\/a><\/p>\n","protected":false},"excerpt":{"rendered":"<p>https:\/\/www.smartphonefan.de\/2021\/08\/14\/fussball-bundesliga-bei-sportradio-deutschland\/<\/p>\n","protected":false},"author":1,"featured_media":0,"comment_status":"closed","ping_status":"open","sticky":false,"template":"","format":"standard","meta":{"_jetpack_memberships_contains_paid_content":false,"footnotes":"","jetpack_publicize_message":"","jetpack_publicize_feature_enabled":true,"jetpack_social_post_already_shared":true,"jetpack_social_options":{"image_generator_settings":{"template":"highway","default_image_id":0,"font":"","enabled":false},"version":2}},"categories":[1],"tags":[],"class_list":["post-33337","post","type-post","status-publish","format-standard","hentry","category-deutsch"],"jetpack_publicize_connections":[],"jetpack_featured_media_url":"","jetpack_sharing_enabled":true,"jetpack_shortlink":"https:\/\/wp.me\/p5CDmr-8FH","jetpack-related-posts":[{"id":33382,"url":"https:\/\/www.achimbrueckner.de\/dxradio\/php\/wordpress\/?p=33382","url_meta":{"origin":33337,"position":0},"title":"Test: Die Bundesliga bei Sportradio Deutschland","author":"Administrator","date":"August 19, 2021","format":false,"excerpt":"https:\/\/www.teltarif.de\/sportradio-deutschland-bundesliga-radio-dab-plus\/news\/85463.html","rel":"","context":"In &quot;Deutsch&quot;","block_context":{"text":"Deutsch","link":"https:\/\/www.achimbrueckner.de\/dxradio\/php\/wordpress\/?cat=1"},"img":{"alt_text":"","src":"","width":0,"height":0},"classes":[]},{"id":33271,"url":"https:\/\/www.achimbrueckner.de\/dxradio\/php\/wordpress\/?p=33271","url_meta":{"origin":33337,"position":1},"title":"Rechte-Hammer: DFB-Pokal bei Sportradio Deutschland und Sportschau Live","author":"Administrator","date":"August 7, 2021","format":false,"excerpt":"https:\/\/www.smartphonefan.de\/2021\/08\/07\/rechte-hammer-dfb-pokal-bei-sportradio-deutschland-und-sportschau-live\/","rel":"","context":"In &quot;Deutsch&quot;","block_context":{"text":"Deutsch","link":"https:\/\/www.achimbrueckner.de\/dxradio\/php\/wordpress\/?cat=1"},"img":{"alt_text":"","src":"","width":0,"height":0},"classes":[]},{"id":32864,"url":"https:\/\/www.achimbrueckner.de\/dxradio\/php\/wordpress\/?p=32864","url_meta":{"origin":33337,"position":2},"title":"UEFA Euro 2020: Auftakt bei MagentaTV und Sportradio Deutschland","author":"Administrator","date":"June 13, 2021","format":false,"excerpt":"https:\/\/www.smartphonefan.de\/2021\/06\/12\/uefa-euro-2020-auftakt-bei-magentatv-und-sportradio-deutschland\/","rel":"","context":"In &quot;Deutsch&quot;","block_context":{"text":"Deutsch","link":"https:\/\/www.achimbrueckner.de\/dxradio\/php\/wordpress\/?cat=1"},"img":{"alt_text":"","src":"","width":0,"height":0},"classes":[]},{"id":37110,"url":"https:\/\/www.achimbrueckner.de\/dxradio\/php\/wordpress\/?p=37110","url_meta":{"origin":33337,"position":3},"title":"SPORTRADIO DEUTSCHLAND holt Podcast \u00fcber Nachhaltigkeit im Fu\u00dfball ins Programm","author":"Administrator","date":"July 27, 2022","format":false,"excerpt":"https:\/\/www.radiowoche.de\/sportradio-deutschland-holt-podcast-ueber-nachhaltigkeit-im-fussball-ins-programm\/","rel":"","context":"In &quot;Deutsch&quot;","block_context":{"text":"Deutsch","link":"https:\/\/www.achimbrueckner.de\/dxradio\/php\/wordpress\/?cat=1"},"img":{"alt_text":"","src":"","width":0,"height":0},"classes":[]},{"id":21037,"url":"https:\/\/www.achimbrueckner.de\/dxradio\/php\/wordpress\/?p=21037","url_meta":{"origin":33337,"position":4},"title":"Fu\u00dfball-Bundesliga Der Selbstbetrug bei den Zuschauerzahlen","author":"Administrator","date":"January 21, 2019","format":false,"excerpt":"https:\/\/www.deutschlandfunk.de\/fussball-bundesliga-der-selbstbetrug-bei-den-zuschauerzahlen.1346.de.html?dram:article_id=438805","rel":"","context":"In &quot;Deutsch&quot;","block_context":{"text":"Deutsch","link":"https:\/\/www.achimbrueckner.de\/dxradio\/php\/wordpress\/?cat=1"},"img":{"alt_text":"","src":"","width":0,"height":0},"classes":[]},{"id":32589,"url":"https:\/\/www.achimbrueckner.de\/dxradio\/php\/wordpress\/?p=32589","url_meta":{"origin":33337,"position":5},"title":"Endlich: ARD nennt Streaming-Pl\u00e4ne f\u00fcr Fu\u00dfball-Bundesliga","author":"Administrator","date":"April 29, 2021","format":false,"excerpt":"https:\/\/www.smartphonefan.de\/2021\/04\/29\/endlich-ard-nennt-streaming-plaene-fuer-fussball-bundesliga\/","rel":"","context":"In &quot;Deutsch&quot;","block_context":{"text":"Deutsch","link":"https:\/\/www.achimbrueckner.de\/dxradio\/php\/wordpress\/?cat=1"},"img":{"alt_text":"","src":"","width":0,"height":0},"classes":[]}],"_links":{"self":[{"href":"https:\/\/www.achimbrueckner.de\/dxradio\/php\/wordpress\/index.php?rest_route=\/wp\/v2\/posts\/33337","targetHints":{"allow":["GET"]}}],"collection":[{"href":"https:\/\/www.achimbrueckner.de\/dxradio\/php\/wordpress\/index.php?rest_route=\/wp\/v2\/posts"}],"about":[{"href":"https:\/\/www.achimbrueckner.de\/dxradio\/php\/wordpress\/index.php?rest_route=\/wp\/v2\/types\/post"}],"author":[{"embeddable":true,"href":"https:\/\/www.achimbrueckner.de\/dxradio\/php\/wordpress\/index.php?rest_route=\/wp\/v2\/users\/1"}],"replies":[{"embeddable":true,"href":"https:\/\/www.achimbrueckner.de\/dxradio\/php\/wordpress\/index.php?rest_route=%2Fwp%2Fv2%2Fcomments&post=33337"}],"version-history":[{"count":0,"href":"https:\/\/www.achimbrueckner.de\/dxradio\/php\/wordpress\/index.php?rest_route=\/wp\/v2\/posts\/33337\/revisions"}],"wp:attachment":[{"href":"https:\/\/www.achimbrueckner.de\/dxradio\/php\/wordpress\/index.php?rest_route=%2Fwp%2Fv2%2Fmedia&parent=33337"}],"wp:term":[{"taxonomy":"category","embeddable":true,"href":"https:\/\/www.achimbrueckner.de\/dxradio\/php\/wordpress\/index.php?rest_route=%2Fwp%2Fv2%2Fcategories&post=33337"},{"taxonomy":"post_tag","embeddable":true,"href":"https:\/\/www.achimbrueckner.de\/dxradio\/php\/wordpress\/index.php?rest_route=%2Fwp%2Fv2%2Ftags&post=33337"}],"curies":[{"name":"wp","href":"https:\/\/api.w.org\/{rel}","templated":true}]}}