{"id":33459,"date":"2021-08-29T16:10:05","date_gmt":"2021-08-29T16:10:05","guid":{"rendered":"https:\/\/www.achimbrueckner.de\/dxradio\/php\/wordpress\/?p=33459"},"modified":"2021-08-29T16:10:05","modified_gmt":"2021-08-29T16:10:05","slug":"kommt-nach-der-rock-antenne-die-oldie-antenne","status":"publish","type":"post","link":"https:\/\/www.achimbrueckner.de\/dxradio\/php\/wordpress\/?p=33459","title":{"rendered":"Kommt nach der Rock Antenne die Oldie Antenne?"},"content":{"rendered":"<p><a href=\"https:\/\/www.smartphonefan.de\/2021\/08\/29\/kommt-nach-der-rock-antenne-die-oldie-antenne\/\" rel=\"noopener\" target=\"_blank\">https:\/\/www.smartphonefan.de\/2021\/08\/29\/kommt-nach-der-rock-antenne-die-oldie-antenne\/<\/a><\/p>\n","protected":false},"excerpt":{"rendered":"<p>https:\/\/www.smartphonefan.de\/2021\/08\/29\/kommt-nach-der-rock-antenne-die-oldie-antenne\/<\/p>\n","protected":false},"author":1,"featured_media":0,"comment_status":"closed","ping_status":"open","sticky":false,"template":"","format":"standard","meta":{"_jetpack_memberships_contains_paid_content":false,"footnotes":"","jetpack_publicize_message":"","jetpack_publicize_feature_enabled":true,"jetpack_social_post_already_shared":true,"jetpack_social_options":{"image_generator_settings":{"template":"highway","default_image_id":0,"font":"","enabled":false},"version":2}},"categories":[1],"tags":[],"class_list":["post-33459","post","type-post","status-publish","format-standard","hentry","category-deutsch"],"jetpack_publicize_connections":[],"jetpack_featured_media_url":"","jetpack_sharing_enabled":true,"jetpack_shortlink":"https:\/\/wp.me\/p5CDmr-8HF","jetpack-related-posts":[{"id":35304,"url":"https:\/\/www.achimbrueckner.de\/dxradio\/php\/wordpress\/?p=35304","url_meta":{"origin":33459,"position":0},"title":"So entt\u00e4uschend ist der Empfang der Oldie Antenne in der Wetterau","author":"Administrator","date":"March 22, 2022","format":false,"excerpt":"https:\/\/www.smartphonefan.de\/2022\/03\/22\/so-enttaeuschend-ist-der-empfang-der-oldie-antenne-in-der-wetterau\/","rel":"","context":"In &quot;Deutsch&quot;","block_context":{"text":"Deutsch","link":"https:\/\/www.achimbrueckner.de\/dxradio\/php\/wordpress\/?cat=1"},"img":{"alt_text":"","src":"","width":0,"height":0},"classes":[]},{"id":19174,"url":"https:\/\/www.achimbrueckner.de\/dxradio\/php\/wordpress\/?p=19174","url_meta":{"origin":33459,"position":1},"title":"Nach Start der Rock Antenne: Drei Rockradios in Hessen","author":"Administrator","date":"September 15, 2018","format":false,"excerpt":"https:\/\/www.smartphonefan.de\/2018\/09\/15\/nach-start-der-rock-antenne-drei-rockradios-in-hessen\/","rel":"","context":"In &quot;Deutsch&quot;","block_context":{"text":"Deutsch","link":"https:\/\/www.achimbrueckner.de\/dxradio\/php\/wordpress\/?cat=1"},"img":{"alt_text":"","src":"","width":0,"height":0},"classes":[]},{"id":39948,"url":"https:\/\/www.achimbrueckner.de\/dxradio\/php\/wordpress\/?p=39948","url_meta":{"origin":33459,"position":2},"title":"H\u00f6rerservice best\u00e4tigt: Antenne Bayern \u00fcbernimmt regionale DAB+-Sendepl\u00e4tze der Oldie Antenne","author":"Administrator","date":"August 2, 2023","format":false,"excerpt":"https:\/\/www.radioblog.eu\/2023\/08\/01\/antenne-bayern-uebernimmt-regionale-dab-sendeplaetze-der-oldie-antenne\/","rel":"","context":"In &quot;Deutsch&quot;","block_context":{"text":"Deutsch","link":"https:\/\/www.achimbrueckner.de\/dxradio\/php\/wordpress\/?cat=1"},"img":{"alt_text":"","src":"","width":0,"height":0},"classes":[]},{"id":33429,"url":"https:\/\/www.achimbrueckner.de\/dxradio\/php\/wordpress\/?p=33429","url_meta":{"origin":33459,"position":3},"title":"Rock Antenne &#038; Rock Antenne Bayern: So klappt die automatische Umschaltung","author":"Administrator","date":"August 25, 2021","format":false,"excerpt":"https:\/\/www.smartphonefan.de\/2021\/08\/25\/rock-antenne-rock-antenne-bayern-so-klappt-die-automatische-umschaltung\/","rel":"","context":"In &quot;Deutsch&quot;","block_context":{"text":"Deutsch","link":"https:\/\/www.achimbrueckner.de\/dxradio\/php\/wordpress\/?cat=1"},"img":{"alt_text":"","src":"","width":0,"height":0},"classes":[]},{"id":33888,"url":"https:\/\/www.achimbrueckner.de\/dxradio\/php\/wordpress\/?p=33888","url_meta":{"origin":33459,"position":4},"title":"Gr\u00fcnes Licht f\u00fcr Oldie Antenne","author":"Administrator","date":"October 27, 2021","format":false,"excerpt":"https:\/\/www.smartphonefan.de\/2021\/10\/26\/gruenes-licht-fuer-oldie-antenne\/","rel":"","context":"In &quot;Deutsch&quot;","block_context":{"text":"Deutsch","link":"https:\/\/www.achimbrueckner.de\/dxradio\/php\/wordpress\/?cat=1"},"img":{"alt_text":"","src":"","width":0,"height":0},"classes":[]},{"id":32782,"url":"https:\/\/www.achimbrueckner.de\/dxradio\/php\/wordpress\/?p=32782","url_meta":{"origin":33459,"position":5},"title":"Mux-Wechsel bei der Rock Antenne: So geht\u2019s","author":"Administrator","date":"May 29, 2021","format":false,"excerpt":"https:\/\/www.smartphonefan.de\/2021\/05\/29\/mux-wechsel-bei-der-rock-antenne-so-gehts\/","rel":"","context":"In &quot;Deutsch&quot;","block_context":{"text":"Deutsch","link":"https:\/\/www.achimbrueckner.de\/dxradio\/php\/wordpress\/?cat=1"},"img":{"alt_text":"","src":"","width":0,"height":0},"classes":[]}],"_links":{"self":[{"href":"https:\/\/www.achimbrueckner.de\/dxradio\/php\/wordpress\/index.php?rest_route=\/wp\/v2\/posts\/33459","targetHints":{"allow":["GET"]}}],"collection":[{"href":"https:\/\/www.achimbrueckner.de\/dxradio\/php\/wordpress\/index.php?rest_route=\/wp\/v2\/posts"}],"about":[{"href":"https:\/\/www.achimbrueckner.de\/dxradio\/php\/wordpress\/index.php?rest_route=\/wp\/v2\/types\/post"}],"author":[{"embeddable":true,"href":"https:\/\/www.achimbrueckner.de\/dxradio\/php\/wordpress\/index.php?rest_route=\/wp\/v2\/users\/1"}],"replies":[{"embeddable":true,"href":"https:\/\/www.achimbrueckner.de\/dxradio\/php\/wordpress\/index.php?rest_route=%2Fwp%2Fv2%2Fcomments&post=33459"}],"version-history":[{"count":0,"href":"https:\/\/www.achimbrueckner.de\/dxradio\/php\/wordpress\/index.php?rest_route=\/wp\/v2\/posts\/33459\/revisions"}],"wp:attachment":[{"href":"https:\/\/www.achimbrueckner.de\/dxradio\/php\/wordpress\/index.php?rest_route=%2Fwp%2Fv2%2Fmedia&parent=33459"}],"wp:term":[{"taxonomy":"category","embeddable":true,"href":"https:\/\/www.achimbrueckner.de\/dxradio\/php\/wordpress\/index.php?rest_route=%2Fwp%2Fv2%2Fcategories&post=33459"},{"taxonomy":"post_tag","embeddable":true,"href":"https:\/\/www.achimbrueckner.de\/dxradio\/php\/wordpress\/index.php?rest_route=%2Fwp%2Fv2%2Ftags&post=33459"}],"curies":[{"name":"wp","href":"https:\/\/api.w.org\/{rel}","templated":true}]}}