{"id":3346,"date":"2014-07-22T08:38:45","date_gmt":"2014-07-22T08:38:45","guid":{"rendered":"https:\/\/www.achimbrueckner.de\/dxradio\/php\/wordpress\/?p=3346"},"modified":"2014-07-22T08:38:45","modified_gmt":"2014-07-22T08:38:45","slug":"unbekanntes-digitalradio-viele-horer-mussen-dab-erst-noch-entdecken","status":"publish","type":"post","link":"https:\/\/www.achimbrueckner.de\/dxradio\/php\/wordpress\/?p=3346","title":{"rendered":"Unbekanntes Digitalradio: Viele H\u00f6rer m\u00fcssen DAB+ erst noch entdecken"},"content":{"rendered":"<p><a href=\"http:\/\/www.heise.de\/newsticker\/meldung\/Unbekanntes-Digitalradio-Viele-Hoerer-muessen-DAB-erst-noch-entdecken-2264218.html?wt_mc=sm.feed.tw.ho\" target=\"_blank\">http:\/\/www.heise.de\/newsticker\/meldung\/Unbekanntes-Digitalradio-Viele-Hoerer-muessen-DAB-erst-noch-entdecken-2264218.html<\/a><\/p>\n","protected":false},"excerpt":{"rendered":"<p>http:\/\/www.heise.de\/newsticker\/meldung\/Unbekanntes-Digitalradio-Viele-Hoerer-muessen-DAB-erst-noch-entdecken-2264218.html<\/p>\n","protected":false},"author":1,"featured_media":0,"comment_status":"open","ping_status":"open","sticky":false,"template":"","format":"standard","meta":{"_jetpack_memberships_contains_paid_content":false,"footnotes":"","jetpack_publicize_message":"","jetpack_publicize_feature_enabled":true,"jetpack_social_post_already_shared":false,"jetpack_social_options":{"image_generator_settings":{"template":"highway","default_image_id":0,"font":"","enabled":false},"version":2}},"categories":[1],"tags":[31,32],"class_list":["post-3346","post","type-post","status-publish","format-standard","hentry","category-deutsch","tag-dab","tag-digitalradio"],"jetpack_publicize_connections":[],"jetpack_featured_media_url":"","jetpack_sharing_enabled":true,"jetpack_shortlink":"https:\/\/wp.me\/p5CDmr-RY","jetpack-related-posts":[{"id":32377,"url":"https:\/\/www.achimbrueckner.de\/dxradio\/php\/wordpress\/?p=32377","url_meta":{"origin":3346,"position":0},"title":"DAB-Digitalradio im Auto hat viele Vorteile: So g\u00fcnstig ist das Nachr\u00fcsten \u00e4lterer Fahrzeuge","author":"Administrator","date":"March 30, 2021","format":false,"excerpt":"https:\/\/www.hna.de\/auto\/dab-digitalradio-fahrer-vorteile-preis-nachruestung-alter-fahrzeug-technik-adapter-empfang-koeln-zr-90272754.html","rel":"","context":"In &quot;Deutsch&quot;","block_context":{"text":"Deutsch","link":"https:\/\/www.achimbrueckner.de\/dxradio\/php\/wordpress\/?cat=1"},"img":{"alt_text":"","src":"","width":0,"height":0},"classes":[]},{"id":17588,"url":"https:\/\/www.achimbrueckner.de\/dxradio\/php\/wordpress\/?p=17588","url_meta":{"origin":3346,"position":1},"title":"Bayern: Neue Netze und viele neue Programme auf DAB+","author":"Administrator","date":"May 2, 2018","format":false,"excerpt":"https:\/\/www.teltarif.de\/dab-plus-radio-digitalradio-bayern\/news\/72489.html","rel":"","context":"In &quot;Deutsch&quot;","block_context":{"text":"Deutsch","link":"https:\/\/www.achimbrueckner.de\/dxradio\/php\/wordpress\/?cat=1"},"img":{"alt_text":"","src":"","width":0,"height":0},"classes":[]},{"id":25886,"url":"https:\/\/www.achimbrueckner.de\/dxradio\/php\/wordpress\/?p=25886","url_meta":{"origin":3346,"position":2},"title":"Wie die Politik dem Digitalradio doch noch zum Durchbruch verhelfen k\u00f6nnte","author":"Administrator","date":"November 22, 2019","format":false,"excerpt":"https:\/\/www.horizont.net\/medien\/nachrichten\/dab-wie-die-politik-dem-digitalradio-doch-noch-zum-durchbruch-verhelfen-koennte-179051","rel":"","context":"In &quot;Deutsch&quot;","block_context":{"text":"Deutsch","link":"https:\/\/www.achimbrueckner.de\/dxradio\/php\/wordpress\/?cat=1"},"img":{"alt_text":"","src":"","width":0,"height":0},"classes":[]},{"id":11484,"url":"https:\/\/www.achimbrueckner.de\/dxradio\/php\/wordpress\/?p=11484","url_meta":{"origin":3346,"position":3},"title":"DAB+ IN 2016 SO STARK WIE NOCH NIE \/\/ SPITZENVERK\u00c4UFE BEI DAB+ RADIOS \/\/ NETZAUSBAU SORGT F\u00dcR ZUS\u00c4TZLICHE PROGRAMMVIELFALT","author":"Administrator","date":"December 22, 2016","format":false,"excerpt":"http:\/\/digitalradio.de\/index.php\/de\/pressebereich-downloads-zum-digitalradio\/item\/dab-in-2016-so-stark-wie-noch-nie-spitzenverkaeufe-bei-dab-radios-netzausbau-sorgt-fuer-zusaetzliche-programmvielfalt","rel":"","context":"In &quot;Deutsch&quot;","block_context":{"text":"Deutsch","link":"https:\/\/www.achimbrueckner.de\/dxradio\/php\/wordpress\/?cat=1"},"img":{"alt_text":"","src":"","width":0,"height":0},"classes":[]},{"id":40534,"url":"https:\/\/www.achimbrueckner.de\/dxradio\/php\/wordpress\/?p=40534","url_meta":{"origin":3346,"position":4},"title":"Bev\u00f6lkerungswarnung: Viele DAB+-Radios werden EWS-f\u00e4hig","author":"Administrator","date":"November 21, 2023","format":false,"excerpt":"https:\/\/www.teltarif.de\/frontier-ews-digitalradio-dab-plus\/news\/93749.html","rel":"","context":"In &quot;Deutsch&quot;","block_context":{"text":"Deutsch","link":"https:\/\/www.achimbrueckner.de\/dxradio\/php\/wordpress\/?cat=1"},"img":{"alt_text":"","src":"","width":0,"height":0},"classes":[]},{"id":1657,"url":"https:\/\/www.achimbrueckner.de\/dxradio\/php\/wordpress\/?p=1657","url_meta":{"origin":3346,"position":5},"title":"Digitalradio-Liveticker +++ DAB+Start in Deutschland","author":"Administrator","date":"July 14, 2011","format":false,"excerpt":"Digitalradio-Liveticker +++ DAB+Start in Deutschland http:\/\/www.radiowoche.de\/meldungen\/1\/10702\/digitalradio-liveticker-dab-start-in-deutschland\/","rel":"","context":"In &quot;Deutsch&quot;","block_context":{"text":"Deutsch","link":"https:\/\/www.achimbrueckner.de\/dxradio\/php\/wordpress\/?cat=1"},"img":{"alt_text":"","src":"","width":0,"height":0},"classes":[]}],"_links":{"self":[{"href":"https:\/\/www.achimbrueckner.de\/dxradio\/php\/wordpress\/index.php?rest_route=\/wp\/v2\/posts\/3346","targetHints":{"allow":["GET"]}}],"collection":[{"href":"https:\/\/www.achimbrueckner.de\/dxradio\/php\/wordpress\/index.php?rest_route=\/wp\/v2\/posts"}],"about":[{"href":"https:\/\/www.achimbrueckner.de\/dxradio\/php\/wordpress\/index.php?rest_route=\/wp\/v2\/types\/post"}],"author":[{"embeddable":true,"href":"https:\/\/www.achimbrueckner.de\/dxradio\/php\/wordpress\/index.php?rest_route=\/wp\/v2\/users\/1"}],"replies":[{"embeddable":true,"href":"https:\/\/www.achimbrueckner.de\/dxradio\/php\/wordpress\/index.php?rest_route=%2Fwp%2Fv2%2Fcomments&post=3346"}],"version-history":[{"count":0,"href":"https:\/\/www.achimbrueckner.de\/dxradio\/php\/wordpress\/index.php?rest_route=\/wp\/v2\/posts\/3346\/revisions"}],"wp:attachment":[{"href":"https:\/\/www.achimbrueckner.de\/dxradio\/php\/wordpress\/index.php?rest_route=%2Fwp%2Fv2%2Fmedia&parent=3346"}],"wp:term":[{"taxonomy":"category","embeddable":true,"href":"https:\/\/www.achimbrueckner.de\/dxradio\/php\/wordpress\/index.php?rest_route=%2Fwp%2Fv2%2Fcategories&post=3346"},{"taxonomy":"post_tag","embeddable":true,"href":"https:\/\/www.achimbrueckner.de\/dxradio\/php\/wordpress\/index.php?rest_route=%2Fwp%2Fv2%2Ftags&post=3346"}],"curies":[{"name":"wp","href":"https:\/\/api.w.org\/{rel}","templated":true}]}}