{"id":33466,"date":"2021-08-30T16:28:33","date_gmt":"2021-08-30T16:28:33","guid":{"rendered":"https:\/\/www.achimbrueckner.de\/dxradio\/php\/wordpress\/?p=33466"},"modified":"2021-08-30T16:28:33","modified_gmt":"2021-08-30T16:28:33","slug":"neuer-sound-bei-mdr-aktuell-jamxmusic-produziert-neues-custom-sound-paket","status":"publish","type":"post","link":"https:\/\/www.achimbrueckner.de\/dxradio\/php\/wordpress\/?p=33466","title":{"rendered":"Neuer Sound bei MDR AKTUELL: jamXmusic produziert neues custom Sound Paket"},"content":{"rendered":"<p><a href=\"https:\/\/www.radioszene.de\/157158\/mdr-aktuell-jamxmusic-2021.html\" rel=\"noopener\" target=\"_blank\">https:\/\/www.radioszene.de\/157158\/mdr-aktuell-jamxmusic-2021.html<\/a><\/p>\n","protected":false},"excerpt":{"rendered":"<p>https:\/\/www.radioszene.de\/157158\/mdr-aktuell-jamxmusic-2021.html<\/p>\n","protected":false},"author":1,"featured_media":0,"comment_status":"closed","ping_status":"open","sticky":false,"template":"","format":"standard","meta":{"_jetpack_memberships_contains_paid_content":false,"footnotes":"","jetpack_publicize_message":"","jetpack_publicize_feature_enabled":true,"jetpack_social_post_already_shared":true,"jetpack_social_options":{"image_generator_settings":{"template":"highway","default_image_id":0,"font":"","enabled":false},"version":2}},"categories":[1],"tags":[],"class_list":["post-33466","post","type-post","status-publish","format-standard","hentry","category-deutsch"],"jetpack_publicize_connections":[],"jetpack_featured_media_url":"","jetpack_sharing_enabled":true,"jetpack_shortlink":"https:\/\/wp.me\/p5CDmr-8HM","jetpack-related-posts":[{"id":42932,"url":"https:\/\/www.achimbrueckner.de\/dxradio\/php\/wordpress\/?p=42932","url_meta":{"origin":33466,"position":0},"title":"Neues Klangbild f\u00fcr MDR SACHSEN-ANHALT \u2013 Ein Branding-Paket mit Seele und Zeitgeist","author":"Administrator","date":"June 2, 2025","format":false,"excerpt":"https:\/\/www.radioszene.de\/203180\/jamxmusic-mdr-sachsen-anhalt-jingles.html","rel":"","context":"In &quot;Deutsch&quot;","block_context":{"text":"Deutsch","link":"https:\/\/www.achimbrueckner.de\/dxradio\/php\/wordpress\/?cat=1"},"img":{"alt_text":"","src":"","width":0,"height":0},"classes":[]},{"id":19854,"url":"https:\/\/www.achimbrueckner.de\/dxradio\/php\/wordpress\/?p=19854","url_meta":{"origin":33466,"position":1},"title":"MDR JUMP setzt auch zuk\u00fcnftig auf jamXmusic!","author":"Administrator","date":"October 30, 2018","format":false,"excerpt":"https:\/\/www.radioszene.de\/127274\/mdr-jump-jingles-jamxmusic.html","rel":"","context":"In &quot;Deutsch&quot;","block_context":{"text":"Deutsch","link":"https:\/\/www.achimbrueckner.de\/dxradio\/php\/wordpress\/?cat=1"},"img":{"alt_text":"","src":"","width":0,"height":0},"classes":[]},{"id":24218,"url":"https:\/\/www.achimbrueckner.de\/dxradio\/php\/wordpress\/?p=24218","url_meta":{"origin":33466,"position":2},"title":"Antenne Niedersachsen mit neuem Sound Update von jamXmusic","author":"Administrator","date":"August 13, 2019","format":false,"excerpt":"https:\/\/www.radioszene.de\/135616\/antenne-niedersachsen-jamxmusic-jingles.html","rel":"","context":"In &quot;Deutsch&quot;","block_context":{"text":"Deutsch","link":"https:\/\/www.achimbrueckner.de\/dxradio\/php\/wordpress\/?cat=1"},"img":{"alt_text":"","src":"","width":0,"height":0},"classes":[]},{"id":44941,"url":"https:\/\/www.achimbrueckner.de\/dxradio\/php\/wordpress\/?p=44941","url_meta":{"origin":33466,"position":3},"title":"MDR JUMP: Neues Sound Branding f\u00fcr neue Morningshow \u201eGuten Morgen Familie\u201c","author":"Administrator","date":"February 2, 2026","format":false,"excerpt":"https:\/\/www.radioszene.de\/210948\/mdr-jump-guten-morgen-familie.html","rel":"","context":"In &quot;Deutsch&quot;","block_context":{"text":"Deutsch","link":"https:\/\/www.achimbrueckner.de\/dxradio\/php\/wordpress\/?cat=1"},"img":{"alt_text":"","src":"","width":0,"height":0},"classes":[]},{"id":41596,"url":"https:\/\/www.achimbrueckner.de\/dxradio\/php\/wordpress\/?p=41596","url_meta":{"origin":33466,"position":4},"title":"Medienrechtler Gersdorf: MDR h\u00e4tte von H\u00f6cke doch etwas zu f\u00fcrchten","author":"Administrator","date":"August 16, 2024","format":false,"excerpt":"https:\/\/www.faz.net\/aktuell\/feuilleton\/medien\/bjoern-hoecke-koennte-mdr-kuendigen-medienrechtler-im-interview-19921770.html","rel":"","context":"In &quot;Deutsch&quot;","block_context":{"text":"Deutsch","link":"https:\/\/www.achimbrueckner.de\/dxradio\/php\/wordpress\/?cat=1"},"img":{"alt_text":"","src":"","width":0,"height":0},"classes":[]},{"id":34427,"url":"https:\/\/www.achimbrueckner.de\/dxradio\/php\/wordpress\/?p=34427","url_meta":{"origin":33466,"position":5},"title":"Podcast-Sonntag: \u201eMDR AKTUELL \u2013 Das Nachrichtenradio\u201c b\u00fcndelt vertiefende Inhalte","author":"Administrator","date":"January 16, 2022","format":false,"excerpt":"https:\/\/www.radiowoche.de\/podcast-sonntag-mdr-aktuell-das-nachrichtenradio-buendelt-vertiefende-inhalte\/","rel":"","context":"In &quot;Deutsch&quot;","block_context":{"text":"Deutsch","link":"https:\/\/www.achimbrueckner.de\/dxradio\/php\/wordpress\/?cat=1"},"img":{"alt_text":"","src":"","width":0,"height":0},"classes":[]}],"_links":{"self":[{"href":"https:\/\/www.achimbrueckner.de\/dxradio\/php\/wordpress\/index.php?rest_route=\/wp\/v2\/posts\/33466","targetHints":{"allow":["GET"]}}],"collection":[{"href":"https:\/\/www.achimbrueckner.de\/dxradio\/php\/wordpress\/index.php?rest_route=\/wp\/v2\/posts"}],"about":[{"href":"https:\/\/www.achimbrueckner.de\/dxradio\/php\/wordpress\/index.php?rest_route=\/wp\/v2\/types\/post"}],"author":[{"embeddable":true,"href":"https:\/\/www.achimbrueckner.de\/dxradio\/php\/wordpress\/index.php?rest_route=\/wp\/v2\/users\/1"}],"replies":[{"embeddable":true,"href":"https:\/\/www.achimbrueckner.de\/dxradio\/php\/wordpress\/index.php?rest_route=%2Fwp%2Fv2%2Fcomments&post=33466"}],"version-history":[{"count":0,"href":"https:\/\/www.achimbrueckner.de\/dxradio\/php\/wordpress\/index.php?rest_route=\/wp\/v2\/posts\/33466\/revisions"}],"wp:attachment":[{"href":"https:\/\/www.achimbrueckner.de\/dxradio\/php\/wordpress\/index.php?rest_route=%2Fwp%2Fv2%2Fmedia&parent=33466"}],"wp:term":[{"taxonomy":"category","embeddable":true,"href":"https:\/\/www.achimbrueckner.de\/dxradio\/php\/wordpress\/index.php?rest_route=%2Fwp%2Fv2%2Fcategories&post=33466"},{"taxonomy":"post_tag","embeddable":true,"href":"https:\/\/www.achimbrueckner.de\/dxradio\/php\/wordpress\/index.php?rest_route=%2Fwp%2Fv2%2Ftags&post=33466"}],"curies":[{"name":"wp","href":"https:\/\/api.w.org\/{rel}","templated":true}]}}