{"id":33504,"date":"2021-09-04T18:25:10","date_gmt":"2021-09-04T18:25:10","guid":{"rendered":"https:\/\/www.achimbrueckner.de\/dxradio\/php\/wordpress\/?p=33504"},"modified":"2021-09-04T18:25:10","modified_gmt":"2021-09-04T18:25:10","slug":"rigorose-politik-china-verbietet-talentshows","status":"publish","type":"post","link":"https:\/\/www.achimbrueckner.de\/dxradio\/php\/wordpress\/?p=33504","title":{"rendered":"Rigorose Politik: China verbietet Talentshows"},"content":{"rendered":"<p><a href=\"https:\/\/www.dwdl.de\/nachrichten\/84315\/rigorose_politik_china_verbietet_talentshows_\/\" rel=\"noopener\" target=\"_blank\">https:\/\/www.dwdl.de\/nachrichten\/84315\/rigorose_politik_china_verbietet_talentshows_\/<\/a><\/p>\n","protected":false},"excerpt":{"rendered":"<p>https:\/\/www.dwdl.de\/nachrichten\/84315\/rigorose_politik_china_verbietet_talentshows_\/<\/p>\n","protected":false},"author":1,"featured_media":0,"comment_status":"closed","ping_status":"open","sticky":false,"template":"","format":"standard","meta":{"_jetpack_memberships_contains_paid_content":false,"footnotes":"","jetpack_publicize_message":"","jetpack_publicize_feature_enabled":true,"jetpack_social_post_already_shared":true,"jetpack_social_options":{"image_generator_settings":{"template":"highway","default_image_id":0,"font":"","enabled":false},"version":2}},"categories":[1],"tags":[],"class_list":["post-33504","post","type-post","status-publish","format-standard","hentry","category-deutsch"],"jetpack_publicize_connections":[],"jetpack_featured_media_url":"","jetpack_sharing_enabled":true,"jetpack_shortlink":"https:\/\/wp.me\/p5CDmr-8Io","jetpack-related-posts":[{"id":31962,"url":"https:\/\/www.achimbrueckner.de\/dxradio\/php\/wordpress\/?p=31962","url_meta":{"origin":33504,"position":0},"title":"China verbietet BBC World News","author":"Administrator","date":"February 11, 2021","format":false,"excerpt":"https:\/\/www.zeit.de\/politik\/ausland\/2021-02\/china-bbc-world-news-verbot-zensur-sperrung","rel":"","context":"In &quot;Deutsch&quot;","block_context":{"text":"Deutsch","link":"https:\/\/www.achimbrueckner.de\/dxradio\/php\/wordpress\/?cat=1"},"img":{"alt_text":"","src":"","width":0,"height":0},"classes":[]},{"id":16926,"url":"https:\/\/www.achimbrueckner.de\/dxradio\/php\/wordpress\/?p=16926","url_meta":{"origin":33504,"position":1},"title":"Finanzierung \u00fcber Steuern D\u00e4nemarks Politik schafft Rundfunkgeb\u00fchren ab","author":"Administrator","date":"March 16, 2018","format":false,"excerpt":"https:\/\/www.dwdl.de\/nachrichten\/66050\/dnemarks_politik_schafft_rundfunkgebhren_ab\/","rel":"","context":"In &quot;Deutsch&quot;","block_context":{"text":"Deutsch","link":"https:\/\/www.achimbrueckner.de\/dxradio\/php\/wordpress\/?cat=1"},"img":{"alt_text":"","src":"","width":0,"height":0},"classes":[]},{"id":19681,"url":"https:\/\/www.achimbrueckner.de\/dxradio\/php\/wordpress\/?p=19681","url_meta":{"origin":33504,"position":2},"title":"Politik d\u00fcrfte ARD\/ZDF mehr Info-Programm vorschreiben","author":"Administrator","date":"October 22, 2018","format":false,"excerpt":"https:\/\/www.dwdl.de\/nachrichten\/69381\/politik_duerfte_ardzdf_mehr_infoprogramm_vorschreiben\/","rel":"","context":"In &quot;Deutsch&quot;","block_context":{"text":"Deutsch","link":"https:\/\/www.achimbrueckner.de\/dxradio\/php\/wordpress\/?cat=1"},"img":{"alt_text":"","src":"","width":0,"height":0},"classes":[]},{"id":13843,"url":"https:\/\/www.achimbrueckner.de\/dxradio\/php\/wordpress\/?p=13843","url_meta":{"origin":33504,"position":3},"title":"STREIT UM SOMMERHIT Malaysia verbietet &#8220;Despacito&#8221;","author":"Administrator","date":"July 20, 2017","format":false,"excerpt":"https:\/\/www.deutschlandfunknova.de\/nachrichten\/streit-um-sommerhit-malaysia-verbietet-despacito","rel":"","context":"In &quot;Deutsch&quot;","block_context":{"text":"Deutsch","link":"https:\/\/www.achimbrueckner.de\/dxradio\/php\/wordpress\/?cat=1"},"img":{"alt_text":"","src":"","width":0,"height":0},"classes":[]},{"id":3768,"url":"https:\/\/www.achimbrueckner.de\/dxradio\/php\/wordpress\/?p=3768","url_meta":{"origin":33504,"position":4},"title":"&#8220;Die Politik nimmt die Deutsche Welle wieder ernst&#8221;","author":"Administrator","date":"November 18, 2014","format":false,"excerpt":"http:\/\/www.dwdl.de\/nachrichten\/48534\/die_politik_nimmt_die_deutsche_welle_wieder_ernst\/","rel":"","context":"In &quot;Deutsch&quot;","block_context":{"text":"Deutsch","link":"https:\/\/www.achimbrueckner.de\/dxradio\/php\/wordpress\/?cat=1"},"img":{"alt_text":"","src":"","width":0,"height":0},"classes":[]},{"id":31961,"url":"https:\/\/www.achimbrueckner.de\/dxradio\/php\/wordpress\/?p=31961","url_meta":{"origin":33504,"position":5},"title":"China verbietet BBC World News.","author":"Administrator","date":"February 11, 2021","format":false,"excerpt":"https:\/\/www.turi2.de\/aktuell\/china-verbietet-bbc-world-news\/","rel":"","context":"In &quot;Deutsch&quot;","block_context":{"text":"Deutsch","link":"https:\/\/www.achimbrueckner.de\/dxradio\/php\/wordpress\/?cat=1"},"img":{"alt_text":"","src":"","width":0,"height":0},"classes":[]}],"_links":{"self":[{"href":"https:\/\/www.achimbrueckner.de\/dxradio\/php\/wordpress\/index.php?rest_route=\/wp\/v2\/posts\/33504","targetHints":{"allow":["GET"]}}],"collection":[{"href":"https:\/\/www.achimbrueckner.de\/dxradio\/php\/wordpress\/index.php?rest_route=\/wp\/v2\/posts"}],"about":[{"href":"https:\/\/www.achimbrueckner.de\/dxradio\/php\/wordpress\/index.php?rest_route=\/wp\/v2\/types\/post"}],"author":[{"embeddable":true,"href":"https:\/\/www.achimbrueckner.de\/dxradio\/php\/wordpress\/index.php?rest_route=\/wp\/v2\/users\/1"}],"replies":[{"embeddable":true,"href":"https:\/\/www.achimbrueckner.de\/dxradio\/php\/wordpress\/index.php?rest_route=%2Fwp%2Fv2%2Fcomments&post=33504"}],"version-history":[{"count":0,"href":"https:\/\/www.achimbrueckner.de\/dxradio\/php\/wordpress\/index.php?rest_route=\/wp\/v2\/posts\/33504\/revisions"}],"wp:attachment":[{"href":"https:\/\/www.achimbrueckner.de\/dxradio\/php\/wordpress\/index.php?rest_route=%2Fwp%2Fv2%2Fmedia&parent=33504"}],"wp:term":[{"taxonomy":"category","embeddable":true,"href":"https:\/\/www.achimbrueckner.de\/dxradio\/php\/wordpress\/index.php?rest_route=%2Fwp%2Fv2%2Fcategories&post=33504"},{"taxonomy":"post_tag","embeddable":true,"href":"https:\/\/www.achimbrueckner.de\/dxradio\/php\/wordpress\/index.php?rest_route=%2Fwp%2Fv2%2Ftags&post=33504"}],"curies":[{"name":"wp","href":"https:\/\/api.w.org\/{rel}","templated":true}]}}