{"id":33616,"date":"2021-09-19T09:05:17","date_gmt":"2021-09-19T09:05:17","guid":{"rendered":"https:\/\/www.achimbrueckner.de\/dxradio\/php\/wordpress\/?p=33616"},"modified":"2021-09-19T09:05:17","modified_gmt":"2021-09-19T09:05:17","slug":"musikallee-6070-khz-20-september-2021","status":"publish","type":"post","link":"https:\/\/www.achimbrueckner.de\/dxradio\/php\/wordpress\/?p=33616","title":{"rendered":"Musikallee 6070 KHz 20 September 2021"},"content":{"rendered":"<p>Am Montag, dem 20. September gibt es auf 6070 kHz um 2100 CEST ein neues Programm: MUSIKALLEE. Die Macher w\u00fcrden sich sicher \u00fcber Empfangsberichte freuen:<br \/>\nqslmusikallee@gmail.com<br \/>\n<a href=\"https:\/\/www.channel292.de\/schedule-6070-khz\/\" rel=\"noopener\" target=\"_blank\">https:\/\/www.channel292.de\/schedule-6070-khz\/<\/a><\/p>\n","protected":false},"excerpt":{"rendered":"<p>Am Montag, dem 20. September gibt es auf 6070 kHz um 2100 CEST ein neues Programm: MUSIKALLEE. Die Macher w\u00fcrden sich sicher \u00fcber Empfangsberichte freuen: qslmusikallee@gmail.com https:\/\/www.channel292.de\/schedule-6070-khz\/<\/p>\n","protected":false},"author":1,"featured_media":0,"comment_status":"closed","ping_status":"open","sticky":false,"template":"","format":"standard","meta":{"_jetpack_memberships_contains_paid_content":false,"footnotes":"","jetpack_publicize_message":"","jetpack_publicize_feature_enabled":true,"jetpack_social_post_already_shared":true,"jetpack_social_options":{"image_generator_settings":{"template":"highway","default_image_id":0,"font":"","enabled":false},"version":2}},"categories":[1],"tags":[],"class_list":["post-33616","post","type-post","status-publish","format-standard","hentry","category-deutsch"],"jetpack_publicize_connections":[],"jetpack_featured_media_url":"","jetpack_sharing_enabled":true,"jetpack_shortlink":"https:\/\/wp.me\/p5CDmr-8Kc","jetpack-related-posts":[{"id":21419,"url":"https:\/\/www.achimbrueckner.de\/dxradio\/php\/wordpress\/?p=21419","url_meta":{"origin":33616,"position":0},"title":"QSL Card from Welle 370 on 6070 khz","author":"Administrator","date":"February 9, 2019","format":false,"excerpt":"https:\/\/germanydxermarco.music.blog\/2019\/02\/05\/qsl-card-from-welle-370-on-6070-khz\/","rel":"","context":"In &quot;dx&quot;","block_context":{"text":"dx","link":"https:\/\/www.achimbrueckner.de\/dxradio\/php\/wordpress\/?cat=14"},"img":{"alt_text":"","src":"","width":0,"height":0},"classes":[]},{"id":7657,"url":"https:\/\/www.achimbrueckner.de\/dxradio\/php\/wordpress\/?p=7657","url_meta":{"origin":33616,"position":1},"title":"MFSK32 data test 6070 Khz 17\/21 Utc 23rd of February 2016","author":"Administrator","date":"February 22, 2016","format":false,"excerpt":"Am Dienstag, 23. Februar, auf 6070 kHz um 18.00 und 21.00 Uhr MEZ ein Test-Radio-Amateur-Programm in MFSK32. Wer es empfangen und dekodieren kann, bitte Empfangsberichte schicken! On Tuesday, Febr. 23rd, on 6070 kHz at 17.00 and 20.00 UTC a test with a Ham-Radio program in MFSK32. If you can receive\u2026","rel":"","context":"In &quot;Deutsch&quot;","block_context":{"text":"Deutsch","link":"https:\/\/www.achimbrueckner.de\/dxradio\/php\/wordpress\/?cat=1"},"img":{"alt_text":"","src":"","width":0,"height":0},"classes":[]},{"id":20160,"url":"https:\/\/www.achimbrueckner.de\/dxradio\/php\/wordpress\/?p=20160","url_meta":{"origin":33616,"position":2},"title":"welle370 6070 Khz 4. Sonntag im Monat","author":"Administrator","date":"November 24, 2018","format":false,"excerpt":"Der Funkerberg ist zur\u00fcck auf der Kurzwelle! Ab sofort sendet welle370 jeden 4. Sonntag im Monat um 11:00 UTC (=12:00 Ortszeit) auf 6070 kHz. Wir freuen uns auf zahlreiche H\u00f6rerpost - wir lieben Postkarten!","rel":"","context":"In &quot;Deutsch&quot;","block_context":{"text":"Deutsch","link":"https:\/\/www.achimbrueckner.de\/dxradio\/php\/wordpress\/?cat=1"},"img":{"alt_text":"","src":"","width":0,"height":0},"classes":[]},{"id":38584,"url":"https:\/\/www.achimbrueckner.de\/dxradio\/php\/wordpress\/?p=38584","url_meta":{"origin":33616,"position":3},"title":"Goldrausch 6070 Khz eQSL","author":"Administrator","date":"January 14, 2023","format":false,"excerpt":"https:\/\/www.myradiowaves.com\/goldrausch-6070-eqsl\/3492\/","rel":"","context":"In &quot;English&quot;","block_context":{"text":"English","link":"https:\/\/www.achimbrueckner.de\/dxradio\/php\/wordpress\/?cat=2"},"img":{"alt_text":"","src":"","width":0,"height":0},"classes":[]},{"id":9077,"url":"https:\/\/www.achimbrueckner.de\/dxradio\/php\/wordpress\/?p=9077","url_meta":{"origin":33616,"position":4},"title":"SATzentrale DXer Magazin 6070 Khz 8.\/9. August 2016 2100 Utc","author":"Administrator","date":"August 8, 2016","format":false,"excerpt":"Achtung. Die 28. Ausgabe des SATzentrale DXer Magazin wird heute am 08.08. und am 09.08.2016 um 21 Uhr UTC (23 MESZ) auf Kurzwelle 6070 KHz ausgestrahlt. Empfangsberichte werden mit einer e-QSL Karte belohnt. Info via Facebook","rel":"","context":"In &quot;Deutsch&quot;","block_context":{"text":"Deutsch","link":"https:\/\/www.achimbrueckner.de\/dxradio\/php\/wordpress\/?cat=1"},"img":{"alt_text":"","src":"","width":0,"height":0},"classes":[]},{"id":34200,"url":"https:\/\/www.achimbrueckner.de\/dxradio\/php\/wordpress\/?p=34200","url_meta":{"origin":33616,"position":5},"title":"FMK Weihnachten 2021","author":"Administrator","date":"December 18, 2021","format":false,"excerpt":"Hallo liebe Radiofreunde, es wird dieses Jahr keinen DX-Marathon geben an dem sich FM Kompakt bzw. Radio Klein Paris beteiligen. Trotzdem habe ich mir etwas, einen kleinen Kontest, \u00fcberlegt. FM Kompakt hat in den Programmen von Partnerstationen jeweils einen Gru\u00df platziert und auch Musikw\u00fcnsche ge\u00e4u\u00dfert. Schaltet bitte folgende Programme ein\u2026","rel":"","context":"In &quot;Deutsch&quot;","block_context":{"text":"Deutsch","link":"https:\/\/www.achimbrueckner.de\/dxradio\/php\/wordpress\/?cat=1"},"img":{"alt_text":"","src":"","width":0,"height":0},"classes":[]}],"_links":{"self":[{"href":"https:\/\/www.achimbrueckner.de\/dxradio\/php\/wordpress\/index.php?rest_route=\/wp\/v2\/posts\/33616","targetHints":{"allow":["GET"]}}],"collection":[{"href":"https:\/\/www.achimbrueckner.de\/dxradio\/php\/wordpress\/index.php?rest_route=\/wp\/v2\/posts"}],"about":[{"href":"https:\/\/www.achimbrueckner.de\/dxradio\/php\/wordpress\/index.php?rest_route=\/wp\/v2\/types\/post"}],"author":[{"embeddable":true,"href":"https:\/\/www.achimbrueckner.de\/dxradio\/php\/wordpress\/index.php?rest_route=\/wp\/v2\/users\/1"}],"replies":[{"embeddable":true,"href":"https:\/\/www.achimbrueckner.de\/dxradio\/php\/wordpress\/index.php?rest_route=%2Fwp%2Fv2%2Fcomments&post=33616"}],"version-history":[{"count":0,"href":"https:\/\/www.achimbrueckner.de\/dxradio\/php\/wordpress\/index.php?rest_route=\/wp\/v2\/posts\/33616\/revisions"}],"wp:attachment":[{"href":"https:\/\/www.achimbrueckner.de\/dxradio\/php\/wordpress\/index.php?rest_route=%2Fwp%2Fv2%2Fmedia&parent=33616"}],"wp:term":[{"taxonomy":"category","embeddable":true,"href":"https:\/\/www.achimbrueckner.de\/dxradio\/php\/wordpress\/index.php?rest_route=%2Fwp%2Fv2%2Fcategories&post=33616"},{"taxonomy":"post_tag","embeddable":true,"href":"https:\/\/www.achimbrueckner.de\/dxradio\/php\/wordpress\/index.php?rest_route=%2Fwp%2Fv2%2Ftags&post=33616"}],"curies":[{"name":"wp","href":"https:\/\/api.w.org\/{rel}","templated":true}]}}